{"id":1254304,"date":"2023-05-30T20:55:57","date_gmt":"2023-05-31T01:55:57","guid":{"rendered":"https:\/\/www.acapulcopress.com\/?p=1254304"},"modified":"2023-05-30T20:55:57","modified_gmt":"2023-05-31T01:55:57","slug":"absuelven-a-abarca-de-desaparicion-de-normalistas","status":"publish","type":"post","link":"https:\/\/www.acapulcopress.com\/index.php\/2023\/05\/30\/absuelven-a-abarca-de-desaparicion-de-normalistas\/","title":{"rendered":"Absuelven a Abarca de desaparici\u00f3n de normalistas"},"content":{"rendered":"<p style=\"text-align: justify;\">CIUDAD DE M\u00c9XICO * 30 de mayo de 2023.<br \/>\n<em>) <a href=\"https:\/\/latinus.us\/2023\/05\/30\/tribunal-absuelve-jose-luis-abarca-desaparicion-normalistas-ayotzinapa\/\" target=\"_blank\" rel=\"noopener\">LatinUs<\/a><\/em><\/p>\n<p style=\"text-align: justify;\">El Tribunal Colegiado de Apelaci\u00f3n del D\u00e9cimo Noveno Circuito, con sede en Matamoros, Tamaulipas, absolvi\u00f3 al exalcalde de Iguala, Jos\u00e9 Luis Abarca Vel\u00e1zquez, por los delitos de delincuencia organizada y secuestro agravado de los 43 estudiantes desaparecidos de la Escuela Normal Rural de Ayotzinapa.<\/p>\n<p style=\"text-align: justify;\">La sentencia absolutoria se emiti\u00f3 este lunes y hoy fue notificada a las partes; adem\u00e1s del exalcalde, Felipe Flores Vel\u00e1zquez, quien fung\u00eda como titular de la Secretar\u00eda de Seguridad P\u00fablica de Iguala, as\u00ed como otros 18 implicados en el caso Ayotzinapa tambi\u00e9n fueron absueltos.<\/p>\n<p style=\"text-align: justify;\">En entrevista con Latinus, Alejandro Rojas Arellano, abogado de Abarca, detall\u00f3 que la sentencia absolutoria se determin\u00f3 por primera vez el 13 de septiembre del 2022 sobre la causa penal 66\/2015 \u2014la \u00fanica que se formul\u00f3 en contra del exalcalde por el caso Ayotzinapa\u2014, pero el Ministerio P\u00fablico de la Federaci\u00f3n interpuso un recurso de apelaci\u00f3n para revocarla. Asegur\u00f3 que esta sentencia ya es definitiva.<\/p>\n<p style=\"text-align: justify;\">El defensor explic\u00f3 que el Ministerio P\u00fablico no pudo demostrar que el juez se equivoc\u00f3 al absolver a Jos\u00e9 Luis Abarca.<\/p>\n<p style=\"text-align: justify;\">\u201cNunca se demostr\u00f3 que Jos\u00e9 Luis Abarca haya intervenido en la desaparici\u00f3n de los estudiantes y mucho menos que haya sido con motivo de alg\u00fan pedimento econ\u00f3mico o rescate, como se le conoce coloquialmente\u201d, dijo.<\/p>\n<p style=\"text-align: justify;\">En cuanto al delito de delincuencia organizada, el exalcalde fue acusado de ser miembro a \u201cGuerreros Unidos\u201d, pero no se acredit\u00f3 \u201cni la existencia del grupo delincuencial y mucho menos que Jos\u00e9 Luis Abarca perteneciera a ese grupo delincuencial\u201d.<\/p>\n<p style=\"text-align: justify;\">\u201cEl Tribunal Colegiado de Apelaci\u00f3n resolvi\u00f3 que no hay elementos que involucren a Jos\u00e9 Luis Abarca como un miembro de la delincuencia organizada ni tampoco con los estudiantes de la Normal\u201d, asegur\u00f3.<\/p>\n<p style=\"text-align: justify;\">Se\u00f1al\u00f3 que ni las familias de los normalistas ni sus asesores jur\u00eddicos presentaron impugnaciones contra la primera sentencia absolutoria del exalcalde y con esta nueva resoluci\u00f3n, legalmente no es viable que Jos\u00e9 Luis Abarca sea procesado nuevamente por el caso Ayotzinapa.<\/p>\n<p style=\"text-align: justify;\">Finalmente, declar\u00f3 que con la sentencia absolutoria \u201cya estamos en posibilidad de recurrir a instancias internacionales por violaci\u00f3n a los derechos humanos que tanto Jos\u00e9 Luis Abarca como su familia han tenido por este tema de los estudiantes\u201d.<\/p>\n<p style=\"text-align: justify;\"><em>) S\u00edguenos en nuestra p\u00e1gina Facebook.com\/<a href=\"https:\/\/www.facebook.com\/acapulcopress.news\" target=\"_blank\" rel=\"noopener\">acapulcopress.news<\/a><\/em><\/p>\n","protected":false},"excerpt":{"rendered":"<p>CIUDAD DE M\u00c9XICO * 30 de mayo de 2023. ) LatinUs El Tribunal Colegiado de Apelaci\u00f3n del D\u00e9cimo Noveno Circuito, con sede en Matamoros, Tamaulipas, absolvi\u00f3 al exalcalde de Iguala, Jos\u00e9 Luis Abarca Vel\u00e1zquez, por los delitos de delincuencia organizada y secuestro agravado de los 43 estudiantes desaparecidos de la Escuela Normal Rural de Ayotzinapa&#8230;.<\/p>\n","protected":false},"author":2,"featured_media":1254305,"comment_status":"closed","ping_status":"closed","sticky":false,"template":"","format":"standard","meta":{"footnotes":""},"categories":[1997],"tags":[2807,5368,11044],"class_list":["post-1254304","post","type-post","status-publish","format-standard","has-post-thumbnail","hentry","category-noticias-destacadas","tag-nosfaltan43","tag-caso-ayotzinapa","tag-jose-luis-abarca-velazquez"],"_links":{"self":[{"href":"https:\/\/www.acapulcopress.com\/index.php\/wp-json\/wp\/v2\/posts\/1254304","targetHints":{"allow":["GET"]}}],"collection":[{"href":"https:\/\/www.acapulcopress.com\/index.php\/wp-json\/wp\/v2\/posts"}],"about":[{"href":"https:\/\/www.acapulcopress.com\/index.php\/wp-json\/wp\/v2\/types\/post"}],"author":[{"embeddable":true,"href":"https:\/\/www.acapulcopress.com\/index.php\/wp-json\/wp\/v2\/users\/2"}],"replies":[{"embeddable":true,"href":"https:\/\/www.acapulcopress.com\/index.php\/wp-json\/wp\/v2\/comments?post=1254304"}],"version-history":[{"count":0,"href":"https:\/\/www.acapulcopress.com\/index.php\/wp-json\/wp\/v2\/posts\/1254304\/revisions"}],"wp:featuredmedia":[{"embeddable":true,"href":"https:\/\/www.acapulcopress.com\/index.php\/wp-json\/"}],"wp:attachment":[{"href":"https:\/\/www.acapulcopress.com\/index.php\/wp-json\/wp\/v2\/media?parent=1254304"}],"wp:term":[{"taxonomy":"category","embeddable":true,"href":"https:\/\/www.acapulcopress.com\/index.php\/wp-json\/wp\/v2\/categories?post=1254304"},{"taxonomy":"post_tag","embeddable":true,"href":"https:\/\/www.acapulcopress.com\/index.php\/wp-json\/wp\/v2\/tags?post=1254304"}],"curies":[{"name":"wp","href":"https:\/\/api.w.org\/{rel}","templated":true}]}}