{"id":1254308,"date":"2023-05-31T20:06:45","date_gmt":"2023-06-01T01:06:45","guid":{"rendered":"https:\/\/www.acapulcopress.com\/?p=1254308"},"modified":"2023-05-31T20:06:45","modified_gmt":"2023-06-01T01:06:45","slug":"z-escupitajo-para-arriba-o-desliz-de-insensatez","status":"publish","type":"post","link":"https:\/\/www.acapulcopress.com\/index.php\/2023\/05\/31\/z-escupitajo-para-arriba-o-desliz-de-insensatez\/","title":{"rendered":"Z | \u00bfEscupitajo para arriba o desliz de insensatez?"},"content":{"rendered":"<div class=\"xdj266r x11i5rnm xat24cr x1mh8g0r x1vvkbs x126k92a\">\n<div dir=\"auto\" style=\"text-align: justify;\">Sin da\u00f1os a terceros<\/div>\n<\/div>\n<div class=\"x11i5rnm xat24cr x1mh8g0r x1vvkbs xtlvy1s x126k92a\" style=\"text-align: justify;\">\n<div dir=\"auto\">\u00bb <strong>\u00c1ngel<\/strong> | <strong><a href=\"https:\/\/www.facebook.com\/angel.steparious\" target=\"_blank\" rel=\"noopener\">Blanco<\/a><\/strong><\/div>\n<div dir=\"auto\"><em>massiosare@msn.com<\/em><\/div>\n<div dir=\"auto\">) <a class=\"x1i10hfl xjbqb8w x6umtig x1b1mbwd xaqea5y xav7gou x9f619 x1ypdohk xt0psk2 xe8uvvx xdj266r x11i5rnm xat24cr x1mh8g0r xexx8yu x4uap5 x18d9i69 xkhd6sd x16tdsg8 x1hl2dhg xggy1nq x1a2a7pz xt0b8zv x1qq9wsj xo1l8bm\" tabindex=\"0\" role=\"link\" href=\"https:\/\/www.facebook.com\/acapulcopress.news?__cft__[0]=AZXqDmfDIM2gZYxWq-qPbcYeoGDGP259w0CDy0DNS-CYu1fO5YbejWxCuMngbhTyUzyd4M_74iPDdxF5q83xTYfQJfjw0IAeJAhh2Z8WetpF1h0gujZGgeOCG1FK8CDYICi8vSrLqY-vvQxb39IPvzuD&amp;__tn__=-]K-R\" target=\"_blank\" rel=\"noopener\"><span class=\"xt0psk2\">Acapulco Press<\/span><\/a><\/div>\n<\/div>\n<div class=\"x11i5rnm xat24cr x1mh8g0r x1vvkbs xtlvy1s x126k92a\" style=\"text-align: justify;\">\n<div dir=\"auto\">Cuando <strong><a class=\"x1i10hfl xjbqb8w x6umtig x1b1mbwd xaqea5y xav7gou x9f619 x1ypdohk xt0psk2 xe8uvvx xdj266r x11i5rnm xat24cr x1mh8g0r xexx8yu x4uap5 x18d9i69 xkhd6sd x16tdsg8 x1hl2dhg xggy1nq x1a2a7pz xt0b8zv x1qq9wsj xo1l8bm\" tabindex=\"0\" role=\"link\" href=\"https:\/\/www.facebook.com\/ZeferinoTorreblancaG?__cft__[0]=AZXqDmfDIM2gZYxWq-qPbcYeoGDGP259w0CDy0DNS-CYu1fO5YbejWxCuMngbhTyUzyd4M_74iPDdxF5q83xTYfQJfjw0IAeJAhh2Z8WetpF1h0gujZGgeOCG1FK8CDYICi8vSrLqY-vvQxb39IPvzuD&amp;__tn__=-]K-R\"><span class=\"xt0psk2\">Zeferino Torreblanca Galindo<\/span><\/a> <\/strong>critica las deficiencias que desde su aguda \u00f3ptica percibe del gobierno estatal y dice con plena seguridad que el gabinete de la mandataria <strong><a class=\"x1i10hfl xjbqb8w x6umtig x1b1mbwd xaqea5y xav7gou x9f619 x1ypdohk xt0psk2 xe8uvvx xdj266r x11i5rnm xat24cr x1mh8g0r xexx8yu x4uap5 x18d9i69 xkhd6sd x16tdsg8 x1hl2dhg xggy1nq x1a2a7pz xt0b8zv x1qq9wsj xo1l8bm\" tabindex=\"0\" role=\"link\" href=\"https:\/\/www.facebook.com\/EvelynSalgadoP?__cft__[0]=AZXqDmfDIM2gZYxWq-qPbcYeoGDGP259w0CDy0DNS-CYu1fO5YbejWxCuMngbhTyUzyd4M_74iPDdxF5q83xTYfQJfjw0IAeJAhh2Z8WetpF1h0gujZGgeOCG1FK8CDYICi8vSrLqY-vvQxb39IPvzuD&amp;__tn__=-]K-R\" target=\"_blank\" rel=\"noopener\"><span class=\"xt0psk2\">Evelyn Salgado Pineda<\/span><\/a><\/strong> se conform\u00f3 con personas \u00absin conocimientos de lo que es gobernar Guerrero\u00bb, \u00bfincluye a su fiel escudero de andanzas <strong>Carlos \u00c1lvarez Reyes<\/strong>, quien fue acusado por su ex esposa de violencia intrafamiliar por haberla golpeado, bajo los influjos del alcohol, a ella y a su propio hijo, y a quien el legendario &#8216;Zorro Democr\u00e1tico&#8217; hizo secretario de Finanzas en su gobiernos de Acapulco (1999\/2002) y posteriormente le dio el mismo cargo cuando fue Gobernador del Estado (2005\/2011) y hasta lo llev\u00f3 como diputado federal suplente en 1994?<\/div>\n<\/div>\n<div class=\"x11i5rnm xat24cr x1mh8g0r x1vvkbs xtlvy1s x126k92a\" style=\"text-align: justify;\">\n<div dir=\"auto\">\n<p>Seg\u00fan el directorio del gobierno estatal, Carlos \u00c1lvarez Reyes se desempe\u00f1a como presidente del <a href=\"https:\/\/www.guerrero.gob.mx\/dependencia\/sector-paraestatal\/consejo-de-politicas-publicas\/\" target=\"_blank\" rel=\"noopener\">Consejo de Pol\u00edticas P\u00fablicas<\/a> del Gobierno del Estado.<\/p>\n<\/div>\n<\/div>\n<div class=\"x11i5rnm xat24cr x1mh8g0r x1vvkbs xtlvy1s x126k92a\" style=\"text-align: justify;\">\n<div dir=\"auto\">\n<p>Curiosamente, las \u00abpol\u00edticas p\u00fablicas\u00bb son \u00abel producto de los procesos de toma de decisiones del Estado frente a determinados problemas p\u00fablicos. Estos procesos de toma de decisi\u00f3n implican acciones u omisiones de las instituciones gubernamentales\u00bb, se\u00f1ala la C\u00e1mara de Diputados en su \u00ab<a href=\"https:\/\/www.diputados.gob.mx\/bibliot\/publica\/inveyana\/polisoc\/dps22\/4dps22.htm\" target=\"_blank\" rel=\"noopener\">Marco te\u00f3rico<\/a>\u00bb sobre \u00abEvaluaci\u00f3n de las pol\u00edticas p\u00fablicas\u00bb.<\/p>\n<\/div>\n<\/div>\n<div class=\"x11i5rnm xat24cr x1mh8g0r x1vvkbs xtlvy1s x126k92a\">\n<div dir=\"auto\" style=\"text-align: justify;\">\n<p>Tomando como base este precepto legislativo, el causante de las deficiencias que se\u00f1ala Zeferino Torreblanca contra el actual Gobierno del Estado tiene nombre y apellidos. No es, entonces, ni el Senador <strong><a class=\"x1i10hfl xjbqb8w x6umtig x1b1mbwd xaqea5y xav7gou x9f619 x1ypdohk xt0psk2 xe8uvvx xdj266r x11i5rnm xat24cr x1mh8g0r xexx8yu x4uap5 x18d9i69 xkhd6sd x16tdsg8 x1hl2dhg xggy1nq x1a2a7pz xt0b8zv x1qq9wsj xo1l8bm\" tabindex=\"0\" role=\"link\" href=\"https:\/\/www.facebook.com\/FelixSalgadoMX?__cft__[0]=AZXqDmfDIM2gZYxWq-qPbcYeoGDGP259w0CDy0DNS-CYu1fO5YbejWxCuMngbhTyUzyd4M_74iPDdxF5q83xTYfQJfjw0IAeJAhh2Z8WetpF1h0gujZGgeOCG1FK8CDYICi8vSrLqY-vvQxb39IPvzuD&amp;__tn__=-]K-R\" target=\"_blank\" rel=\"noopener\"><span class=\"xt0psk2\">F\u00e9lix Salgado Macedonio<\/span><\/a><\/strong>, a quien el Se\u00f1or Z tacha de mal asesor de la Gobernadora. Si las omisiones o deficiencias de las pol\u00edticas p\u00fablicas que remarca &#8216;El Zorro tienen origen, ese origen ser\u00eda nada menos que quien ha sido uno de sus \u00abmejores hombres\u00bb que lo ha acompa\u00f1ado en el servicio p\u00fablico municipal, estatal y federal, respectivamente, y ahora es el m\u00e1ximo responsable del Consejo de Pol\u00edticas P\u00fablicas del Gobierno del Estado.<\/p>\n<p>Pasar por alto estos detalles al escupir &#8216;sapos y serpientes&#8217; a trav\u00e9s de una lengua viperina son s\u00edntomas de los excesos de soberbia, no tanto de la insensatez. Personas con antecedentes de violencia de g\u00e9nero no deber\u00edan ejercer el servicio p\u00fablico, seg\u00fan cl\u00e1usulas de la reci\u00e9n aprobada Ley 3 de 3 por el <a class=\"x1i10hfl xjbqb8w x6umtig x1b1mbwd xaqea5y xav7gou x9f619 x1ypdohk xt0psk2 xe8uvvx xdj266r x11i5rnm xat24cr x1mh8g0r xexx8yu x4uap5 x18d9i69 xkhd6sd x16tdsg8 x1hl2dhg xggy1nq x1a2a7pz xt0b8zv x1qq9wsj xo1l8bm\" tabindex=\"0\" role=\"link\" href=\"https:\/\/www.facebook.com\/congresogro?__cft__[0]=AZXqDmfDIM2gZYxWq-qPbcYeoGDGP259w0CDy0DNS-CYu1fO5YbejWxCuMngbhTyUzyd4M_74iPDdxF5q83xTYfQJfjw0IAeJAhh2Z8WetpF1h0gujZGgeOCG1FK8CDYICi8vSrLqY-vvQxb39IPvzuD&amp;__tn__=-]K-R\" target=\"_blank\" rel=\"noopener\"><span class=\"xt0psk2\">Congreso del Estado de Guerrero<\/span><\/a>, el pasado 18 de mayo.<\/p>\n<p><em>) S\u00edguenos en nuestra p\u00e1gina Facebook.com\/<a href=\"https:\/\/www.facebook.com\/acapulcopress.news\" target=\"_blank\" rel=\"noopener\">acapulcopress.news<\/a><\/em><\/p>\n<\/div>\n<\/div>\n","protected":false},"excerpt":{"rendered":"<p>Sin da\u00f1os a terceros \u00bb \u00c1ngel | Blanco massiosare@msn.com ) Acapulco Press Cuando Zeferino Torreblanca Galindo critica las deficiencias que desde su aguda \u00f3ptica percibe del gobierno estatal y dice con plena seguridad que el gabinete de la mandataria Evelyn Salgado Pineda se conform\u00f3 con personas \u00absin conocimientos de lo que es gobernar Guerrero\u00bb, \u00bfincluye&#8230;<\/p>\n","protected":false},"author":2,"featured_media":1254309,"comment_status":"closed","ping_status":"closed","sticky":false,"template":"","format":"standard","meta":{"footnotes":""},"categories":[2048,1972,2008],"tags":[3174,3931,5166,8251,16638,18304],"class_list":["post-1254308","post","type-post","status-publish","format-standard","has-post-thumbnail","hentry","category-editorial-editorial","category-special","category-editorial","tag-acapulco-press","tag-angel-blanco","tag-carlos-alvarez-reyes","tag-evelyn-salgado-pineda","tag-sin-danos-a-terceros","tag-zeferino-torreblanca-galindo"],"_links":{"self":[{"href":"https:\/\/www.acapulcopress.com\/index.php\/wp-json\/wp\/v2\/posts\/1254308","targetHints":{"allow":["GET"]}}],"collection":[{"href":"https:\/\/www.acapulcopress.com\/index.php\/wp-json\/wp\/v2\/posts"}],"about":[{"href":"https:\/\/www.acapulcopress.com\/index.php\/wp-json\/wp\/v2\/types\/post"}],"author":[{"embeddable":true,"href":"https:\/\/www.acapulcopress.com\/index.php\/wp-json\/wp\/v2\/users\/2"}],"replies":[{"embeddable":true,"href":"https:\/\/www.acapulcopress.com\/index.php\/wp-json\/wp\/v2\/comments?post=1254308"}],"version-history":[{"count":0,"href":"https:\/\/www.acapulcopress.com\/index.php\/wp-json\/wp\/v2\/posts\/1254308\/revisions"}],"wp:featuredmedia":[{"embeddable":true,"href":"https:\/\/www.acapulcopress.com\/index.php\/wp-json\/"}],"wp:attachment":[{"href":"https:\/\/www.acapulcopress.com\/index.php\/wp-json\/wp\/v2\/media?parent=1254308"}],"wp:term":[{"taxonomy":"category","embeddable":true,"href":"https:\/\/www.acapulcopress.com\/index.php\/wp-json\/wp\/v2\/categories?post=1254308"},{"taxonomy":"post_tag","embeddable":true,"href":"https:\/\/www.acapulcopress.com\/index.php\/wp-json\/wp\/v2\/tags?post=1254308"}],"curies":[{"name":"wp","href":"https:\/\/api.w.org\/{rel}","templated":true}]}}