{"id":1254311,"date":"2023-05-31T20:30:26","date_gmt":"2023-06-01T01:30:26","guid":{"rendered":"https:\/\/www.acapulcopress.com\/?p=1254311"},"modified":"2023-05-31T20:30:26","modified_gmt":"2023-06-01T01:30:26","slug":"anuncia-gobernadora-inversion-por-mas-de-30-millones-de-pesos-para-ayutla","status":"publish","type":"post","link":"https:\/\/www.acapulcopress.com\/index.php\/2023\/05\/31\/anuncia-gobernadora-inversion-por-mas-de-30-millones-de-pesos-para-ayutla\/","title":{"rendered":"Anuncia Gobernadora inversi\u00f3n por m\u00e1s de 30 millones de pesos para Ayutla"},"content":{"rendered":"<p style=\"text-align: justify;\"><em><strong>* \u00abQueremos que nadie se quede atr\u00e1s, que nadie se quede fuera de esta gran transformaci\u00f3n que estamos haciendo<\/strong> todos\u00bb, destac\u00f3 la mandataria estatal<\/em><\/p>\n<p style=\"text-align: justify;\">CHILPANCINGO * 31 de mayo de 2023.<br \/>\n<em>) Gobierno de Guerrero<\/em><br \/>\n\u00abQueremos que nadie se quede atr\u00e1s, que nadie se quede fuera de esta gran <img loading=\"lazy\" decoding=\"async\" class=\"alignleft size-medium wp-image-1254324\" src=\"https:\/\/www.acapulcopress.com\/wp-content\/uploads\/2023\/05\/evelyn.ayutla13-375x267.jpg\" alt=\"\" width=\"375\" height=\"267\" \/>transformaci\u00f3n que estamos haciendo todas y todos\u00bb, se\u00f1al\u00f3 la gobernadora <a href=\"https:\/\/www.facebook.com\/EvelynSalgadoP\" target=\"_blank\" rel=\"noopener\">Evelyn Salgado Pineda<\/a> durante la supervisi\u00f3n a la Feria de Servicios Integrales que llev\u00f3 al municipio de Ayutla de los Libres, en donde adem\u00e1s de establecer una cercan\u00eda entre las dependencias y la poblaci\u00f3n, anunci\u00f3 una serie de inversiones por un monto mayor a los 30 millones de pesos, destinados a los temas de obra p\u00fablica, infraestructura carretera, escolar, agua potable y bienestar social.<\/p>\n<p style=\"text-align: justify;\">En el evento realizado en la Unidad Deportiva, la mandataria destac\u00f3 que la administraci\u00f3n que encabeza, tiene la prioridad de promover una gran transformaci\u00f3n, en la que todas y todos sean parte de esta nueva visi\u00f3n.<\/p>\n<p style=\"text-align: justify;\">\u00abAqu\u00ed en Ayutla, esta tierra hermosa y tan importante refrendamos nuestro compromiso de <img loading=\"lazy\" decoding=\"async\" class=\"alignleft size-medium wp-image-1254322\" src=\"https:\/\/www.acapulcopress.com\/wp-content\/uploads\/2023\/05\/evelyn.ayutla11-375x250.jpg\" alt=\"\" width=\"375\" height=\"250\" \/>pasar a la historia como un gobierno de cambio, de bienestar, de justicia, de territorio. Porque ustedes han visto que andamos en todos lados, no estamos esperando a que vayan y nos toquen la puerta; nosotros salimos, estamos en las comunidades y en todas las regiones, para que ninguna regi\u00f3n se quede atr\u00e1s. Tenemos que irnos apoyando unos a otros\u00bb, dijo.<\/p>\n<p style=\"text-align: justify;\">En su visita, Salgado Pineda detall\u00f3 que, en materia de Obra P\u00fablica, se tiene programada una inversi\u00f3n de casi 15 millones de pesos para pavimentaciones, canchas techadas, puentes peatonales y la plaza de toros en la localidad de La Uni\u00f3n. En infraestructura educativa, se realizar\u00e1 una ejecuci\u00f3n de recursos por el orden de casi 6 millones de pesos.<\/p>\n<p style=\"text-align: justify;\">En tanto que en infraestructura carretera, habr\u00e1 una inversi\u00f3n de casi 10.5 millones de <img loading=\"lazy\" decoding=\"async\" class=\"alignleft size-medium wp-image-1254316\" src=\"https:\/\/www.acapulcopress.com\/wp-content\/uploads\/2023\/05\/evelyn.ayutla5-375x563.jpg\" alt=\"\" width=\"375\" height=\"563\" \/>pesos, mientras que en materia de Bienestar, se invertir\u00e1n m\u00e1s de 1.7 millones de pesos para el mejoramiento de vivienda en la colonia Piedra del Zopilote, rehabilitaci\u00f3n de escuelas, programa de Pensi\u00f3n Guerrero, Programa de Alimentaci\u00f3n para el Bienestar de Ni\u00f1as y Ni\u00f1os; tambi\u00e9n se trabajar\u00e1 en el tema de agua potable, entre otros beneficios.<\/p>\n<p style=\"text-align: justify;\">Se entregaron 95 tarjetas del programa La Escuela es Nuestra, con apoyos que van de los 200 mil a los 600 mil, y que servir\u00e1n para mejorar la infraestructura, el equipamiento o prestar el servicio de alimentaci\u00f3n o de horario extendido en planteles escolares.<\/p>\n<p style=\"text-align: justify;\">De igual manera inform\u00f3 que hay un gran avance en la construcci\u00f3n del nuevo hospital de Ayutla; en este tema anunci\u00f3 que cumpliendo una demanda de la poblaci\u00f3n, se har\u00e1 entrega de una ambulancia.<\/p>\n<p style=\"text-align: justify;\">En su participaci\u00f3n, la presidenta del DIF Guerrero, Liz Adriana Salgado Pineda inform\u00f3 que en el municipio de Ayutla se apoya mensualmente a 2 mil 869 ni\u00f1as y ni\u00f1os con desayunos calientes; 2 mil 393 ni\u00f1os con despensa individual y 242 beneficiados con desayunos fr\u00edos, con una inversi\u00f3n que suma los casi 10 millones de pesos.<\/p>\n<p style=\"text-align: justify;\"><img loading=\"lazy\" decoding=\"async\" class=\"alignleft size-medium wp-image-1254313\" src=\"https:\/\/www.acapulcopress.com\/wp-content\/uploads\/2023\/05\/evelyn.ayutla2-375x250.jpg\" alt=\"\" width=\"375\" height=\"250\" \/>En este acto se hizo entrega de Tarjetas del Igatipam, rectificaci\u00f3n de actas de nacimiento, uniformes escolares, constancias de cursos con validez oficial y curricular del Icategro y aparatos funcionales como lentes, sillas de ruedas, bastones, entre otros.<\/p>\n<p style=\"text-align: justify;\">A nombre de los beneficiarios, el delegado de la colonia Cruz Alta, Luciano Mart\u00ednez Leobardo, agradeci\u00f3 a la gobernadora todo su apoyo para la comunidad. \u00abLa gran mujer que lucha incansablemente, maestra Evelyn Salgado Pineda, much\u00edsimas gracias por su visita\u00bb, dijo.<\/p>\n<p style=\"text-align: justify;\">A esta feria de servicios asistieron funcionarios y representantes del DIF Guerrero, Secretar\u00eda de Salud, Secretar\u00eda de Desarrollo y Bienestar Social, Secretar\u00eda de Fomento y Desarrollo Econ\u00f3mico, Secretar\u00eda de Educaci\u00f3n Guerrero, Secretar\u00eda de Agricultura, <img loading=\"lazy\" decoding=\"async\" class=\"alignleft size-medium wp-image-1254317\" src=\"https:\/\/www.acapulcopress.com\/wp-content\/uploads\/2023\/05\/evelyn.ayutla6-375x250.jpg\" alt=\"\" width=\"375\" height=\"250\" \/>Ganader\u00eda, Pesca y Desarrollo Rural, Secretar\u00eda de Seguridad P\u00fablica, Delegaci\u00f3n de Programas para el Bienestar Guerrero, Coordinaci\u00f3n T\u00e9cnica del Sistema Estatal del Registro Civil, Secretar\u00eda de Asuntos Ind\u00edgenas y Comunidades Afromexicanas, Instituto de Capacitaci\u00f3n para el Trabajo del Estado de Guerrero (Icategro), Comisi\u00f3n de Infraestructura Carretera y Aeroportuaria del Estado de Guerrero, Instituto Guerrerense de la Infraestructura F\u00edsica Educativa, Comisi\u00f3n de Agua Potable, Alcantarillado y Saneamiento del Estado de Guerrero, Secretar\u00eda de Desarrollo Urbano, Obras P\u00fablicas y Ordenamiento Territorial y el Instituto Guerrerense para la Atenci\u00f3n Integral de las Personas Adultos Mayores.<\/p>\n<p style=\"text-align: justify;\">Asistieron el diputado local, Ociel Garc\u00eda Trujillo; el coordinador del Concejo Comunitario de Ayutla de los Libres, Ysabel de los Santos Morales; el secretario general de Gobierno, Ludwig Marcial Reynoso N\u00fa\u00f1ez; el delegado en Guerrero de los programas para el Bienestar, Iv\u00e1n Hern\u00e1ndez D\u00edaz,\u00a0entre\u00a0otros.<\/p>\n<p style=\"text-align: justify;\"><em>) S\u00edguenos en nuestra p\u00e1gina Facebook.com\/<a href=\"https:\/\/www.facebook.com\/acapulcopress.news\" target=\"_blank\" rel=\"noopener\">acapulcopress.news<\/a><\/em><\/p>\n","protected":false},"excerpt":{"rendered":"<p>* \u00abQueremos que nadie se quede atr\u00e1s, que nadie se quede fuera de esta gran transformaci\u00f3n que estamos haciendo todos\u00bb, destac\u00f3 la mandataria estatal CHILPANCINGO * 31 de mayo de 2023. ) Gobierno de Guerrero \u00abQueremos que nadie se quede atr\u00e1s, que nadie se quede fuera de esta gran transformaci\u00f3n que estamos haciendo todas y&#8230;<\/p>\n","protected":false},"author":2,"featured_media":1254315,"comment_status":"closed","ping_status":"closed","sticky":false,"template":"","format":"standard","meta":{"footnotes":""},"categories":[1972,1983,18561],"tags":[8251,9302],"class_list":["post-1254311","post","type-post","status-publish","format-standard","has-post-thumbnail","hentry","category-special","category-guerrerogob","category-society-politics","tag-evelyn-salgado-pineda","tag-gobierno-de-guerrero"],"_links":{"self":[{"href":"https:\/\/www.acapulcopress.com\/index.php\/wp-json\/wp\/v2\/posts\/1254311","targetHints":{"allow":["GET"]}}],"collection":[{"href":"https:\/\/www.acapulcopress.com\/index.php\/wp-json\/wp\/v2\/posts"}],"about":[{"href":"https:\/\/www.acapulcopress.com\/index.php\/wp-json\/wp\/v2\/types\/post"}],"author":[{"embeddable":true,"href":"https:\/\/www.acapulcopress.com\/index.php\/wp-json\/wp\/v2\/users\/2"}],"replies":[{"embeddable":true,"href":"https:\/\/www.acapulcopress.com\/index.php\/wp-json\/wp\/v2\/comments?post=1254311"}],"version-history":[{"count":0,"href":"https:\/\/www.acapulcopress.com\/index.php\/wp-json\/wp\/v2\/posts\/1254311\/revisions"}],"wp:featuredmedia":[{"embeddable":true,"href":"https:\/\/www.acapulcopress.com\/index.php\/wp-json\/"}],"wp:attachment":[{"href":"https:\/\/www.acapulcopress.com\/index.php\/wp-json\/wp\/v2\/media?parent=1254311"}],"wp:term":[{"taxonomy":"category","embeddable":true,"href":"https:\/\/www.acapulcopress.com\/index.php\/wp-json\/wp\/v2\/categories?post=1254311"},{"taxonomy":"post_tag","embeddable":true,"href":"https:\/\/www.acapulcopress.com\/index.php\/wp-json\/wp\/v2\/tags?post=1254311"}],"curies":[{"name":"wp","href":"https:\/\/api.w.org\/{rel}","templated":true}]}}