{"id":1254331,"date":"2023-05-31T20:56:09","date_gmt":"2023-06-01T01:56:09","guid":{"rendered":"https:\/\/www.acapulcopress.com\/?p=1254331"},"modified":"2023-05-31T20:56:09","modified_gmt":"2023-06-01T01:56:09","slug":"parque-papagayo-se-prepara-para-conmemorar-el-dia-mundial-del-medio-ambiente","status":"publish","type":"post","link":"https:\/\/www.acapulcopress.com\/index.php\/2023\/05\/31\/parque-papagayo-se-prepara-para-conmemorar-el-dia-mundial-del-medio-ambiente\/","title":{"rendered":"Parque Papagayo se prepara para conmemorar el D\u00eda Mundial del Medio Ambiente"},"content":{"rendered":"<p style=\"text-align: justify;\">ACAPULCO * 31 de mayo de 2023.<br \/>\n<em>) Gobierno de Guerrero<\/em><\/p>\n<p style=\"text-align: justify;\">En el marco del D\u00eda Mundial del Medio Ambiente y como parte de las acciones que se <img loading=\"lazy\" decoding=\"async\" class=\"alignleft size-medium wp-image-1254333\" src=\"https:\/\/www.acapulcopress.com\/wp-content\/uploads\/2023\/05\/Parque-Papagayo2-375x667.jpg\" alt=\"\" width=\"375\" height=\"667\" \/>realizan en el Parque Papagayo, se ha programado un \u201coperativo de limpieza y reforestaci\u00f3n\u201d del pulm\u00f3n verde de Acapulco para el pr\u00f3ximo 5 de junio.<\/p>\n<p style=\"text-align: justify;\">Para cumplir la instrucci\u00f3n de la gobernadora Evelyn Salgado Pineda de cuidar y preservar todas las especies, tanto la flora como la fauna del parque, se est\u00e1 organizando la limpieza y reforestaci\u00f3n, principalmente del Cerro del Mogote.<\/p>\n<p style=\"text-align: justify;\">El director general del Parque Papagayo, <a href=\"https:\/\/www.facebook.com\/abel.luvio\" target=\"_blank\" rel=\"noopener\">Abel Luvio Villanueva<\/a> destac\u00f3 la importancia del cuidado y preservaci\u00f3n del medio ambiente y sus recursos naturales. Por eso, el personal operativo de limpieza y mantenimiento diariamente realiza las labores comunes del cuidado de los \u00e1rboles, las plantas y los animales que habitan en el pulm\u00f3n verde de Acapulco; sin embargo, este operativo a realizar pretende crear conciencia principalmente entre los j\u00f3venes, al convocarlos a limpiar y reforestar este lugar de recreaci\u00f3n que es de todas y todos los guerrerenses.<\/p>\n<p style=\"text-align: justify;\">Luvio Villanueva coment\u00f3 la importancia en hacer conciencia principalmente en la ni\u00f1ez y juventud sobre el cuidado de nuestro ecosistema, por lo que invit\u00f3 a todos y todas a participar en este ejercicio de recuperaci\u00f3n y reforestaci\u00f3n del pulm\u00f3n verde de Acapulco.<\/p>\n<p style=\"text-align: justify;\">Explic\u00f3 que esta actividad se llevar\u00e1 a cabo el pr\u00f3ximo 5 de junio a partir de las 9 de la <img loading=\"lazy\" decoding=\"async\" class=\"alignleft size-medium wp-image-1254335\" src=\"https:\/\/www.acapulcopress.com\/wp-content\/uploads\/2023\/05\/Parque-Papagayo4-375x375.jpg\" alt=\"\" width=\"375\" height=\"375\" \/>ma\u00f1ana, en donde se contar\u00e1 con la participaci\u00f3n de estudiantes de escuelas de nivel medio superior.<\/p>\n<p style=\"text-align: justify;\">Se\u00f1al\u00f3 que espera la participaci\u00f3n de la poblaci\u00f3n en general, para seguir conservando y cuidando este centro de recreaci\u00f3n.<\/p>\n<p style=\"text-align: justify;\">Finalmente, convoc\u00f3 a todos los que visitan el Parque Papagayo a que ayuden a cuidar el mobiliario y que la basura que generen la tiren en los cestos instalados en todo el circuito del parque.<\/p>\n<p style=\"text-align: justify;\">Por otra parte, Abel Luvio hizo extensiva la invitaci\u00f3n a la inauguraci\u00f3n de la muestra pict\u00f3rica \u00abEl Dios de las aguas\u00bb, del artista guerrerense, Alberto Bello S\u00e1nchez que se llevar\u00e1 a cabo el pr\u00f3ximo viernes 2 de junio a las 5:30 de la tarde.<\/p>\n<p style=\"text-align: justify;\">El funcionario estatal dijo que la muestra estar\u00e1 abierta al p\u00fablico del 2 al 30 de junio en el interior de las oficinas del Parque\u00a0Papagayo.<\/p>\n<p style=\"text-align: justify;\"><em>) S\u00edguenos en nuestra p\u00e1gina Facebook.com\/<a href=\"https:\/\/www.facebook.com\/acapulcopress.news\" target=\"_blank\" rel=\"noopener\">acapulcopress.news<\/a><\/em><\/p>\n","protected":false},"excerpt":{"rendered":"<p>ACAPULCO * 31 de mayo de 2023. ) Gobierno de Guerrero En el marco del D\u00eda Mundial del Medio Ambiente y como parte de las acciones que se realizan en el Parque Papagayo, se ha programado un \u201coperativo de limpieza y reforestaci\u00f3n\u201d del pulm\u00f3n verde de Acapulco para el pr\u00f3ximo 5 de junio. Para cumplir&#8230;<\/p>\n","protected":false},"author":2,"featured_media":1254334,"comment_status":"closed","ping_status":"closed","sticky":false,"template":"","format":"standard","meta":{"footnotes":""},"categories":[1988,18562],"tags":[3068,7244,14261],"class_list":["post-1254331","post","type-post","status-publish","format-standard","has-post-thumbnail","hentry","category-lifestyles","category-turism","tag-abel-luvio-villanueva","tag-dia-mundial-del-medio-ambiente","tag-parque-papagayo-acapulco"],"_links":{"self":[{"href":"https:\/\/www.acapulcopress.com\/index.php\/wp-json\/wp\/v2\/posts\/1254331","targetHints":{"allow":["GET"]}}],"collection":[{"href":"https:\/\/www.acapulcopress.com\/index.php\/wp-json\/wp\/v2\/posts"}],"about":[{"href":"https:\/\/www.acapulcopress.com\/index.php\/wp-json\/wp\/v2\/types\/post"}],"author":[{"embeddable":true,"href":"https:\/\/www.acapulcopress.com\/index.php\/wp-json\/wp\/v2\/users\/2"}],"replies":[{"embeddable":true,"href":"https:\/\/www.acapulcopress.com\/index.php\/wp-json\/wp\/v2\/comments?post=1254331"}],"version-history":[{"count":0,"href":"https:\/\/www.acapulcopress.com\/index.php\/wp-json\/wp\/v2\/posts\/1254331\/revisions"}],"wp:featuredmedia":[{"embeddable":true,"href":"https:\/\/www.acapulcopress.com\/index.php\/wp-json\/"}],"wp:attachment":[{"href":"https:\/\/www.acapulcopress.com\/index.php\/wp-json\/wp\/v2\/media?parent=1254331"}],"wp:term":[{"taxonomy":"category","embeddable":true,"href":"https:\/\/www.acapulcopress.com\/index.php\/wp-json\/wp\/v2\/categories?post=1254331"},{"taxonomy":"post_tag","embeddable":true,"href":"https:\/\/www.acapulcopress.com\/index.php\/wp-json\/wp\/v2\/tags?post=1254331"}],"curies":[{"name":"wp","href":"https:\/\/api.w.org\/{rel}","templated":true}]}}