{"id":1254339,"date":"2023-05-31T21:23:01","date_gmt":"2023-06-01T02:23:01","guid":{"rendered":"https:\/\/www.acapulcopress.com\/?p=1254339"},"modified":"2023-05-31T21:23:01","modified_gmt":"2023-06-01T02:23:01","slug":"contraloria-otorga-14-dias-de-prorroga-a-servidores-para-su-declaracion-patrimonial","status":"publish","type":"post","link":"https:\/\/www.acapulcopress.com\/index.php\/2023\/05\/31\/contraloria-otorga-14-dias-de-prorroga-a-servidores-para-su-declaracion-patrimonial\/","title":{"rendered":"Contralor\u00eda otorga 14 d\u00edas de pr\u00f3rroga a servidores para su Declaraci\u00f3n Patrimonial"},"content":{"rendered":"<p style=\"text-align: justify;\">CHILPANCINGO * 31 de mayo de 2023.<br \/>\n<em>) Gobierno de Guerrero<\/em><\/p>\n<p style=\"text-align: justify;\">La Secretar\u00eda de Contralor\u00eda y Transparencia Gubernamental ampli\u00f3 el plazo para que todos los servidores p\u00fablicos puedan cumplir con su Declaraci\u00f3n Patrimonial y de Intereses 2023, <img loading=\"lazy\" decoding=\"async\" class=\"alignleft size-medium wp-image-1254342\" src=\"https:\/\/www.acapulcopress.com\/wp-content\/uploads\/2023\/05\/declaracion-patrimonial3-375x281.jpg\" alt=\"\" width=\"375\" height=\"281\" \/>otorgando una pr\u00f3rroga de 14 d\u00edas naturales terminado el plazo oficial establecido por Ley.<\/p>\n<p style=\"text-align: justify;\">El titular de Contralor\u00eda V\u00edctor Edgar Arenas, indic\u00f3 que se ha registrado una importante participaci\u00f3n de las y los servidores p\u00fablicos quienes est\u00e1n cumpliendo en tiempo y forma con esta obligaci\u00f3n.<\/p>\n<p style=\"text-align: justify;\">El secretario de Contralor\u00eda inform\u00f3 que el plazo oficial establecido por Ley es del 1 al 31 de mayo para la presentaci\u00f3n de la Declaraci\u00f3n Patrimonial y de Intereses, sin embargo, se determin\u00f3 ampliar el plazo hasta el 14 de junio con la invitaci\u00f3n a todas y todos los servidores p\u00fablicos a seguir contribuyendo con esta gran tarea de transparencia como lo estipula el art\u00edculo 33, fracci\u00f3n II, de la Ley N\u00famero 465 de Responsabilidades Administrativas para el Estado de Guerrero.<\/p>\n<p style=\"text-align: justify;\"><img loading=\"lazy\" decoding=\"async\" class=\"alignleft size-medium wp-image-1254343\" src=\"https:\/\/www.acapulcopress.com\/wp-content\/uploads\/2023\/05\/declaracion-patrimonial4-375x281.jpg\" alt=\"\" width=\"375\" height=\"281\" \/>V\u00edctor Edgar Arenas, indic\u00f3 que, mediante diversas acciones, se fomenta el cumplimiento de la honradez en el servicio p\u00fablico, ya que se trata de un principio fundamental para el gobierno que encabeza Evelyn Salgado Pineda<\/p>\n<p style=\"text-align: justify;\">La dependencia a trav\u00e9s de diversas acciones, fomenta en el servicio p\u00fablico este ejercicio de transparencia y rendici\u00f3n de cuentas con el objetivo de verificar la evoluci\u00f3n y congruencia entre sus ingresos y egresos, como parte del combate frontal\u00a0la\u00a0corrupci\u00f3n.<\/p>\n<p style=\"text-align: justify;\"><em>) S\u00edguenos en nuestra p\u00e1gina Facebook.com\/<a href=\"https:\/\/www.facebook.com\/acapulcopress.news\" target=\"_blank\" rel=\"noopener\">acapulcopress.news<\/a><\/em><\/p>\n","protected":false},"excerpt":{"rendered":"<p>CHILPANCINGO * 31 de mayo de 2023. ) Gobierno de Guerrero La Secretar\u00eda de Contralor\u00eda y Transparencia Gubernamental ampli\u00f3 el plazo para que todos los servidores p\u00fablicos puedan cumplir con su Declaraci\u00f3n Patrimonial y de Intereses 2023, otorgando una pr\u00f3rroga de 14 d\u00edas naturales terminado el plazo oficial establecido por Ley. El titular de Contralor\u00eda&#8230;<\/p>\n","protected":false},"author":2,"featured_media":1254345,"comment_status":"closed","ping_status":"closed","sticky":false,"template":"","format":"standard","meta":{"footnotes":""},"categories":[1983,18561],"tags":[],"class_list":["post-1254339","post","type-post","status-publish","format-standard","has-post-thumbnail","hentry","category-guerrerogob","category-society-politics"],"_links":{"self":[{"href":"https:\/\/www.acapulcopress.com\/index.php\/wp-json\/wp\/v2\/posts\/1254339","targetHints":{"allow":["GET"]}}],"collection":[{"href":"https:\/\/www.acapulcopress.com\/index.php\/wp-json\/wp\/v2\/posts"}],"about":[{"href":"https:\/\/www.acapulcopress.com\/index.php\/wp-json\/wp\/v2\/types\/post"}],"author":[{"embeddable":true,"href":"https:\/\/www.acapulcopress.com\/index.php\/wp-json\/wp\/v2\/users\/2"}],"replies":[{"embeddable":true,"href":"https:\/\/www.acapulcopress.com\/index.php\/wp-json\/wp\/v2\/comments?post=1254339"}],"version-history":[{"count":0,"href":"https:\/\/www.acapulcopress.com\/index.php\/wp-json\/wp\/v2\/posts\/1254339\/revisions"}],"wp:featuredmedia":[{"embeddable":true,"href":"https:\/\/www.acapulcopress.com\/index.php\/wp-json\/"}],"wp:attachment":[{"href":"https:\/\/www.acapulcopress.com\/index.php\/wp-json\/wp\/v2\/media?parent=1254339"}],"wp:term":[{"taxonomy":"category","embeddable":true,"href":"https:\/\/www.acapulcopress.com\/index.php\/wp-json\/wp\/v2\/categories?post=1254339"},{"taxonomy":"post_tag","embeddable":true,"href":"https:\/\/www.acapulcopress.com\/index.php\/wp-json\/wp\/v2\/tags?post=1254339"}],"curies":[{"name":"wp","href":"https:\/\/api.w.org\/{rel}","templated":true}]}}