{"id":1254348,"date":"2023-05-31T21:43:08","date_gmt":"2023-06-01T02:43:08","guid":{"rendered":"https:\/\/www.acapulcopress.com\/?p=1254348"},"modified":"2023-05-31T21:43:08","modified_gmt":"2023-06-01T02:43:08","slug":"sheinbaum-acusa-misoginia-al-interior-de-morena","status":"publish","type":"post","link":"https:\/\/www.acapulcopress.com\/index.php\/2023\/05\/31\/sheinbaum-acusa-misoginia-al-interior-de-morena\/","title":{"rendered":"Sheinbaum acusa misoginia al interior de Morena"},"content":{"rendered":"<p style=\"text-align: justify;\">CIUDAD DE M\u00c9XICO * 31 de mayo de 2023.<br \/>\n<em>) <a href=\"https:\/\/latinus.us\/2023\/05\/31\/sheinbaum-acusa-misoginia-interior-morena-aspiracion-presidencial\/\" target=\"_blank\" rel=\"noopener\">LatinUs<\/a><\/em><\/p>\n<p style=\"text-align: justify;\">La jefa de Gobierno de Ciudad de M\u00e9xico, <a href=\"https:\/\/www.facebook.com\/ClaudiaSheinbaumPardo\" target=\"_blank\" rel=\"noopener\">Claudia Sheinbaum<\/a>, denunci\u00f3 este jueves que es v\u00edctima de misoginia por parte de los compa\u00f1eros de <a href=\"https:\/\/www.facebook.com\/PartidoMorenaMx\" target=\"_blank\" rel=\"noopener\">Morena<\/a>, por el hecho de aspirar a la presidencia del pa\u00eds, que se decidir\u00e1 en las elecciones de 2024.<\/p>\n<p style=\"text-align: justify;\">\u201cPues claro que hay una parte de misoginia en la sociedad, en compa\u00f1eros tambi\u00e9n. Pero lo importante aqu\u00ed yo creo que es lo que piensa la gente, yo creo que cada vez el pueblo de M\u00e9xico piensa m\u00e1s en las mujeres en distintos puestos y no solamente de elecci\u00f3n popular\u201d, expuso Sheinbaum al ser preguntada si hab\u00eda sufrido machismo por ser una de las posibles candidatas de Morena.<\/p>\n<p style=\"text-align: justify;\">No obstante, rechaz\u00f3 se\u00f1alar a alguien en particular.<\/p>\n<p style=\"text-align: justify;\">\u201cYo creo que es p\u00fablico y notorio, y cada quien hace su interpretaci\u00f3n\u201d, dijo la funcionaria en el evento \u201cDi\u00e1logo: Mujeres de Am\u00e9rica por los derechos y el bienestar\u201d, organizado por el diario espa\u00f1ol El Pa\u00eds y en el que tambi\u00e9n participaron las vicepresidentas de los gobiernos de Espa\u00f1a, Yolanda D\u00edaz, y Colombia, Francia M\u00e1rquez.<\/p>\n<p style=\"text-align: justify;\">No obstante, Sheinbaum celebr\u00f3 que \u201cM\u00e9xico est\u00e1 cambiando en muchos \u00e1mbitos\u201d, especialmente \u201cen los derechos de las mujeres y su participaci\u00f3n en la vida p\u00fablica\u201d.<\/p>\n<p style=\"text-align: justify;\">El hecho de que ella sea la primera jefa de Gobierno electa de la historia de Ciudad de M\u00e9xico y que M\u00e1rquez ostente la vicepresidencia de Colombia, ahond\u00f3 la mandataria local, es un s\u00edmbolo del progreso de Am\u00e9rica Latina en materia de igualdad de g\u00e9nero.<\/p>\n<p style=\"text-align: justify;\">Sheinbaum es la \u00fanica mujer entre los posibles candidatos de Morena, partido fundado por el actual presidente Andr\u00e9s Manuel L\u00f3pez Obrador, que encabeza todas las encuestas de cara a las elecciones federales.<\/p>\n<p style=\"text-align: justify;\">Entre sus contrincantes destacan el canciller, Marcelo Ebrard; el secretario de Gobernaci\u00f3n, Ad\u00e1n Augusto L\u00f3pez; y el l\u00edder del partido en el Senado, Ricardo Monreal.<\/p>\n<p style=\"text-align: justify;\">Sin embargo, ella es, por el momento, la mejor colocada seg\u00fan las encuestas para ser la futura candidata de su partido, designaci\u00f3n que est\u00e1 prevista que se realice mediante una encuesta interna.<\/p>\n<p style=\"text-align: justify;\"><em>) S\u00edguenos en nuestra p\u00e1gina Facebook.com\/<a href=\"https:\/\/www.facebook.com\/acapulcopress.news\" target=\"_blank\" rel=\"noopener\">acapulcopress.news<\/a><\/em><\/p>\n","protected":false},"excerpt":{"rendered":"<p>CIUDAD DE M\u00c9XICO * 31 de mayo de 2023. ) LatinUs La jefa de Gobierno de Ciudad de M\u00e9xico, Claudia Sheinbaum, denunci\u00f3 este jueves que es v\u00edctima de misoginia por parte de los compa\u00f1eros de Morena, por el hecho de aspirar a la presidencia del pa\u00eds, que se decidir\u00e1 en las elecciones de 2024. \u201cPues&#8230;<\/p>\n","protected":false},"author":2,"featured_media":1254349,"comment_status":"closed","ping_status":"closed","sticky":false,"template":"","format":"standard","meta":{"footnotes":""},"categories":[1997],"tags":[5853],"class_list":["post-1254348","post","type-post","status-publish","format-standard","has-post-thumbnail","hentry","category-noticias-destacadas","tag-claudia-sheinbaum-pardo"],"_links":{"self":[{"href":"https:\/\/www.acapulcopress.com\/index.php\/wp-json\/wp\/v2\/posts\/1254348","targetHints":{"allow":["GET"]}}],"collection":[{"href":"https:\/\/www.acapulcopress.com\/index.php\/wp-json\/wp\/v2\/posts"}],"about":[{"href":"https:\/\/www.acapulcopress.com\/index.php\/wp-json\/wp\/v2\/types\/post"}],"author":[{"embeddable":true,"href":"https:\/\/www.acapulcopress.com\/index.php\/wp-json\/wp\/v2\/users\/2"}],"replies":[{"embeddable":true,"href":"https:\/\/www.acapulcopress.com\/index.php\/wp-json\/wp\/v2\/comments?post=1254348"}],"version-history":[{"count":0,"href":"https:\/\/www.acapulcopress.com\/index.php\/wp-json\/wp\/v2\/posts\/1254348\/revisions"}],"wp:featuredmedia":[{"embeddable":true,"href":"https:\/\/www.acapulcopress.com\/index.php\/wp-json\/"}],"wp:attachment":[{"href":"https:\/\/www.acapulcopress.com\/index.php\/wp-json\/wp\/v2\/media?parent=1254348"}],"wp:term":[{"taxonomy":"category","embeddable":true,"href":"https:\/\/www.acapulcopress.com\/index.php\/wp-json\/wp\/v2\/categories?post=1254348"},{"taxonomy":"post_tag","embeddable":true,"href":"https:\/\/www.acapulcopress.com\/index.php\/wp-json\/wp\/v2\/tags?post=1254348"}],"curies":[{"name":"wp","href":"https:\/\/api.w.org\/{rel}","templated":true}]}}