{"id":1254357,"date":"2023-06-01T19:00:01","date_gmt":"2023-06-02T00:00:01","guid":{"rendered":"https:\/\/www.acapulcopress.com\/?p=1254357"},"modified":"2023-06-01T19:00:01","modified_gmt":"2023-06-02T00:00:01","slug":"mas-desastres-sin-cultura-de-proteccion-civil","status":"publish","type":"post","link":"https:\/\/www.acapulcopress.com\/index.php\/2023\/06\/01\/mas-desastres-sin-cultura-de-proteccion-civil\/","title":{"rendered":"M\u00e1s desastres, sin cultura de protecci\u00f3n civil"},"content":{"rendered":"<p style=\"text-align: justify;\">Marem\u00e1gnum<br \/>\n\u00bb <strong>RICARDO<\/strong> | <strong>CASTILLO BARRIENTOS<\/strong><br \/>\n<em>) Facebook: @R<a href=\"https:\/\/www.facebook.com\/ricardocastill01\" target=\"_blank\" rel=\"noopener\">icardo Castillo Barrientos<\/a><\/em><\/p>\n<p style=\"text-align: justify;\">Ya estamos en plena temporada de lluvias y huracanes, que inici\u00f3 a partir del 15 de mayo y concluir\u00e1 el pr\u00f3ximo 30 de noviembre. Desde las \u00faltimas d\u00e9cadas, prevalece el temor e <img loading=\"lazy\" decoding=\"async\" class=\"alignleft size-medium wp-image-1254361\" src=\"https:\/\/www.acapulcopress.com\/wp-content\/uploads\/2023\/06\/ingrid-y-manuel-2013-375x279.jpg\" alt=\"\" width=\"375\" height=\"279\" \/>incertidumbre de eventuales desastres que puedan repetirse de la magnitud de los huracanes Paulina en 1997 y Manuel e Ingrid en 2013, que cobraron innumerables v\u00edctimas y cuantiosos da\u00f1os materiales.<\/p>\n<p style=\"text-align: justify;\">Anteriormente se registraron ciclones que no causaban p\u00e9rdidas humanas debido a la menor tasa de poblaci\u00f3n que habitaba en zonas vulnerables y de alto riesgo. Ahora est\u00e1n asentadas miles de familias con la probabilidad que se pueda repetir otra tragedia, sino se act\u00faa a tiempo.<\/p>\n<p style=\"text-align: justify;\">El problema central radica en la incapacidad gubernamental de asumir su responsabilidad para evitar p\u00e9rdidas humanas. No basta con instalar los Consejos Estatal y Municipal de Protecci\u00f3n Civil y ubicar albergues, sino mantener una actividad permanente durante este periodo, con la realizaci\u00f3n de diversas acciones de prevenci\u00f3n en materia de protecci\u00f3n civil, a fin de generar una cultura preventiva, capaz de hacer frente a los posibles embates de la naturaleza.<\/p>\n<p style=\"text-align: justify;\">En el caso de los sismos, se realizan simulacros de como reaccionar y ponerse a salvo de eventuales fracturas de la infraestructura urbana y familiar. De la misma manera, se deben realizar simulacros ante posibles contingencias que podr\u00edan originarse por la alta intensidad de lluvias o ciclones, desalojando preventivamente a los habitantes de todas las zonas de alto riesgo, en especial, quienes habitan al margen de r\u00edos, arroyos, barrancas, laderas, etc.<\/p>\n<p style=\"text-align: justify;\">Estos ejercicios de protecci\u00f3n civil deben tener permanencia, antes, durante y despu\u00e9s, hasta lograr consolidar una cultura de prevenci\u00f3n y de protecci\u00f3n civil, que evite consecuencias devastadoras como ha sucedido en el estado de Guerrero, en Acapulco y las costas. Que las experiencias sufridas sirvan de acicate para aprender las lecciones.<\/p>\n<p>No basta con notificar sobre el grave peligro que corren las familias que habitan en zonas de alto riesgo, sino estar con ellos, e instruirles sobre las acciones preventivas que deben realizar, conjuntamente con las autoridades y as\u00ed evitar p\u00e9rdidas de vidas.<\/p>\n<p style=\"text-align: justify;\">El fortalecimiento de una cultura de prevenci\u00f3n y protecci\u00f3n civil, es la alternativa para los habitantes de una entidad federativa, que se encuentra propensa a sufrir las consecuencias de fen\u00f3menos naturales, que peri\u00f3dicamente se vienen registrando en nuestro territorio suriano.<\/p>\n<p style=\"text-align: justify;\">Se esperan en la presente temporada de 16 a 22 tormentas tropicales y huracanes, en el Pac\u00edfico y de 10 a 16, en el Atl\u00e1ntico, de acuerdo a pron\u00f3stico emitidos por la Colorado State University y por el Servicio Meteorol\u00f3gico Nacional. \u00bfEstamos preparados para enfrentarlos?<\/p>\n<p style=\"text-align: justify;\"><strong>Marea Baja.-<\/strong> <a href=\"https:\/\/www.facebook.com\/profile.php?id=100087486527501\" target=\"_blank\" rel=\"noopener\">Rosalinda Bueso<\/a>, esposa de la \u201ccorcholata\u201d presidencial <a href=\"https:\/\/www.facebook.com\/MarceloEbrardC\" target=\"_blank\" rel=\"noopener\">Marcelo Ebrard<\/a>, <img loading=\"lazy\" decoding=\"async\" class=\"alignleft size-medium wp-image-1254365\" src=\"https:\/\/www.acapulcopress.com\/wp-content\/uploads\/2023\/06\/Rosalinda-Bueso-Asfura-375x375.jpg\" alt=\"\" width=\"375\" height=\"375\" \/>estar\u00e1 este d\u00eda en el puerto de Acapulco, para llevar a cabo un evento denominado \u201cMujeres, Protagonistas en la Transformaci\u00f3n del Pa\u00eds\u201d, con la participaci\u00f3n de la coordinadora nacional de la campa\u00f1a, senadora Martha Luc\u00eda Micher Camarena y Valentina Dur\u00e1n (Valentinamente feliz).<\/p>\n<p style=\"text-align: justify;\">Esta actividad es organizada por los grupos simpatizantes afines al canciller, destacando el movimiento generado por el finado <a href=\"https:\/\/www.facebook.com\/LuisWalton\" target=\"_blank\" rel=\"noopener\">Luis Walton Aburto<\/a>, en el Sal\u00f3n Cartuja, a las 12:00 horas.<\/p>\n<p style=\"text-align: justify;\"><strong>Marea Alta.-<\/strong> Ayer mi\u00e9rcoles tuvo efecto una marcha-mitin de los jubilados pertenecientes a la Comisi\u00f3n Intersindical, Asociaciones Civiles y Derechohabientes del ISSSTE, en Guerrero, que exigen la construcci\u00f3n de un hospital de tercer nivel de especialidades, debido a que el actual, no est\u00e1 en condiciones de brindar servicios de calidad y calidez, como lo marcan los estatutos de esa instituci\u00f3n.<\/p>\n<p style=\"text-align: justify;\">La Comisi\u00f3n Intersindical ha realizado gestiones ante el presidente L\u00f3pez Obrador, quien aprob\u00f3 la realizaci\u00f3n del proyecto y la asignaci\u00f3n del presupuesto correspondiente. Tambi\u00e9n se acudi\u00f3 a los gobiernos municipales de Acapulco, Coyuca, Chilpancingo y Eduardo Neri y al gobierno estatal anterior y al actual, en b\u00fasqueda de un terreno que cubriera las condiciones. Se hicieron varias propuestas y es hora que el gobierno todav\u00eda no ha definido el lugar para la construcci\u00f3n del nuevo hospital.<\/p>\n<p style=\"text-align: justify;\">La Comisi\u00f3n Intersindical manifiesta su preocupaci\u00f3n por el mutismo y la tardanza en la definici\u00f3n del terreno y la amenaza de qu\u00e9 si el recurso presupuestal aprobado no se aplica en este a\u00f1o, se podr\u00eda perder o trasladarse a otra entida; ante ello, radicalizar\u00e1n sus protestas.<\/p>\n<p style=\"text-align: justify;\"><strong>Maremoto.-<\/strong> El lunes 5 de junio se cumplir\u00e1n 50 a\u00f1os del \u201cD\u00eda Mundial del Medio Ambiente, instituido por la ONU, en el a\u00f1o 1973, para destacar la importancia de la protecci\u00f3n y salud del medio ambiente, para el bienestar de los pueblos y el desarrollo econ\u00f3mico de todo el mundo.<\/p>\n<p style=\"text-align: justify;\">En esa memorable fecha se realizar\u00e1 una en\u00e9rgica protesta frente a las instalaciones de la Central Termoel\u00e9ctrica \u201cPlutarco El\u00edas Calles\u201d, por las graves consecuencias ocasionadas por las emisiones de part\u00edculas contaminantes, que afectan a las familias del puerto pesquero Petacalco y comunidades aleda\u00f1as del municipio de La Uni\u00f3n.<\/p>\n<p style=\"text-align: justify;\">Diversas organizaciones sociales, entre ellas, \u201cQue Siga la IV Transformaci\u00f3n\u201d, confluir\u00e1n en ese lugar para unificar sus voces de inconformidad por los efectos nocivos de la grave contaminaci\u00f3n ambiental que produce la planta Termoel\u00e9ctrica.<\/p>\n<p style=\"text-align: justify;\">Los pobladores demandan al presidente de la Rep\u00fablica su intervenci\u00f3n para que los directivos de la Comisi\u00f3n Federal de Electricidad (CFE), no sigan actuando con soberbia y prepotencia y se avoquen a dar una soluci\u00f3n definitiva al problema, con la utilizaci\u00f3n de gas o carb\u00f3n, en vez del combust\u00f3leo que se viene usando en la planta, as\u00ed como la instalaci\u00f3n de filtros que eviten la emisi\u00f3n de contaminantes.<\/p>\n<p style=\"text-align: justify;\"><em>) S\u00edguenos en nuestra p\u00e1gina Facebook.com\/<a href=\"https:\/\/www.facebook.com\/acapulcopress.news\" target=\"_blank\" rel=\"noopener\">acapulcopress.news<\/a><\/em><\/p>\n","protected":false},"excerpt":{"rendered":"<p>Marem\u00e1gnum \u00bb RICARDO | CASTILLO BARRIENTOS ) Facebook: @Ricardo Castillo Barrientos Ya estamos en plena temporada de lluvias y huracanes, que inici\u00f3 a partir del 15 de mayo y concluir\u00e1 el pr\u00f3ximo 30 de noviembre. Desde las \u00faltimas d\u00e9cadas, prevalece el temor e incertidumbre de eventuales desastres que puedan repetirse de la magnitud de los&#8230;<\/p>\n","protected":false},"author":2,"featured_media":1254359,"comment_status":"closed","ping_status":"closed","sticky":false,"template":"","format":"standard","meta":{"footnotes":""},"categories":[2071,1991],"tags":[12218,12448,12503,15095,15575,15815],"class_list":["post-1254357","post","type-post","status-publish","format-standard","has-post-thumbnail","hentry","category-opinion-analisis-columnas","category-libertad-de-expresion","tag-luis-walton-aburto","tag-marcelo-ebrard-casaubon","tag-maremagnum","tag-proteccion-civil","tag-ricardo-castillo-barrientos","tag-rosalinda-bueso-asfura"],"_links":{"self":[{"href":"https:\/\/www.acapulcopress.com\/index.php\/wp-json\/wp\/v2\/posts\/1254357","targetHints":{"allow":["GET"]}}],"collection":[{"href":"https:\/\/www.acapulcopress.com\/index.php\/wp-json\/wp\/v2\/posts"}],"about":[{"href":"https:\/\/www.acapulcopress.com\/index.php\/wp-json\/wp\/v2\/types\/post"}],"author":[{"embeddable":true,"href":"https:\/\/www.acapulcopress.com\/index.php\/wp-json\/wp\/v2\/users\/2"}],"replies":[{"embeddable":true,"href":"https:\/\/www.acapulcopress.com\/index.php\/wp-json\/wp\/v2\/comments?post=1254357"}],"version-history":[{"count":0,"href":"https:\/\/www.acapulcopress.com\/index.php\/wp-json\/wp\/v2\/posts\/1254357\/revisions"}],"wp:featuredmedia":[{"embeddable":true,"href":"https:\/\/www.acapulcopress.com\/index.php\/wp-json\/"}],"wp:attachment":[{"href":"https:\/\/www.acapulcopress.com\/index.php\/wp-json\/wp\/v2\/media?parent=1254357"}],"wp:term":[{"taxonomy":"category","embeddable":true,"href":"https:\/\/www.acapulcopress.com\/index.php\/wp-json\/wp\/v2\/categories?post=1254357"},{"taxonomy":"post_tag","embeddable":true,"href":"https:\/\/www.acapulcopress.com\/index.php\/wp-json\/wp\/v2\/tags?post=1254357"}],"curies":[{"name":"wp","href":"https:\/\/api.w.org\/{rel}","templated":true}]}}