{"id":1254367,"date":"2023-06-01T19:36:41","date_gmt":"2023-06-02T00:36:41","guid":{"rendered":"https:\/\/www.acapulcopress.com\/?p=1254367"},"modified":"2023-06-01T19:36:41","modified_gmt":"2023-06-02T00:36:41","slug":"refrenda-evelyn-salgado-compromiso-de-continuar-en-la-ruta-para-lograr-la-paz-en-guerrero","status":"publish","type":"post","link":"https:\/\/www.acapulcopress.com\/index.php\/2023\/06\/01\/refrenda-evelyn-salgado-compromiso-de-continuar-en-la-ruta-para-lograr-la-paz-en-guerrero\/","title":{"rendered":"Refrenda Evelyn Salgado compromiso de continuar en la ruta para lograr la paz en Guerrero"},"content":{"rendered":"<p style=\"text-align: justify;\"><strong><em>* Asisti\u00f3 Gobernadora a la Ceremonia Conmemorativa al 81 aniversario del D\u00eda de la Marina<\/em><\/strong><\/p>\n<p>ACAPULCO * 1 de junio de 2023.<br \/>\n<em>) Gobierno de Guerrero<\/em><\/p>\n<p style=\"text-align: justify;\">\u201cDesde estas tierras del sur, conmemoramos un a\u00f1o m\u00e1s a la Marina nacional, refrendando <img loading=\"lazy\" decoding=\"async\" class=\"alignleft size-medium wp-image-1254373\" src=\"https:\/\/www.acapulcopress.com\/wp-content\/uploads\/2023\/06\/Dia-de-la-Marina-Gro6-375x250.jpg\" alt=\"\" width=\"375\" height=\"250\" \/>nuestro compromiso absoluto de seguir caminando de la mano en las tareas de seguridad, de conservaci\u00f3n, de construcci\u00f3n de paz y de oportunidades para Guerrero\u201d, expres\u00f3 la gobernadora <a href=\"https:\/\/www.facebook.com\/EvelynSalgadoP\" target=\"_blank\" rel=\"noopener\">Evelyn Salgado Pineda<\/a> durante su participaci\u00f3n en la Ceremonia Conmemorativa al 81 aniversario del D\u00eda de la Marina.<\/p>\n<p style=\"text-align: justify;\">Con la presencia del comandante de la D\u00e9cima Segunda Regi\u00f3n Naval, Julio C\u00e9sar Pescina \u00c1vila, la mandataria estatal felicit\u00f3 a todas las mujeres y hombres que han hecho de los mares su vida, quienes, con su valent\u00eda, son herederos de una historia de gloria y honor, manteniendo con humildad y sensibilidad ese gran legado que les fue entregado.<\/p>\n<p style=\"text-align: justify;\">\u201cEn este d\u00eda tan especial, quiero reiterar el reconocimiento para todas las instituciones, <img loading=\"lazy\" decoding=\"async\" class=\"alignleft size-medium wp-image-1254371\" src=\"https:\/\/www.acapulcopress.com\/wp-content\/uploads\/2023\/06\/Dia-de-la-Marina-Gro4-375x229.jpg\" alt=\"\" width=\"375\" height=\"229\" \/>para todas las personas que nunca han regateado su apoyo a M\u00e9xico y a su pueblo. Al contrario, se han convertido en pilares fuertes de transformaci\u00f3n, de una transformaci\u00f3n que es pac\u00edfica, pero profunda; desde sus distintas trincheras siempre abonando a la construcci\u00f3n de un pa\u00eds con bienestar, con justicia social, con desarrollo, con seguridad y con soberan\u00eda. Por eso todo nuestro reconocimiento y todo nuestro agradecimiento\u201d, abund\u00f3.<\/p>\n<p style=\"text-align: justify;\">Durante el evento que se realiz\u00f3 en la explanada de las instalaciones de la D\u00e9cima Segunda Regi\u00f3n Naval, la jefa del Ejecutivo estatal expres\u00f3 su benepl\u00e1cito al ser parte de esta conmemoraci\u00f3n, en la que se reconoce la labor de las mujeres y los hombres de mar, quienes, con su convicci\u00f3n y amor a la patria, han construido grandes episodios de la <img loading=\"lazy\" decoding=\"async\" class=\"alignleft size-medium wp-image-1254372\" src=\"https:\/\/www.acapulcopress.com\/wp-content\/uploads\/2023\/06\/Dia-de-la-Marina-Gro5-375x234.jpg\" alt=\"\" width=\"375\" height=\"234\" \/>historia nacional.<\/p>\n<p style=\"text-align: justify;\">En tanto que Pescina \u00c1vila, dio lectura al mensaje oficial del secretario de Marina, Jos\u00e9 Rafael Ojeda Dur\u00e1n, en el que destac\u00f3 que el valor estrat\u00e9gico de contar con una Marina sustentable y s\u00f3lida es un factor clave para el desarrollo nacional y el cuidado de los recursos marinos, en donde las y los marinos mercantes, navieros, tur\u00edsticos, trabajadores de la industria naval, empresarios, pescadores, ambientalistas, petroleros, investigadores y navales, defienden el valor de los mares mexicanos y lo mucho que representan para el pa\u00eds. Y a\u00f1adi\u00f3: \u201cJuntos trabajamos para convertir a M\u00e9xico en un pa\u00eds m\u00e1s justo, igualitario, equitativo, solidario y sustentable; juntos emprendemos la transformaci\u00f3n de nuestros mares en una plataforma log\u00edstica a nivel mundial, en una nueva ruta para el comercio internacional\u201d.<\/p>\n<p style=\"text-align: justify;\">Como parte de esta ceremonia, se llev\u00f3 a cabo la lectura de la rese\u00f1a hist\u00f3rica del D\u00eda de la Marina; y se hizo entrega de reconocimientos a personal naval. De igual manera la gobernadora y las autoridades navales, militares y civiles, montaron una guardia de honor, y se guard\u00f3 un minuto de silencio en memoria de los marinos ca\u00eddos.<\/p>\n<p style=\"text-align: justify;\">Participaron en este acto la Columna de Honor, integrada por la Banda de Guerra, la Banda de M\u00fasica, Escolta, Grupo de Comando, Oficiales, Alumnos de la Escuela de B\u00fasqueda, Rescate y Buceo; personal de clases y mariner\u00eda, as\u00ed como personal perteneciente al 27 Batall\u00f3n de Infanter\u00eda de Marina.<\/p>\n<p style=\"text-align: justify;\">Asistieron el comandante de la Novena Regi\u00f3n Militar, Ricardo Flores Gonz\u00e1les; el secretario general de Gobierno, Ludwig Marcial Reynoso N\u00fa\u00f1ez; la presidenta del DIF Guerrero, Liz Salgado Pineda; la presidenta de la Mesa Directiva del Congreso Local, Yanelly Hern\u00e1ndez Mart\u00ednez; el presidente del Tribunal Superior de Justicia del Estado, Raymundo Casarrubias V\u00e1zquez; el vicefiscal de Prevenci\u00f3n y Seguimiento, Miguel de la Cruz P\u00e9rez; el subsecretario general del Ayuntamiento de Acapulco, Marcelino Miranda A\u00f1orve; el administrador de la Asipona de Acapulco, Raymundo S\u00e1nchez L\u00f3pez; el capit\u00e1n regional del puerto de Acapulco, Gamaliel Reyes Ram\u00edrez, as\u00ed como autoridades de los tres niveles\u00a0de\u00a0gobierno.<\/p>\n<p style=\"text-align: justify;\"><em>) S\u00edguenos en nuestra p\u00e1gina Facebook.com\/<a href=\"https:\/\/www.facebook.com\/acapulcopress.news\" target=\"_blank\" rel=\"noopener\">acapulcopress.news<\/a><\/em><\/p>\n","protected":false},"excerpt":{"rendered":"<p>* Asisti\u00f3 Gobernadora a la Ceremonia Conmemorativa al 81 aniversario del D\u00eda de la Marina ACAPULCO * 1 de junio de 2023. ) Gobierno de Guerrero \u201cDesde estas tierras del sur, conmemoramos un a\u00f1o m\u00e1s a la Marina nacional, refrendando nuestro compromiso absoluto de seguir caminando de la mano en las tareas de seguridad, de&#8230;<\/p>\n","protected":false},"author":2,"featured_media":1254368,"comment_status":"closed","ping_status":"closed","sticky":false,"template":"","format":"standard","meta":{"footnotes":""},"categories":[1972,1983,18561],"tags":[3035,7170,8251,9302,11329,18137],"class_list":["post-1254367","post","type-post","status-publish","format-standard","has-post-thumbnail","hentry","category-special","category-guerrerogob","category-society-politics","tag-81-aniversario-del-dia-de-la-marina","tag-dia-de-la-marina","tag-evelyn-salgado-pineda","tag-gobierno-de-guerrero","tag-julio-cesar-pescina-avila","tag-xii-region-naval"],"_links":{"self":[{"href":"https:\/\/www.acapulcopress.com\/index.php\/wp-json\/wp\/v2\/posts\/1254367","targetHints":{"allow":["GET"]}}],"collection":[{"href":"https:\/\/www.acapulcopress.com\/index.php\/wp-json\/wp\/v2\/posts"}],"about":[{"href":"https:\/\/www.acapulcopress.com\/index.php\/wp-json\/wp\/v2\/types\/post"}],"author":[{"embeddable":true,"href":"https:\/\/www.acapulcopress.com\/index.php\/wp-json\/wp\/v2\/users\/2"}],"replies":[{"embeddable":true,"href":"https:\/\/www.acapulcopress.com\/index.php\/wp-json\/wp\/v2\/comments?post=1254367"}],"version-history":[{"count":0,"href":"https:\/\/www.acapulcopress.com\/index.php\/wp-json\/wp\/v2\/posts\/1254367\/revisions"}],"wp:featuredmedia":[{"embeddable":true,"href":"https:\/\/www.acapulcopress.com\/index.php\/wp-json\/"}],"wp:attachment":[{"href":"https:\/\/www.acapulcopress.com\/index.php\/wp-json\/wp\/v2\/media?parent=1254367"}],"wp:term":[{"taxonomy":"category","embeddable":true,"href":"https:\/\/www.acapulcopress.com\/index.php\/wp-json\/wp\/v2\/categories?post=1254367"},{"taxonomy":"post_tag","embeddable":true,"href":"https:\/\/www.acapulcopress.com\/index.php\/wp-json\/wp\/v2\/tags?post=1254367"}],"curies":[{"name":"wp","href":"https:\/\/api.w.org\/{rel}","templated":true}]}}