{"id":1254386,"date":"2023-06-01T20:39:58","date_gmt":"2023-06-02T01:39:58","guid":{"rendered":"https:\/\/www.acapulcopress.com\/?p=1254386"},"modified":"2023-06-01T20:39:58","modified_gmt":"2023-06-02T01:39:58","slug":"onu-y-oea-no-han-hecho-nada-por-los-pobres-asegura-amlo","status":"publish","type":"post","link":"https:\/\/www.acapulcopress.com\/index.php\/2023\/06\/01\/onu-y-oea-no-han-hecho-nada-por-los-pobres-asegura-amlo\/","title":{"rendered":"ONU y OEA no han hecho nada por los pobres, asegura AMLO"},"content":{"rendered":"<p style=\"text-align: justify;\">CIUDAD DE M\u00c9XICO * 1 de junio de 2023.<br \/>\n<em>) <a href=\"https:\/\/www.forbes.com.mx\/amlo-truena-contra-la-onu-y-la-oea-no-les-creo-no-han-hecho-nada-por-los-pobres\/\" target=\"_blank\" rel=\"noopener\">LatinUs<\/a><\/em><\/p>\n<p style=\"text-align: justify;\">El presidente <a href=\"https:\/\/www.facebook.com\/lopezobrador.org.mx\" target=\"_blank\" rel=\"noopener\">Andr\u00e9s Manuel L\u00f3pez Obrador<\/a> carg\u00f3 este jueves contra organismos internacionales como la <a href=\"https:\/\/www.facebook.com\/unitednations\" target=\"_blank\" rel=\"noopener\">Organizaci\u00f3n de las Naciones Unidas<\/a> (ONU) y la <a href=\"https:\/\/www.facebook.com\/OEAoficial\" target=\"_blank\" rel=\"noopener\">Organizaci\u00f3n de Estados Americanos<\/a> (OEA).<\/p>\n<p style=\"text-align: justify;\">En su conferencia de prensa matutina de este jueves, desde Tamaulipas, el mandatario dijo que estas instituciones no han hecho nada por los pobres y que no les cree sus buenas intenciones.<\/p>\n<p style=\"text-align: justify;\">\u201cNo les creo, no act\u00faan con justicia. Le quiero decir a la OEA que no han hecho nada para defender a los pobres del mundo, y tienen aparatos administrativos y much\u00edsimos bur\u00f3cratas, pedigree, porque ganan much\u00edsimo dinero, pero no ven nada en violaci\u00f3n de derechos humanos\u201d, lanz\u00f3 AMLO.<\/p>\n<p style=\"text-align: justify;\">Y agreg\u00f3: \u201c\u00bfd\u00f3nde est\u00e1 la declaraci\u00f3n de la ONU en contra de los desaparecidos en la \u00e9poca de (Genaro) Garc\u00eda Luna? \u00bfQu\u00e9 hac\u00edan? Y hay muchos funcionarios aqu\u00ed en M\u00e9xico de la ONU, de la OEA. El organismo de derechos humanos de la OEA lo lleg\u00f3 a manejar un senador que es un reverendo farsante, (Emilio) \u00c1lvarez Icaza\u201d.<\/p>\n<p style=\"text-align: justify;\">El mandatario calific\u00f3 al hoy senador \u00c1lvarez Icaza de ser un \u201csimulador, porque cuando est\u00e1bamos defendiendo los votos en el Z\u00f3calo (de la Ciudad de M\u00e9xico), evitando la violencia, porque nos robaron la Presidencia, de eso no hay duda, (Felipe) Calder\u00f3n no gan\u00f3, la oligarqu\u00eda lo impuso, este se\u00f1or (\u00c1lvarez Icaza) estaba de presidente de la Comisi\u00f3n de Derechos Humanos de la Ciudad de M\u00e9xico y su recomendaci\u00f3n fue en el sentido de que nos desalojaran\u201d.<\/p>\n<p style=\"text-align: justify;\">El mandatario consider\u00f3 que \u201cpor esas ligas con el conservadurismo, con los reaccionarios de estas organizaciones no gubernamentales y supuestamente de defensa de derechos humanos, (\u00c1lvarez Icaza) lleg\u00f3 a ser secretario general de la comisi\u00f3n de derechos humanos de la OEA\u201d.<\/p>\n<p style=\"text-align: justify;\">L\u00f3pez Obrador se refiri\u00f3 tambi\u00e9n al reciente choque entre personas que protestaban en contra de la Suprema Corte de Justicia de la Naci\u00f3n y otras que llegaron a agredirlos. \u201cEstaban protestando y de repente llegan porros a golpear, a quitarles sus mantas, a desalojarlos, los pap\u00e1s de los ni\u00f1os que perdieron la vida en la Guarder\u00eda ABC hab\u00edan puesto unas cruces, las quitaron\u201d.<\/p>\n<p style=\"text-align: justify;\">AMLO aprovech\u00f3 este caso para criticar de nueva cuenta a \u00c1lvarez Icaza por un tuit que public\u00f3 el actual senador sobre lo ocurrido afuera de la Suprema Corte de Justicia de la Naci\u00f3n.<\/p>\n<p style=\"text-align: justify;\">El mensaje del senador dec\u00eda: \u201cAMLO y Claudia Sheinbaum han alentado la violencia contra la SCJN. La gente se hart\u00f3 y de manera pac\u00edfica presion\u00f3 para desalojar a los provocadores. Y entonces apareci\u00f3 la Secretar\u00eda de Seguridad Ciudadana para proteger a los provocadores\u201d.<\/p>\n<p style=\"text-align: justify;\">Este personaje, dijo L\u00f3pez Obrador, fue director de derechos humanos de la OEA y que por eso siempre le gusta escuchar la canci\u00f3n de Carlos Puebla (cantautor cubano), que dice: \u201cc\u00f3mo no me voy a re\u00edr de la OEA que es una cosa tan fea, tan fea que causa risa\u201d.<\/p>\n<p style=\"text-align: justify;\">\u201cAh\u00ed se las recomiendo\u201d, cerr\u00f3 el funcionario federal su cr\u00edtica a este organismo internacional.<\/p>\n<p style=\"text-align: justify;\">) S\u00edguenos en nuestra p\u00e1gina Facebook.com\/acapulcopress.news<br \/>\nhttps:\/\/www.facebook.com\/acapulcopress.news<\/p>\n","protected":false},"excerpt":{"rendered":"<p>CIUDAD DE M\u00c9XICO * 1 de junio de 2023. ) LatinUs El presidente Andr\u00e9s Manuel L\u00f3pez Obrador carg\u00f3 este jueves contra organismos internacionales como la Organizaci\u00f3n de las Naciones Unidas (ONU) y la Organizaci\u00f3n de Estados Americanos (OEA). En su conferencia de prensa matutina de este jueves, desde Tamaulipas, el mandatario dijo que estas instituciones&#8230;<\/p>\n","protected":false},"author":2,"featured_media":1254387,"comment_status":"closed","ping_status":"closed","sticky":false,"template":"","format":"standard","meta":{"footnotes":""},"categories":[1969,1972,2020],"tags":[14016,14021],"class_list":["post-1254386","post","type-post","status-publish","format-standard","has-post-thumbnail","hentry","category-trending","category-special","category-world-news","tag-organizacion-de-estados-americanos-oea","tag-organizacion-de-las-naciones-unidas-onu"],"_links":{"self":[{"href":"https:\/\/www.acapulcopress.com\/index.php\/wp-json\/wp\/v2\/posts\/1254386","targetHints":{"allow":["GET"]}}],"collection":[{"href":"https:\/\/www.acapulcopress.com\/index.php\/wp-json\/wp\/v2\/posts"}],"about":[{"href":"https:\/\/www.acapulcopress.com\/index.php\/wp-json\/wp\/v2\/types\/post"}],"author":[{"embeddable":true,"href":"https:\/\/www.acapulcopress.com\/index.php\/wp-json\/wp\/v2\/users\/2"}],"replies":[{"embeddable":true,"href":"https:\/\/www.acapulcopress.com\/index.php\/wp-json\/wp\/v2\/comments?post=1254386"}],"version-history":[{"count":0,"href":"https:\/\/www.acapulcopress.com\/index.php\/wp-json\/wp\/v2\/posts\/1254386\/revisions"}],"wp:featuredmedia":[{"embeddable":true,"href":"https:\/\/www.acapulcopress.com\/index.php\/wp-json\/"}],"wp:attachment":[{"href":"https:\/\/www.acapulcopress.com\/index.php\/wp-json\/wp\/v2\/media?parent=1254386"}],"wp:term":[{"taxonomy":"category","embeddable":true,"href":"https:\/\/www.acapulcopress.com\/index.php\/wp-json\/wp\/v2\/categories?post=1254386"},{"taxonomy":"post_tag","embeddable":true,"href":"https:\/\/www.acapulcopress.com\/index.php\/wp-json\/wp\/v2\/tags?post=1254386"}],"curies":[{"name":"wp","href":"https:\/\/api.w.org\/{rel}","templated":true}]}}