{"id":1254419,"date":"2023-06-05T20:31:48","date_gmt":"2023-06-06T01:31:48","guid":{"rendered":"https:\/\/www.acapulcopress.com\/?p=1254419"},"modified":"2023-06-05T20:31:48","modified_gmt":"2023-06-06T01:31:48","slug":"promete-amlo-no-intervenir-en-seleccion-de-candidato-presidencial-del-2024","status":"publish","type":"post","link":"https:\/\/www.acapulcopress.com\/index.php\/2023\/06\/05\/promete-amlo-no-intervenir-en-seleccion-de-candidato-presidencial-del-2024\/","title":{"rendered":"Promete AMLO no intervenir en selecci\u00f3n de candidato presidencial del 2024"},"content":{"rendered":"<p style=\"text-align: justify;\">CIUDAD DE M\u00c9XICO * 5 de junio de 2023.<br \/>\n<em>) <a href=\"https:\/\/efe.com\/mundo\/2023-06-05\/lopez-obrador-promete-no-intervenir-en-la-eleccion-del-candidato-presidencial-de-su-partido-hacia-las-elecciones-mexicanas-de-2024\/\" target=\"_blank\" rel=\"noopener\">Efe<\/a><\/em><\/p>\n<p style=\"text-align: justify;\">El presidente de M\u00e9xico, <a href=\"https:\/\/www.facebook.com\/lopezobrador.org.mx\" target=\"_blank\" rel=\"noopener\">Andr\u00e9s Manuel L\u00f3pez Obrador<\/a>, prometi\u00f3 este lunes que no intervendr\u00e1 en la elecci\u00f3n del candidato presidencial de su partido, el Movimiento de Regeneraci\u00f3n Nacional (Morena), a un a\u00f1o de las presidenciales de 2024.<\/p>\n<p style=\"text-align: justify;\">\u201cNo va a haber dedazo\u201d, afirm\u00f3 el mandatario durante su rueda de prensa matutina desde el Palacio Nacional.<\/p>\n<p style=\"text-align: justify;\">En el marco de la jornada electoral del 4 de junio para elegir a los gobernadores de Coahuila y el Estado de M\u00e9xico, el gobernante mexicano pidi\u00f3 terminar con lo que consider\u00f3 \u201cpr\u00e1cticas antidemocr\u00e1ticas\u201d en los procesos electorales del pa\u00eds.<\/p>\n<p style=\"text-align: justify;\"><strong>Arranque de la carrera presidencial en M\u00e9xico<br \/>\n<\/strong><br \/>\nLas elecciones del domingo marcaron el inicio simb\u00f3lico de la carrera presidencial del pr\u00f3ximo a\u00f1o, despu\u00e9s de que el partido de L\u00f3pez Obrador conquist\u00f3 el Estado de M\u00e9xico, el m\u00e1s poblado del pa\u00eds, mientras que el exhegem\u00f3nico Partido Revolucionario Institucional (PRI) mantuvo en Coahuila su \u00faltimo basti\u00f3n.<\/p>\n<p style=\"text-align: justify;\">\u201c(Acabar con) el dedazo, el tapado (candidato del presidente), la imposici\u00f3n, barrer con todo eso, acabar con todo eso y eso aplica a todos los partidos. No es que yo voy a poner al candidato de Morena, no. No va a haber dedazo, va a ser la gente. Van a ser los ciudadanos los que van a decidir\u201d, prometi\u00f3 el mandatario para la elecci\u00f3n presidencial.<\/p>\n<p style=\"text-align: justify;\">L\u00f3pez Obrador hizo un llamado a \u201cdesterrar\u201d acciones como las calumnias en los medios, los pactos de las c\u00fapulas econ\u00f3micas con partidos pol\u00edticos, la entrega de dinero a candidatos, recibir dinero del extranjero y, \u201cdesde luego, desterrar la compra del voto, la intimidaci\u00f3n, el uso del presupuesto para favorecer partidos\u201d, entre otras cosas.<\/p>\n<p style=\"text-align: justify;\"><strong>L\u00f3pez Obrador aboga por la democracia<\/strong><\/p>\n<p>Asimismo, el mandatario aprovech\u00f3 el espacio para felicitar a los virtuales ganadores de las elecciones en el norte\u00f1o estado de Coahuila y en el central Estado de M\u00e9xico, donde triunf\u00f3 Delfina G\u00f3mez, exsecretaria de Educaci\u00f3n P\u00fablica de L\u00f3pez Obrador.<\/p>\n<p style=\"text-align: justify;\">\u201cFelicidades a la gente y tambi\u00e9n a quienes triunfaron, Manolo Jim\u00e9nez (en Coahuila) y la maestra Delfina\u201d, precis\u00f3.<\/p>\n<p style=\"text-align: justify;\">Destac\u00f3 que en las elecciones del domingo se vio \u201cpluralidad\u201d lo que significa la \u201crepresentaci\u00f3n de todo el pueblo\u201d.<\/p>\n<p style=\"text-align: justify;\">Dijo adem\u00e1s que a un a\u00f1o de las elecciones presidenciales lo importante es \u201cafianzar la democracia, no solo como sistema pol\u00edtico como forma de gobierno, sino como forma de vida\u201d.<\/p>\n<p style=\"text-align: justify;\">L\u00f3pez Obrador destac\u00f3 que \u201cno hubo problemas mayores\u201d, la gente particip\u00f3 y no hubo protestas postelectorales aunque, dijo, \u201ctodav\u00eda pueden presentarse legalmente denuncias\u201d.<\/p>\n<p style=\"text-align: justify;\"><em>) S\u00edguenos en nuestra p\u00e1gina Facebook.com\/<a href=\"https:\/\/www.facebook.com\/acapulcopress.news\" target=\"_blank\" rel=\"noopener\">acapulcopress.news<\/a><\/em><\/p>\n","protected":false},"excerpt":{"rendered":"<p>CIUDAD DE M\u00c9XICO * 5 de junio de 2023. ) Efe El presidente de M\u00e9xico, Andr\u00e9s Manuel L\u00f3pez Obrador, prometi\u00f3 este lunes que no intervendr\u00e1 en la elecci\u00f3n del candidato presidencial de su partido, el Movimiento de Regeneraci\u00f3n Nacional (Morena), a un a\u00f1o de las presidenciales de 2024. \u201cNo va a haber dedazo\u201d, afirm\u00f3 el&#8230;<\/p>\n","protected":false},"author":2,"featured_media":1254420,"comment_status":"closed","ping_status":"closed","sticky":false,"template":"","format":"standard","meta":{"footnotes":""},"categories":[1969,1972,18565],"tags":[3896],"class_list":["post-1254419","post","type-post","status-publish","format-standard","has-post-thumbnail","hentry","category-trending","category-special","category-politicos","tag-andres-manuel-lopez-obrador"],"_links":{"self":[{"href":"https:\/\/www.acapulcopress.com\/index.php\/wp-json\/wp\/v2\/posts\/1254419","targetHints":{"allow":["GET"]}}],"collection":[{"href":"https:\/\/www.acapulcopress.com\/index.php\/wp-json\/wp\/v2\/posts"}],"about":[{"href":"https:\/\/www.acapulcopress.com\/index.php\/wp-json\/wp\/v2\/types\/post"}],"author":[{"embeddable":true,"href":"https:\/\/www.acapulcopress.com\/index.php\/wp-json\/wp\/v2\/users\/2"}],"replies":[{"embeddable":true,"href":"https:\/\/www.acapulcopress.com\/index.php\/wp-json\/wp\/v2\/comments?post=1254419"}],"version-history":[{"count":0,"href":"https:\/\/www.acapulcopress.com\/index.php\/wp-json\/wp\/v2\/posts\/1254419\/revisions"}],"wp:featuredmedia":[{"embeddable":true,"href":"https:\/\/www.acapulcopress.com\/index.php\/wp-json\/"}],"wp:attachment":[{"href":"https:\/\/www.acapulcopress.com\/index.php\/wp-json\/wp\/v2\/media?parent=1254419"}],"wp:term":[{"taxonomy":"category","embeddable":true,"href":"https:\/\/www.acapulcopress.com\/index.php\/wp-json\/wp\/v2\/categories?post=1254419"},{"taxonomy":"post_tag","embeddable":true,"href":"https:\/\/www.acapulcopress.com\/index.php\/wp-json\/wp\/v2\/tags?post=1254419"}],"curies":[{"name":"wp","href":"https:\/\/api.w.org\/{rel}","templated":true}]}}