{"id":1254430,"date":"2023-06-05T21:47:50","date_gmt":"2023-06-06T02:47:50","guid":{"rendered":"https:\/\/www.acapulcopress.com\/?p=1254430"},"modified":"2023-06-05T21:47:50","modified_gmt":"2023-06-06T02:47:50","slug":"va-por-mexico-un-proyecto-perdedor-mc","status":"publish","type":"post","link":"https:\/\/www.acapulcopress.com\/index.php\/2023\/06\/05\/va-por-mexico-un-proyecto-perdedor-mc\/","title":{"rendered":"\u00abVa por M\u00e9xico\u00bb, un proyecto perdedor | MC"},"content":{"rendered":"<p style=\"text-align: justify;\">CIUDAD DE M\u00c9XICO * 5 de junio de 2023.<br \/>\n<em>) <a href=\"https:\/\/www.forbes.com.mx\/va-por-mexico-es-un-proyecto-perdedor-mc-dice-no-otra-vez-al-pan-pri-y-prd\/\" target=\"_blank\" rel=\"noopener\">Forbes M\u00e9xico<\/a><\/em><\/p>\n<p style=\"text-align: justify;\">El l\u00edder de <a href=\"https:\/\/www.facebook.com\/MovCiudadanoMX\" target=\"_blank\" rel=\"noopener\">Movimiento Ciudadano<\/a> (MC),<a href=\"https:\/\/www.facebook.com\/DanteDelgadoR\" target=\"_blank\" rel=\"noopener\"> Dante Delgado<\/a>, rechaz\u00f3 nuevamente la invitaci\u00f3n del PAN, PRI y PRD a unirse a la alianza <em>Va por M\u00e9xico<\/em> para las elecciones presidenciales de 2024, pues el emecista dijo que esa uni\u00f3n pol\u00edtica es un proyecto perdedor.<\/p>\n<p style=\"text-align: justify;\">Esta ma\u00f1ana, los integrantes de <em>Va por M\u00e9xico<\/em> se\u00f1alaron que har\u00edan los \u00faltimos llamados a MC para unirse a esta coalici\u00f3n con el fin de ganar la Presidencia del pa\u00eds y hacerle frente a Morena; sin embargo, el partido naranja volvi\u00f3 a rehusarse.<\/p>\n<p style=\"text-align: justify;\">\u201c\u00bfCreen que es racional que insistan una y otra vez en un proyecto que ha fracasado sea el <img loading=\"lazy\" decoding=\"async\" class=\"alignleft size-medium wp-image-1254432\" src=\"https:\/\/www.acapulcopress.com\/wp-content\/uploads\/2023\/06\/mc-titanic-375x469.jpg\" alt=\"\" width=\"375\" height=\"469\" \/>camino? (\u2026) Es un proyecto perdedor, sin inteligencia pol\u00edtica, comparsa de la 4T\u201d, acus\u00f3 Dante Delgado, quien reiter\u00f3 que hay un \u201ccontubernio\u201d entre el PRI y Morena.<\/p>\n<p style=\"text-align: justify;\">En conferencia, el tambi\u00e9n senador neg\u00f3 que MC acepte ir con el PRI y aclar\u00f3 que tampoco ir\u00edan con el PAN porque constantemente \u201cagravia\u201d a su partido y enfatiz\u00f3 que esa uni\u00f3n pol\u00edtica ha estado perdiendo votos.<\/p>\n<p style=\"text-align: justify;\">\u201c\u00bfC\u00f3mo nos vamos a sentar a platicar con ellos (PAN)? Adem\u00e1s por no ir con ellos, nos ofenden. Han fracasado una y otra vez y quieren que nos subamos al Titanic, quieren que nuestro nuestro acuerdo sea en el fondo marino donde se est\u00e1 depositando su barco lleno de cuarteaduras\u201d, expres\u00f3.<\/p>\n<p style=\"text-align: justify;\">Al hablar de las elecciones de ayer, Dante Delgado coment\u00f3 que Morena quer\u00eda el Estado de M\u00e9xico para mandar el mensaje de imbatibilidad y al mismo tiempo el partido oficialista le daba la factibilidad al PRI para continuar en Coahuila, porque, explic\u00f3, es una entidad de menor peso electoral y poblacional.<\/p>\n<p style=\"text-align: justify;\">De visita en Yucat\u00e1n para participar en el seminario \u201cInfraestructura para el desarrollo\u201d, el l\u00edder de Movimiento Ciudadano coment\u00f3 que la \u00fanica fuerza pol\u00edtica de oposici\u00f3n es su partido y no el PAN ni el PRI ni el PRD; adem\u00e1s, asever\u00f3 que ellos solos sacan m\u00e1s votos que Va por M\u00e9xico.<\/p>\n<p style=\"text-align: justify;\"><em>) S\u00edguenos en nuestra p\u00e1gina Facebook.com\/<a href=\"https:\/\/www.facebook.com\/acapulcopress.news\" target=\"_blank\" rel=\"noopener\">acapulcopress.news<\/a><\/em><\/p>\n","protected":false},"excerpt":{"rendered":"<p>CIUDAD DE M\u00c9XICO * 5 de junio de 2023. ) Forbes M\u00e9xico El l\u00edder de Movimiento Ciudadano (MC), Dante Delgado, rechaz\u00f3 nuevamente la invitaci\u00f3n del PAN, PRI y PRD a unirse a la alianza Va por M\u00e9xico para las elecciones presidenciales de 2024, pues el emecista dijo que esa uni\u00f3n pol\u00edtica es un proyecto perdedor&#8230;.<\/p>\n","protected":false},"author":2,"featured_media":1254431,"comment_status":"closed","ping_status":"closed","sticky":false,"template":"","format":"standard","meta":{"footnotes":""},"categories":[1997],"tags":[2540,6943,13334,14184,14804,14914],"class_list":["post-1254430","post","type-post","status-publish","format-standard","has-post-thumbnail","hentry","category-noticias-destacadas","tag-va-por-mexico","tag-dante-delgado","tag-movimiento-ciudadano-mc","tag-pan","tag-prd","tag-pri"],"_links":{"self":[{"href":"https:\/\/www.acapulcopress.com\/index.php\/wp-json\/wp\/v2\/posts\/1254430","targetHints":{"allow":["GET"]}}],"collection":[{"href":"https:\/\/www.acapulcopress.com\/index.php\/wp-json\/wp\/v2\/posts"}],"about":[{"href":"https:\/\/www.acapulcopress.com\/index.php\/wp-json\/wp\/v2\/types\/post"}],"author":[{"embeddable":true,"href":"https:\/\/www.acapulcopress.com\/index.php\/wp-json\/wp\/v2\/users\/2"}],"replies":[{"embeddable":true,"href":"https:\/\/www.acapulcopress.com\/index.php\/wp-json\/wp\/v2\/comments?post=1254430"}],"version-history":[{"count":0,"href":"https:\/\/www.acapulcopress.com\/index.php\/wp-json\/wp\/v2\/posts\/1254430\/revisions"}],"wp:featuredmedia":[{"embeddable":true,"href":"https:\/\/www.acapulcopress.com\/index.php\/wp-json\/"}],"wp:attachment":[{"href":"https:\/\/www.acapulcopress.com\/index.php\/wp-json\/wp\/v2\/media?parent=1254430"}],"wp:term":[{"taxonomy":"category","embeddable":true,"href":"https:\/\/www.acapulcopress.com\/index.php\/wp-json\/wp\/v2\/categories?post=1254430"},{"taxonomy":"post_tag","embeddable":true,"href":"https:\/\/www.acapulcopress.com\/index.php\/wp-json\/wp\/v2\/tags?post=1254430"}],"curies":[{"name":"wp","href":"https:\/\/api.w.org\/{rel}","templated":true}]}}