{"id":1254512,"date":"2023-06-08T12:34:18","date_gmt":"2023-06-08T17:34:18","guid":{"rendered":"https:\/\/www.acapulcopress.com\/?p=1254512"},"modified":"2023-06-08T12:34:18","modified_gmt":"2023-06-08T17:34:18","slug":"cronica-de-una-quemazon-anunciada","status":"publish","type":"post","link":"https:\/\/www.acapulcopress.com\/index.php\/2023\/06\/08\/cronica-de-una-quemazon-anunciada\/","title":{"rendered":"Cr\u00f3nica de una quemaz\u00f3n anunciada"},"content":{"rendered":"<p style=\"text-align: justify;\">Marem\u00e1gnum<br \/>\n\u00bb <strong>RICARDO<\/strong> | <strong>CASTILLO BARRIENTOS<\/strong><br \/>\n<em>) Facebook: @<a href=\"https:\/\/www.facebook.com\/ricardocastill01\" target=\"_blank\" rel=\"noopener\">Ricardo Castillo Barrientos<\/a><\/em><\/p>\n<p style=\"text-align: justify;\">Lo que hab\u00eda de suceder, sucedi\u00f3. La quemaz\u00f3n del mercado central del puerto de Acapulco, -casi 55 a\u00f1os de existencia- era previsible por sus condiciones vulnerables y latentes.<\/p>\n<p style=\"text-align: justify;\">La problem\u00e1tica del mercado no ha sido nada f\u00e1cil, siempre compleja, azarosa y en el filo de la navaja, por el desorden que rayaba en la anarqu\u00eda conjugada con todo tipo de vicisitudes, en una cotidianidad normalizada como forma de vida de los comerciantes.<\/p>\n<p style=\"text-align: justify;\">En pleno coraz\u00f3n del puerto, se construyeron 3 naves comerciales en 1969, en el terreno de la cancha de futbol de la liga \u201cInter-barrios\u201d, ubicada frente a la f\u00e1brica de hielo de Constituyentes y el canal de Aguas Blancas, que vino a desplazar al c\u00e9ntrico mercado \u201cEl Parazal\u201d, actualmente el destartalado mercado \u201cTepito\u201d.<\/p>\n<p style=\"text-align: justify;\">Como todo lo nuevo, las modernas instalaciones luc\u00edan funcionales, \u00f3ptimas. Ir al nuevo mercado era un paseo de compras para las familias porte\u00f1as.<\/p>\n<p style=\"text-align: justify;\">Al paso de la primera d\u00e9cada de operaci\u00f3n, se convirti\u00f3 en una urdimbre de intereses, econ\u00f3micos y pol\u00edticos, dejando en segundo plano el cuidado y mantenimiento de las instalaciones, que comenz\u00f3 a sufrir serios deterioros que pon\u00edan en riesgo la propia seguridad de los locatarios, cada d\u00eda en aumento.<\/p>\n<p style=\"text-align: justify;\">Las fallas t\u00e9cnicas se hicieron evidentes: enjambre de cables de energ\u00eda el\u00e9ctrica, de gas, sistema hidro-sanitario colapsado o en p\u00e9simas condiciones, fuegos artificiales al por mayor. Una aut\u00e9ntica bomba de tiempo a punto de estallar en cualquier momento. Y estall\u00f3, como era previsible.<\/p>\n<p style=\"text-align: justify;\">Hab\u00eda antecedentes de los incendios registrados con anterioridad. En la nave de ropa en julio de 2012, originado por un corto circuito; otro se suscit\u00f3 en mayo de 2017, en marzo de 2021 y en junio de 2022. Adem\u00e1s del incendio provocado por manos siniestras, en el Tianguis Campesino, en febrero de 2022.<\/p>\n<p style=\"text-align: justify;\">Con estos hechos previos y la anarqu\u00eda prevaleciente, las autoridades municipal y estatal, han permanecido omisas frente a la probabilidad de alguna conflagraci\u00f3n de grandes dimensiones como la que sucedi\u00f3 la madrugada de este lunes, ante el p\u00e1nico del vecindario de colonias aleda\u00f1as.<\/p>\n<p style=\"text-align: justify;\">Nadie desconoce que el mercado central est\u00e1 bajo control y poder de la famosa \u201cma\u00f1a\u201d, que ha implantado un sistema de terror y cobro de cuotas y vidas, al cual tienen que plegarse los comerciantes y las propias autoridades municipales. Y est\u00e1n viendo pasar el tiempo, a ver si as\u00ed se arregla este a\u00f1ejo y cr\u00edtico problema y generador de violencia.<\/p>\n<p style=\"text-align: justify;\">Adem\u00e1s de todos los apoyos econ\u00f3micos y materiales ofrecidos por la gobernadora Evelyn Pineda y la alcaldesa Abelina L\u00f3pez, se debe de analizar y considerar la conveniencia de la reubicaci\u00f3n del mercado central, a otra zona de menor riesgo para la poblaci\u00f3n y que venga a descongestionar la vialidad a esta intransitable zona c\u00e9ntrica de la ciudad.<\/p>\n<p style=\"text-align: justify;\"><strong>Marea Baja.<\/strong> De \u00faltima hora se confirm\u00f3 la cancelaci\u00f3n de la visita de la jefa de Gobierno de la CdMx, <strong>Claudia Sheinbaum<\/strong>, que ten\u00eda prevista para este s\u00e1bado 10 de junio, en el Centro de Convenciones del puerto, para presidir el Foro \u201cLa Sustentabilidad en la Ciudad de M\u00e9xico\u201d.<\/p>\n<p style=\"text-align: justify;\">Ante la v\u00edspera de la celebraci\u00f3n del Consejo Nacional de Morena \u00e9ste domingo 11, la corcholata favorita del presidente L\u00f3pez Obrador, tendr\u00e1 que preparar sus bater\u00edas para asistir y salir airosa en este gran encuentro pol\u00edtico, donde se aprobar\u00e1 la convocatoria para la selecci\u00f3n del candidato o candidata, a coordinador o coordinadora general del Comit\u00e9 de Defensa de la Cuarta Transformaci\u00f3n de M\u00e9xico.<\/p>\n<p style=\"text-align: justify;\"><strong>Marea Alta.-<\/strong> \u201cHaiga sido como haiga sido\u201d, <strong>Javier Salda\u00f1a Almaz\u00e1n<\/strong>, ser\u00e1 el pr\u00f3ximo tri-rector de la UAGro, mientras tanto, est\u00e1 muy abrumado por el c\u00famulo de felicitaciones que viene recibiendo de personajes pol\u00edticos, -senadores F\u00e9lix Salgado y Manuel A\u00f1orve- y de rectores de universidades e institutos del pa\u00eds, en sendos desplegados publicados en medios informativos, pagados por las boyantes finanzas universitarias.<\/p>\n<p style=\"text-align: justify;\">El derroche contin\u00faa en todo su esplendor y es signo inequ\u00edvoco de la estrategia de cooptaci\u00f3n ejecutada durante los dos primeros periodos de Salda\u00f1a, con resultados muy favorables a sus pretensiones pol\u00edticas y econ\u00f3micas y con un tercer rectorado, habr\u00e1n de incrementarse notablemente sin ning\u00fan problema, porque tiene todo a su favor, mientras los poderes superiores o la movilizaci\u00f3n universitaria no dispongan otra cosa.<\/p>\n<p style=\"text-align: justify;\"><strong>Maremoto.-<\/strong> La actitud asumida por el canciller <strong>Marcelo Ebrard Casaub\u00f3n<\/strong>, no deja de ser intr\u00e9pida, temeraria y aventurera, nunca vista en la historia reciente de las sucesiones presidenciales del pa\u00eds.<\/p>\n<p style=\"text-align: justify;\">Los analistas pol\u00edticos coinciden que el control total y absoluto del proceso de la sucesi\u00f3n corresponde al mandatario nacional, quien habr\u00e1 de decidir cu\u00e1l de sus corcholatas habr\u00e1 de sucederle en la presidencia de la Rep\u00fablica. Por esa raz\u00f3n, determinar\u00e1 las bases de la convocatoria que habr\u00e1 de emitirse este domingo en el Consejo Nacional de Morena.<\/p>\n<p style=\"text-align: justify;\">Marcelo Ebrard ha dado el primer manotazo en la mesa con su anticipada renuncia este pr\u00f3ximo lunes, con la esperanza que le aprueben sus propuestas de debates y encuestas confiables y transparentes como requisitos para la definici\u00f3n de la candidatura presidencial.<\/p>\n<p style=\"text-align: justify;\">En el Consejo de la c\u00fapula morenista se medir\u00e1n fuerzas, sin llegar a las vencidas porque ser\u00eda una lucha desigual. Claudia Sheinbaum cuenta con el apoyo de m\u00e1s del 70% de la estructura partidista y gubernamental, as\u00ed como de los consejeros pol\u00edticos.<\/p>\n<p style=\"text-align: justify;\">Frente a este panorama, a Ebrard solo le aprobar\u00e1n su propuesta de las renuncias de las corcholatas, m\u00e1s no las otras, que son fundamentales y esa decisi\u00f3n habr\u00e1 de tomarla el presidente AMLO y no al experimentado pol\u00edtico chilango.<\/p>\n<p style=\"text-align: justify;\"><em>) S\u00edguenos en nuestra p\u00e1gina Facebook.com\/<a href=\"https:\/\/www.facebook.com\/acapulcopress.news\" target=\"_blank\" rel=\"noopener\">acapulcopress.news<\/a><\/em><\/p>\n","protected":false},"excerpt":{"rendered":"<p>Marem\u00e1gnum \u00bb RICARDO | CASTILLO BARRIENTOS ) Facebook: @Ricardo Castillo Barrientos Lo que hab\u00eda de suceder, sucedi\u00f3. La quemaz\u00f3n del mercado central del puerto de Acapulco, -casi 55 a\u00f1os de existencia- era previsible por sus condiciones vulnerables y latentes. La problem\u00e1tica del mercado no ha sido nada f\u00e1cil, siempre compleja, azarosa y en el filo&#8230;<\/p>\n","protected":false},"author":2,"featured_media":1254513,"comment_status":"closed","ping_status":"closed","sticky":false,"template":"","format":"standard","meta":{"footnotes":""},"categories":[1972,2071,1991],"tags":[5851,12448,12503,12928,15575],"class_list":["post-1254512","post","type-post","status-publish","format-standard","has-post-thumbnail","hentry","category-special","category-opinion-analisis-columnas","category-libertad-de-expresion","tag-claudia-sheinbaum","tag-marcelo-ebrard-casaubon","tag-maremagnum","tag-mercado-central-de-acapulco","tag-ricardo-castillo-barrientos"],"_links":{"self":[{"href":"https:\/\/www.acapulcopress.com\/index.php\/wp-json\/wp\/v2\/posts\/1254512","targetHints":{"allow":["GET"]}}],"collection":[{"href":"https:\/\/www.acapulcopress.com\/index.php\/wp-json\/wp\/v2\/posts"}],"about":[{"href":"https:\/\/www.acapulcopress.com\/index.php\/wp-json\/wp\/v2\/types\/post"}],"author":[{"embeddable":true,"href":"https:\/\/www.acapulcopress.com\/index.php\/wp-json\/wp\/v2\/users\/2"}],"replies":[{"embeddable":true,"href":"https:\/\/www.acapulcopress.com\/index.php\/wp-json\/wp\/v2\/comments?post=1254512"}],"version-history":[{"count":0,"href":"https:\/\/www.acapulcopress.com\/index.php\/wp-json\/wp\/v2\/posts\/1254512\/revisions"}],"wp:featuredmedia":[{"embeddable":true,"href":"https:\/\/www.acapulcopress.com\/index.php\/wp-json\/"}],"wp:attachment":[{"href":"https:\/\/www.acapulcopress.com\/index.php\/wp-json\/wp\/v2\/media?parent=1254512"}],"wp:term":[{"taxonomy":"category","embeddable":true,"href":"https:\/\/www.acapulcopress.com\/index.php\/wp-json\/wp\/v2\/categories?post=1254512"},{"taxonomy":"post_tag","embeddable":true,"href":"https:\/\/www.acapulcopress.com\/index.php\/wp-json\/wp\/v2\/tags?post=1254512"}],"curies":[{"name":"wp","href":"https:\/\/api.w.org\/{rel}","templated":true}]}}