{"id":1254516,"date":"2023-06-08T18:38:23","date_gmt":"2023-06-08T23:38:23","guid":{"rendered":"https:\/\/www.acapulcopress.com\/?p=1254516"},"modified":"2023-06-08T18:38:23","modified_gmt":"2023-06-08T23:38:23","slug":"anuncia-gobernadora-cedulas-de-identificacion-con-codigo-qr-en-transporte-violeta","status":"publish","type":"post","link":"https:\/\/www.acapulcopress.com\/index.php\/2023\/06\/08\/anuncia-gobernadora-cedulas-de-identificacion-con-codigo-qr-en-transporte-violeta\/","title":{"rendered":"Anuncia Gobernadora c\u00e9dulas de identificaci\u00f3n con C\u00f3digo QR en Transporte Violeta"},"content":{"rendered":"<p style=\"text-align: justify;\"><em><strong>* Se podr\u00e1 verificar en las p\u00e1ginas del Gobierno del Estado el n\u00famero econ\u00f3mico de la unidad y el nombre completo con fotograf\u00eda del operador<\/strong><\/em><\/p>\n<p>ACAPULCO * 8 de junio de 2023.<br \/>\n<em>) Gobierno de Guerrero<\/em><br \/>\nCon el objetivo de fortalecer y profesionalizar la iniciativa del Transporte Violeta, la <img loading=\"lazy\" decoding=\"async\" class=\"alignleft size-medium wp-image-1254519\" src=\"https:\/\/www.acapulcopress.com\/wp-content\/uploads\/2023\/06\/TRANSPORTE-VIOLETA-GRO3-375x563.jpg\" alt=\"\" width=\"375\" height=\"563\" \/>gobernadora <a href=\"https:\/\/www.facebook.com\/EvelynSalgadoP\" target=\"_blank\" rel=\"noopener\">Evelyn Salgado Pineda<\/a> anunci\u00f3 que a partir de este jueves, las unidades que brindan este servicio en Chilpancingo y Acapulco, contar\u00e1n con una c\u00e9dula con C\u00f3digo QR, que permitir\u00e1 verificar la validez de estos datos en la p\u00e1gina del Gobierno del Estado. Ah\u00ed se podr\u00e1 ver el n\u00famero econ\u00f3mico de la unidad, el nombre completo y fotograf\u00eda de quien conduce.<\/p>\n<p style=\"text-align: justify;\">En el evento realizado en la explanada de la Promotora Tur\u00edstica (Protur), la gobernadora explic\u00f3 que esto es parte del gran modelo \u00fanico que es el Protocolo Violeta y que es un referente en la atenci\u00f3n a las mujeres y a sus hijos menores de doce a\u00f1os.<\/p>\n<p style=\"text-align: justify;\">\u00abEstamos muy contentos de dar este anuncio, a partir de hoy todos los taxis Violeta van a contar con esta c\u00e9dula, es una c\u00e9dula de identificaci\u00f3n para conocer a la persona que nos va a estar llevando a nuestros destinos. Esto da certeza, da confianza a las usuarias\u00bb, detall\u00f3.<\/p>\n<p style=\"text-align: justify;\">Salgado Pineda resalt\u00f3 que las y los conductores de Transporte Violeta cuentan con certificaci\u00f3n y regularmente se someten a ex\u00e1menes de confianza, garantizando a las usuarias que cuentan con choferes capacitados.<\/p>\n<p style=\"text-align: justify;\"><img loading=\"lazy\" decoding=\"async\" class=\"alignleft size-medium wp-image-1254518\" src=\"https:\/\/www.acapulcopress.com\/wp-content\/uploads\/2023\/06\/TRANSPORTE-VIOLETA-GRO2-375x250.jpg\" alt=\"\" width=\"375\" height=\"250\" \/>En su intervenci\u00f3n, el secretario t\u00e9cnico de la gobernadora, Pablo Gordillo explic\u00f3 que estas acciones buscan promover un valor agregado al Transporte Violeta, ayudando a que las usuarias puedan certificar desde sus equipos de telefon\u00eda m\u00f3vil la identificaci\u00f3n de qui\u00e9nes conducen las unidades.<\/p>\n<p style=\"text-align: justify;\">\u00abSomos el \u00fanico estado en el pa\u00eds que cuentan los choferes y las mujeres choferes con esta certificaci\u00f3n de los ex\u00e1menes de control y confianza. Que son ex\u00e1menes psicom\u00e9tricos, toxicol\u00f3gicos, que realmente la gente que est\u00e1 al volante es gente que est\u00e1 capacitada\u00bb, explic\u00f3.<\/p>\n<p style=\"text-align: justify;\">Asistieron el director de Transporte, Arturo Salinas Sandoval; la secretaria de Fomento y Desarrollo Econ\u00f3mico, Teodora Ram\u00edrez Vega y la conductora Sof\u00eda Gonz\u00e1lez, entre otros invitados.<\/p>\n<p><img loading=\"lazy\" decoding=\"async\" class=\"alignnone wp-image-1254521 size-large\" src=\"https:\/\/www.acapulcopress.com\/wp-content\/uploads\/2023\/06\/TRANSPORTE-VIOLETA-GRO5-840x560.jpg\" alt=\"\" width=\"696\" height=\"464\" \/><\/p>\n<p style=\"text-align: justify;\"><em>) S\u00edguenos en nuestra p\u00e1gina Facebook.com\/<a href=\"https:\/\/www.facebook.com\/acapulcopress.news\" target=\"_blank\" rel=\"noopener\">acapulcopress.news<\/a><\/em><\/p>\n","protected":false},"excerpt":{"rendered":"<p>* Se podr\u00e1 verificar en las p\u00e1ginas del Gobierno del Estado el n\u00famero econ\u00f3mico de la unidad y el nombre completo con fotograf\u00eda del operador ACAPULCO * 8 de junio de 2023. ) Gobierno de Guerrero Con el objetivo de fortalecer y profesionalizar la iniciativa del Transporte Violeta, la gobernadora Evelyn Salgado Pineda anunci\u00f3 que&#8230;<\/p>\n","protected":false},"author":2,"featured_media":1254517,"comment_status":"closed","ping_status":"closed","sticky":false,"template":"","format":"standard","meta":{"footnotes":""},"categories":[1972,1983,18561],"tags":[5978,8251,17352],"class_list":["post-1254516","post","type-post","status-publish","format-standard","has-post-thumbnail","hentry","category-special","category-guerrerogob","category-society-politics","tag-codigo-qr","tag-evelyn-salgado-pineda","tag-transporte-violeta"],"_links":{"self":[{"href":"https:\/\/www.acapulcopress.com\/index.php\/wp-json\/wp\/v2\/posts\/1254516","targetHints":{"allow":["GET"]}}],"collection":[{"href":"https:\/\/www.acapulcopress.com\/index.php\/wp-json\/wp\/v2\/posts"}],"about":[{"href":"https:\/\/www.acapulcopress.com\/index.php\/wp-json\/wp\/v2\/types\/post"}],"author":[{"embeddable":true,"href":"https:\/\/www.acapulcopress.com\/index.php\/wp-json\/wp\/v2\/users\/2"}],"replies":[{"embeddable":true,"href":"https:\/\/www.acapulcopress.com\/index.php\/wp-json\/wp\/v2\/comments?post=1254516"}],"version-history":[{"count":0,"href":"https:\/\/www.acapulcopress.com\/index.php\/wp-json\/wp\/v2\/posts\/1254516\/revisions"}],"wp:featuredmedia":[{"embeddable":true,"href":"https:\/\/www.acapulcopress.com\/index.php\/wp-json\/"}],"wp:attachment":[{"href":"https:\/\/www.acapulcopress.com\/index.php\/wp-json\/wp\/v2\/media?parent=1254516"}],"wp:term":[{"taxonomy":"category","embeddable":true,"href":"https:\/\/www.acapulcopress.com\/index.php\/wp-json\/wp\/v2\/categories?post=1254516"},{"taxonomy":"post_tag","embeddable":true,"href":"https:\/\/www.acapulcopress.com\/index.php\/wp-json\/wp\/v2\/tags?post=1254516"}],"curies":[{"name":"wp","href":"https:\/\/api.w.org\/{rel}","templated":true}]}}