{"id":1254532,"date":"2023-06-08T20:04:35","date_gmt":"2023-06-09T01:04:35","guid":{"rendered":"https:\/\/www.acapulcopress.com\/?p=1254532"},"modified":"2023-06-08T20:04:35","modified_gmt":"2023-06-09T01:04:35","slug":"caballitos-de-troya-en-acapulco","status":"publish","type":"post","link":"https:\/\/www.acapulcopress.com\/index.php\/2023\/06\/08\/caballitos-de-troya-en-acapulco\/","title":{"rendered":"\u00bfCaballitos de Troya en Acapulco?"},"content":{"rendered":"<p style=\"text-align: justify;\">Un Rapid\u00edn<br \/>\n\u00bb <strong>\u00c1NGEL<\/strong> | <strong>IRRA CARCEDA<\/strong><br \/>\n<em>angelirracar@hotmail.com<\/em><br \/>\n<em>) Facebook @<a href=\"https:\/\/www.facebook.com\/angel.irracarceda.7\" target=\"_blank\" rel=\"noopener\">angel.irracarceda.7<\/a><\/em><\/p>\n<p style=\"text-align: justify;\">Es del conocimiento de todos, que la alcaldesa de Acapulco, <a href=\"https:\/\/www.facebook.com\/AbelinaLopezR\" target=\"_blank\" rel=\"noopener\">Abelina L\u00f3pez Rodr\u00edguez<\/a>, respalda decididamente la aspiraci\u00f3n presidencial del ahora ex secretario de Relaciones Exteriores, <a href=\"http:\/\/Marcelo Ebrard Casaubon\" target=\"_blank\" rel=\"noopener\">Marcelo Ebrard Casaubon<\/a>.<\/p>\n<p style=\"text-align: justify;\">Marcelo Ebrard, sin duda, cuenta con experiencia amplia en el servicio p\u00fablico, y se disputa la punta de las preferencias al interior de Morena, con la aun jefa de Gobierno de la Ciudad de M\u00e9xico, <a href=\"https:\/\/www.facebook.com\/ClaudiaSheinbaumPardo\" target=\"_blank\" rel=\"noopener\">Claudia Sheinbaum Pardo<\/a>.<\/p>\n<p style=\"text-align: justify;\">De hecho, se da por seguro que entre ambos quedar\u00e1 la candidatura de Morena a la Presidencia de la Rep\u00fablica, cuya elecci\u00f3n ser\u00e1 el dos de junio del a\u00f1o 2024, el pr\u00f3ximo.<\/p>\n<p>Pero, de resultar favorecido con el palomazo del presidente Andr\u00e9s L\u00f3pez Obrador, Marcelo Ebrard seguro enfrentar\u00e1 consecuencias de su pasado. Un caso que har\u00e1 mucho ruido es la pol\u00e9mica L\u00ednea 12 del Sistema Metro de la Ciudad de M\u00e9xico.<\/p>\n<p style=\"text-align: justify;\">Aunque, por el mismo tema, Claudia Sheinbaum tambi\u00e9n saldr\u00eda muy raspada. La \u00faltima tragedia en esa L\u00ednea 12, no hay que olvidarlo, dej\u00f3 m\u00e1s de una veintena de personas muertas y m\u00e1s de cien lesionadas.<\/p>\n<p style=\"text-align: justify;\">La alcaldesa de Acapulco requiere de todos sus colaboradores para seguir apuntalando la imagen de Marcelo Ebrard, no para que le estorben en esa misi\u00f3n.<\/p>\n<p style=\"text-align: justify;\">No est\u00e1n para saberlo, pero tampoco estoy para dejar de comentarlo, que el equipo de Abelina L\u00f3pez se ha estado debilitando ante otros grupos que apoyan a Marcelo Ebrard.<\/p>\n<p>Desde de las entra\u00f1as del propio Ayuntamiento porte\u00f1o, me aseguran, \u201cno todos jalan parejo con la presidenta\u201d en ese tema. Y aun m\u00e1s, que \u201cya los est\u00e1n detectando, y pronto podr\u00edan venir m\u00e1s cambios de funcionarios\u201d.<\/p>\n<p style=\"text-align: justify;\">Me aseguran que \u201cAbelina es de mano firme, y da por seguro que proceder\u00e1\u201d. Yo aguanto frente a mi compu, esperando que se confirme o no lo anterior. (angelirracar@hotmail.com)<\/p>\n<p style=\"text-align: justify;\"><em>) S\u00edguenos en nuestra p\u00e1gina Facebook.com\/<a href=\"https:\/\/www.facebook.com\/acapulcopress.news\" target=\"_blank\" rel=\"noopener\">acapulcopress.news<\/a><\/em><\/p>\n","protected":false},"excerpt":{"rendered":"<p>Un Rapid\u00edn \u00bb \u00c1NGEL | IRRA CARCEDA angelirracar@hotmail.com ) Facebook @angel.irracarceda.7 Es del conocimiento de todos, que la alcaldesa de Acapulco, Abelina L\u00f3pez Rodr\u00edguez, respalda decididamente la aspiraci\u00f3n presidencial del ahora ex secretario de Relaciones Exteriores, Marcelo Ebrard Casaubon. Marcelo Ebrard, sin duda, cuenta con experiencia amplia en el servicio p\u00fablico, y se disputa la&#8230;<\/p>\n","protected":false},"author":2,"featured_media":1254533,"comment_status":"closed","ping_status":"closed","sticky":false,"template":"","format":"standard","meta":{"footnotes":""},"categories":[2071,1991],"tags":[2654,3077,3938,5853,12448,13015,13297,14900,17511],"class_list":["post-1254532","post","type-post","status-publish","format-standard","has-post-thumbnail","hentry","category-opinion-analisis-columnas","category-libertad-de-expresion","tag-corcholataspresidenciables","tag-abelina-lopez-rodriguez","tag-angel-irra-carceda","tag-claudia-sheinbaum-pardo","tag-marcelo-ebrard-casaubon","tag-mexico-2024","tag-morena","tag-presidencia-de-mexico","tag-un-rapidin"],"_links":{"self":[{"href":"https:\/\/www.acapulcopress.com\/index.php\/wp-json\/wp\/v2\/posts\/1254532","targetHints":{"allow":["GET"]}}],"collection":[{"href":"https:\/\/www.acapulcopress.com\/index.php\/wp-json\/wp\/v2\/posts"}],"about":[{"href":"https:\/\/www.acapulcopress.com\/index.php\/wp-json\/wp\/v2\/types\/post"}],"author":[{"embeddable":true,"href":"https:\/\/www.acapulcopress.com\/index.php\/wp-json\/wp\/v2\/users\/2"}],"replies":[{"embeddable":true,"href":"https:\/\/www.acapulcopress.com\/index.php\/wp-json\/wp\/v2\/comments?post=1254532"}],"version-history":[{"count":0,"href":"https:\/\/www.acapulcopress.com\/index.php\/wp-json\/wp\/v2\/posts\/1254532\/revisions"}],"wp:featuredmedia":[{"embeddable":true,"href":"https:\/\/www.acapulcopress.com\/index.php\/wp-json\/"}],"wp:attachment":[{"href":"https:\/\/www.acapulcopress.com\/index.php\/wp-json\/wp\/v2\/media?parent=1254532"}],"wp:term":[{"taxonomy":"category","embeddable":true,"href":"https:\/\/www.acapulcopress.com\/index.php\/wp-json\/wp\/v2\/categories?post=1254532"},{"taxonomy":"post_tag","embeddable":true,"href":"https:\/\/www.acapulcopress.com\/index.php\/wp-json\/wp\/v2\/tags?post=1254532"}],"curies":[{"name":"wp","href":"https:\/\/api.w.org\/{rel}","templated":true}]}}