{"id":1254537,"date":"2023-06-08T20:51:41","date_gmt":"2023-06-09T01:51:41","guid":{"rendered":"https:\/\/www.acapulcopress.com\/?p=1254537"},"modified":"2023-06-08T20:51:41","modified_gmt":"2023-06-09T01:51:41","slug":"saul-lopez-sollano-delegado-general-del-gobierno-del-estado-en-la-sierra","status":"publish","type":"post","link":"https:\/\/www.acapulcopress.com\/index.php\/2023\/06\/08\/saul-lopez-sollano-delegado-general-del-gobierno-del-estado-en-la-sierra\/","title":{"rendered":"Sa\u00fal L\u00f3pez Sollano, delegado general del Gobierno del Estado en La Sierra"},"content":{"rendered":"<p style=\"text-align: justify;\">CHILPANCINGO * 8 de junio de 2023.<br \/>\n<em>) Gobierno de Guerrero<\/em><br \/>\nCon la representaci\u00f3n de la gobernadora, Evelyn Salgado Pineda, el secretario general de <img loading=\"lazy\" decoding=\"async\" class=\"alignleft size-medium wp-image-1254538\" src=\"https:\/\/www.acapulcopress.com\/wp-content\/uploads\/2023\/06\/SAUL-LOPEZ-SOLLANO-375x250.jpg\" alt=\"\" width=\"375\" height=\"250\" \/>Gobierno, Ludwig Marcial Reynoso N\u00fa\u00f1ez, tom\u00f3 protesta a Sa\u00fal L\u00f3pez Sollano, como Delegado General de Gobierno del Estado en la regi\u00f3n Sierra.<\/p>\n<p style=\"text-align: justify;\">El funcionario estatal inst\u00f3 al nuevo titular de la Delegaci\u00f3n a trabajar arduamente en beneficio del desarrollo de las comunidades y contribuir en la construcci\u00f3n de paz de la octava regi\u00f3n.<\/p>\n<p style=\"text-align: justify;\">L\u00f3pez Sollano, a su vez, se comprometi\u00f3 a conducirse bajo los principios de transformaci\u00f3n y honestidad que la sociedad guerrerense demanda; as\u00ed como, establecer un trabajo cercano, de territorio y constructivo con la poblaci\u00f3n para seguir en la ruta de la transformaci\u00f3n.<\/p>\n","protected":false},"excerpt":{"rendered":"<p>CHILPANCINGO * 8 de junio de 2023. ) Gobierno de Guerrero Con la representaci\u00f3n de la gobernadora, Evelyn Salgado Pineda, el secretario general de Gobierno, Ludwig Marcial Reynoso N\u00fa\u00f1ez, tom\u00f3 protesta a Sa\u00fal L\u00f3pez Sollano, como Delegado General de Gobierno del Estado en la regi\u00f3n Sierra. El funcionario estatal inst\u00f3 al nuevo titular de la&#8230;<\/p>\n","protected":false},"author":2,"featured_media":1254539,"comment_status":"closed","ping_status":"closed","sticky":false,"template":"","format":"standard","meta":{"footnotes":""},"categories":[1983,18561],"tags":[8251,16089],"class_list":["post-1254537","post","type-post","status-publish","format-standard","has-post-thumbnail","hentry","category-guerrerogob","category-society-politics","tag-evelyn-salgado-pineda","tag-saul-lopez-sollano"],"_links":{"self":[{"href":"https:\/\/www.acapulcopress.com\/index.php\/wp-json\/wp\/v2\/posts\/1254537","targetHints":{"allow":["GET"]}}],"collection":[{"href":"https:\/\/www.acapulcopress.com\/index.php\/wp-json\/wp\/v2\/posts"}],"about":[{"href":"https:\/\/www.acapulcopress.com\/index.php\/wp-json\/wp\/v2\/types\/post"}],"author":[{"embeddable":true,"href":"https:\/\/www.acapulcopress.com\/index.php\/wp-json\/wp\/v2\/users\/2"}],"replies":[{"embeddable":true,"href":"https:\/\/www.acapulcopress.com\/index.php\/wp-json\/wp\/v2\/comments?post=1254537"}],"version-history":[{"count":0,"href":"https:\/\/www.acapulcopress.com\/index.php\/wp-json\/wp\/v2\/posts\/1254537\/revisions"}],"wp:featuredmedia":[{"embeddable":true,"href":"https:\/\/www.acapulcopress.com\/index.php\/wp-json\/"}],"wp:attachment":[{"href":"https:\/\/www.acapulcopress.com\/index.php\/wp-json\/wp\/v2\/media?parent=1254537"}],"wp:term":[{"taxonomy":"category","embeddable":true,"href":"https:\/\/www.acapulcopress.com\/index.php\/wp-json\/wp\/v2\/categories?post=1254537"},{"taxonomy":"post_tag","embeddable":true,"href":"https:\/\/www.acapulcopress.com\/index.php\/wp-json\/wp\/v2\/tags?post=1254537"}],"curies":[{"name":"wp","href":"https:\/\/api.w.org\/{rel}","templated":true}]}}