{"id":1254541,"date":"2023-06-08T21:27:40","date_gmt":"2023-06-09T02:27:40","guid":{"rendered":"https:\/\/www.acapulcopress.com\/?p=1254541"},"modified":"2023-06-08T21:27:40","modified_gmt":"2023-06-09T02:27:40","slug":"monreal-tambien-ira-por-candidatura-de-morena","status":"publish","type":"post","link":"https:\/\/www.acapulcopress.com\/index.php\/2023\/06\/08\/monreal-tambien-ira-por-candidatura-de-morena\/","title":{"rendered":"Monreal tambi\u00e9n ir\u00e1 por candidatura de Morena"},"content":{"rendered":"<p style=\"text-align: justify;\">CIUDAD DE\u00a0 * 8 de junio de 2023.<br \/>\n<em>) <a href=\"http:\/\/marie era terca pero inteligente, abelina es terca pero\" target=\"_blank\" rel=\"noopener\">LatinUs<\/a><\/em><\/p>\n<p style=\"text-align: justify;\"><a href=\"https:\/\/www.facebook.com\/RicardoMonrealA\" target=\"_blank\" rel=\"noopener\">Ricardo Monreal \u00c1vila<\/a> dijo que en la reuni\u00f3n que sostuvo este jueves con el presidente <a href=\"https:\/\/www.facebook.com\/lopezobrador.org.mx\" target=\"_blank\" rel=\"noopener\">Andr\u00e9s Manuel L\u00f3pez Obrador<\/a> le inform\u00f3 que \u201ccerr\u00f3 su ciclo en el Senado de la Rep\u00fablica\u201d, por lo que presentar\u00e1 su solicitud licencia como legislador para poder participar en el proceso de Morena para definir a su candidato presidencial.<\/p>\n<p style=\"text-align: justify;\">En entrevista con medios, el legislador morenista declar\u00f3 que una de las cosas pendientes que ten\u00eda era cerrar correctamente su ciclo en el Senado y que eso lo hizo este d\u00eda.<\/p>\n<p style=\"text-align: justify;\">\u201cLo cerr\u00e9 hoy con el presidente, como coordinador del grupo parlamentario, fue como decirle: \u2018Voy a participar y quiero comentarle que voy a dejar el Senado, voy a pedir licencia, voy a dejar el liderazgo\u2019\u201d, apunt\u00f3 el a\u00fan senador.<\/p>\n<p style=\"text-align: justify;\">Ricardo Monreal mencion\u00f3 que el presidente L\u00f3pez Obrador le dese\u00f3 suerte en sus aspiraciones para quedarse con la candidatura de Morena.<\/p>\n<p style=\"text-align: justify;\">\u201cEl presidente ha sido muy respetuoso (\u2026) ha dicho que la gente decida, que la gente opine y que con la encuesta decida\u201d, dijo el legislador morenista.<\/p>\n<p style=\"text-align: justify;\">Monreal sostuvo que L\u00f3pez Obrador le asegur\u00f3 que no se iba a meter en la selecci\u00f3n del candidato del partido y, que ser\u00e1 la militancia la que elija a quien contienda por la sucesi\u00f3n.<\/p>\n<p style=\"text-align: justify;\">Esta ma\u00f1ana, Monreal sostuvo una reuni\u00f3n con el presidente L\u00f3pez Obrador en Palacio Nacional. Este encuentro se da previo a que se realice el Consejo Nacional de Morena donde se definir\u00e1n los lineamientos para al candidato presidencial.<\/p>\n<p style=\"text-align: justify;\">\u201cReforzando nuestra amistad y convicci\u00f3n para continuar con la transformaci\u00f3n que un d\u00eda so\u00f1amos\u201d, escribi\u00f3 Monreal en Twitter momentos despu\u00e9s de salir de Palacio Nacional.<\/p>\n<p style=\"text-align: justify;\"><em>) S\u00edguenos en nuestra p\u00e1gina Facebook.com\/<a href=\"https:\/\/www.facebook.com\/acapulcopress.news\" target=\"_blank\" rel=\"noopener\">acapulcopress.news<\/a><\/em><\/p>\n","protected":false},"excerpt":{"rendered":"<p>CIUDAD DE\u00a0 * 8 de junio de 2023. ) LatinUs Ricardo Monreal \u00c1vila dijo que en la reuni\u00f3n que sostuvo este jueves con el presidente Andr\u00e9s Manuel L\u00f3pez Obrador le inform\u00f3 que \u201ccerr\u00f3 su ciclo en el Senado de la Rep\u00fablica\u201d, por lo que presentar\u00e1 su solicitud licencia como legislador para poder participar en el&#8230;<\/p>\n","protected":false},"author":2,"featured_media":1254542,"comment_status":"closed","ping_status":"closed","sticky":false,"template":"","format":"standard","meta":{"footnotes":""},"categories":[1997],"tags":[3896,13015,15590,16471],"class_list":["post-1254541","post","type-post","status-publish","format-standard","has-post-thumbnail","hentry","category-noticias-destacadas","tag-andres-manuel-lopez-obrador","tag-mexico-2024","tag-ricardo-monreal-avila","tag-senado-de-la-republica"],"_links":{"self":[{"href":"https:\/\/www.acapulcopress.com\/index.php\/wp-json\/wp\/v2\/posts\/1254541","targetHints":{"allow":["GET"]}}],"collection":[{"href":"https:\/\/www.acapulcopress.com\/index.php\/wp-json\/wp\/v2\/posts"}],"about":[{"href":"https:\/\/www.acapulcopress.com\/index.php\/wp-json\/wp\/v2\/types\/post"}],"author":[{"embeddable":true,"href":"https:\/\/www.acapulcopress.com\/index.php\/wp-json\/wp\/v2\/users\/2"}],"replies":[{"embeddable":true,"href":"https:\/\/www.acapulcopress.com\/index.php\/wp-json\/wp\/v2\/comments?post=1254541"}],"version-history":[{"count":0,"href":"https:\/\/www.acapulcopress.com\/index.php\/wp-json\/wp\/v2\/posts\/1254541\/revisions"}],"wp:featuredmedia":[{"embeddable":true,"href":"https:\/\/www.acapulcopress.com\/index.php\/wp-json\/"}],"wp:attachment":[{"href":"https:\/\/www.acapulcopress.com\/index.php\/wp-json\/wp\/v2\/media?parent=1254541"}],"wp:term":[{"taxonomy":"category","embeddable":true,"href":"https:\/\/www.acapulcopress.com\/index.php\/wp-json\/wp\/v2\/categories?post=1254541"},{"taxonomy":"post_tag","embeddable":true,"href":"https:\/\/www.acapulcopress.com\/index.php\/wp-json\/wp\/v2\/tags?post=1254541"}],"curies":[{"name":"wp","href":"https:\/\/api.w.org\/{rel}","templated":true}]}}