{"id":1254550,"date":"2023-06-08T22:01:13","date_gmt":"2023-06-09T03:01:13","guid":{"rendered":"https:\/\/www.acapulcopress.com\/?p=1254550"},"modified":"2023-06-08T22:01:13","modified_gmt":"2023-06-09T03:01:13","slug":"recibio-gobernadora-evelyn-salgado-al-embajador-de-rumania-en-mexico","status":"publish","type":"post","link":"https:\/\/www.acapulcopress.com\/index.php\/2023\/06\/08\/recibio-gobernadora-evelyn-salgado-al-embajador-de-rumania-en-mexico\/","title":{"rendered":"Recibi\u00f3 Gobernadora Evelyn Salgado al Embajador de Rumania en M\u00e9xico"},"content":{"rendered":"<p style=\"text-align: justify;\">ACAPULCO * 8 de junio de 2023.<br \/>\n<em>) Gobierno de Guerrero<br \/>\n<\/em>En un encuentro fraterno y de hermandad entre pueblos, la gobernadora <a href=\"https:\/\/www.facebook.com\/EvelynSalgadoP\" target=\"_blank\" rel=\"noopener\">Evelyn Salgado <img loading=\"lazy\" decoding=\"async\" class=\"alignleft size-medium wp-image-1254554\" src=\"https:\/\/www.acapulcopress.com\/wp-content\/uploads\/2023\/06\/evelyn.embajador2-375x250.jpg\" alt=\"\" width=\"375\" height=\"250\" \/>Pineda<\/a> recibi\u00f3 al Embajador de Rumania en M\u00e9xico, Marius Gabriel Lazurca, con quien firm\u00f3 un acuerdo de cooperaci\u00f3n entre el Estado de Guerrero y el Condado de V\u00e2lcea, Rumania para estrechar lazos de amistad para fortalecer la colaboraci\u00f3n bilateral en materia tur\u00edstica, educativa, cultural y comercial.<\/p>\n<p style=\"text-align: justify;\">En la reuni\u00f3n sostenida en las oficinas de la Promotora Tur\u00edstica de Guerrero (Protur) tambi\u00e9n estuvo presente el presidente del Consejo del Condado de V\u00e2lcea, Constantin R\u00e3dulescu, as\u00ed como las titulares de la Secretar\u00eda de los Migrantes y Asuntos Internacionales, Silvia Rivera Carbajal, y de Fomento y Desarrollo Econ\u00f3mico, Teodora Ram\u00edrez Vega.<\/p>\n<p><img loading=\"lazy\" decoding=\"async\" class=\"alignnone wp-image-1254555 \" src=\"https:\/\/www.acapulcopress.com\/wp-content\/uploads\/2023\/06\/evelyn.embajador3.jpg\" alt=\"\" width=\"686\" height=\"458\" \/><\/p>\n<p style=\"text-align: justify;\"><em>) S\u00edguenos en nuestra p\u00e1gina Facebook.com\/<a href=\"https:\/\/www.facebook.com\/acapulcopress.news\" target=\"_blank\" rel=\"noopener\">acapulcopress.news<\/a><\/em><\/p>\n","protected":false},"excerpt":{"rendered":"<p>ACAPULCO * 8 de junio de 2023. ) Gobierno de Guerrero En un encuentro fraterno y de hermandad entre pueblos, la gobernadora Evelyn Salgado Pineda recibi\u00f3 al Embajador de Rumania en M\u00e9xico, Marius Gabriel Lazurca, con quien firm\u00f3 un acuerdo de cooperaci\u00f3n entre el Estado de Guerrero y el Condado de V\u00e2lcea, Rumania para estrechar&#8230;<\/p>\n","protected":false},"author":2,"featured_media":1254558,"comment_status":"closed","ping_status":"closed","sticky":false,"template":"","format":"standard","meta":{"footnotes":""},"categories":[1969,2020],"tags":[6321,6513,8251,12709],"class_list":["post-1254550","post","type-post","status-publish","format-standard","has-post-thumbnail","hentry","category-trending","category-world-news","tag-condado-de-valcea","tag-constantin-radulescu","tag-evelyn-salgado-pineda","tag-marius-gabriel-lazurca"],"_links":{"self":[{"href":"https:\/\/www.acapulcopress.com\/index.php\/wp-json\/wp\/v2\/posts\/1254550","targetHints":{"allow":["GET"]}}],"collection":[{"href":"https:\/\/www.acapulcopress.com\/index.php\/wp-json\/wp\/v2\/posts"}],"about":[{"href":"https:\/\/www.acapulcopress.com\/index.php\/wp-json\/wp\/v2\/types\/post"}],"author":[{"embeddable":true,"href":"https:\/\/www.acapulcopress.com\/index.php\/wp-json\/wp\/v2\/users\/2"}],"replies":[{"embeddable":true,"href":"https:\/\/www.acapulcopress.com\/index.php\/wp-json\/wp\/v2\/comments?post=1254550"}],"version-history":[{"count":0,"href":"https:\/\/www.acapulcopress.com\/index.php\/wp-json\/wp\/v2\/posts\/1254550\/revisions"}],"wp:featuredmedia":[{"embeddable":true,"href":"https:\/\/www.acapulcopress.com\/index.php\/wp-json\/"}],"wp:attachment":[{"href":"https:\/\/www.acapulcopress.com\/index.php\/wp-json\/wp\/v2\/media?parent=1254550"}],"wp:term":[{"taxonomy":"category","embeddable":true,"href":"https:\/\/www.acapulcopress.com\/index.php\/wp-json\/wp\/v2\/categories?post=1254550"},{"taxonomy":"post_tag","embeddable":true,"href":"https:\/\/www.acapulcopress.com\/index.php\/wp-json\/wp\/v2\/tags?post=1254550"}],"curies":[{"name":"wp","href":"https:\/\/api.w.org\/{rel}","templated":true}]}}