{"id":1254562,"date":"2023-06-09T18:11:37","date_gmt":"2023-06-09T23:11:37","guid":{"rendered":"https:\/\/www.acapulcopress.com\/?p=1254562"},"modified":"2023-06-09T18:11:37","modified_gmt":"2023-06-09T23:11:37","slug":"alumnos-y-diputados-compartieron-experiencias-en-el-xv-parlamento-estudiantil-legislativo","status":"publish","type":"post","link":"https:\/\/www.acapulcopress.com\/index.php\/2023\/06\/09\/alumnos-y-diputados-compartieron-experiencias-en-el-xv-parlamento-estudiantil-legislativo\/","title":{"rendered":"Alumnos y diputados compartieron experiencias en el XV Parlamento Estudiantil Legislativo"},"content":{"rendered":"<p style=\"text-align: justify;\">CHILPANCINGO * 9 de junio de 2023.<br \/>\n<em>) Congreso de Guerrero<\/em><br \/>\nLos 45 ganadores del XV Parlamento Estudiantil vivieron la experiencia de ser diputados <img loading=\"lazy\" decoding=\"async\" class=\"alignleft size-medium wp-image-1254568\" src=\"https:\/\/www.acapulcopress.com\/wp-content\/uploads\/2023\/06\/XV-Parlamento-Estudiantil-Legislativo3-375x211.jpg\" alt=\"\" width=\"375\" height=\"211\" \/>por un d\u00eda y pudieron compartir experiencias e inquietudes al lado de legisladores locales y funcionarios p\u00fablicos como los titulares de la Secretar\u00eda de Educaci\u00f3n Guerrero y el presidente de la Comisi\u00f3n de Educaci\u00f3n, Ciencia y Tecnolog\u00eda en el recinto legislativo, Masedonio Mendoza Basurto.<\/p>\n<p style=\"text-align: justify;\">Educaci\u00f3n para la paz, mayor seguridad, valores y respeto a los derechos humanos fueron algunos de los pronunciamientos de las y los adolescentes de la LXIII Legislatura de Guerrero.<\/p>\n<p style=\"text-align: justify;\">Los 45 congresistas de escuelas p\u00fablicas y privadas de educaci\u00f3n secundaria que participaron en la XV edici\u00f3n del Parlamento Estudiantil son originarios de las ocho regiones <img loading=\"lazy\" decoding=\"async\" class=\"alignleft size-medium wp-image-1254567\" src=\"https:\/\/www.acapulcopress.com\/wp-content\/uploads\/2023\/06\/XV-Parlamento-Estudiantil-Legislativo2-375x302.jpg\" alt=\"\" width=\"375\" height=\"302\" \/>de la entidad y alumnos de secundarias estatales, t\u00e9cnicas, generales y telesecundarias.<\/p>\n<p style=\"text-align: justify;\">Cada uno de los participantes subi\u00f3 a la tribuna del sal\u00f3n del pleno del Congreso local, donde expresaron reflexiones, demandas, iniciativas y solicitudes de temas que les inquietan.<\/p>\n<p style=\"text-align: justify;\">Destacaron los se\u00f1alamientos de los diputados juveniles que se inconformaron por la violencia y de aquellos que resaltaron que solo con la educaci\u00f3n y valores se podr\u00e1 erradicar la ola que genera la inseguridad en diversas regiones del estado y del pa\u00eds.<\/p>\n<p style=\"text-align: justify;\">F\u00e9lix Agust\u00edn Ram\u00edrez Juvencio de la regi\u00f3n Norte de Guerrero propuso que todos esos recursos que se gastan los partidos pol\u00edticos para campa\u00f1as publicitarias impresas, se utilicen para el mejoramiento y equipamiento de escuelas, que toda la propaganda pol\u00edtica <img loading=\"lazy\" decoding=\"async\" class=\"alignleft size-medium wp-image-1254572\" src=\"https:\/\/www.acapulcopress.com\/wp-content\/uploads\/2023\/06\/XV-Parlamento-Estudiantil-Legislativo9-375x248.jpg\" alt=\"\" width=\"375\" height=\"248\" \/>sea 100 por ciento digital.<\/p>\n<p style=\"text-align: justify;\">Mientras que Brayan Mart\u00edn Res\u00e9ndiz God\u00ednez propuso implementar las TICS en el contenido educativo como rob\u00f3tica, inteligencia artificial y realidad aumentada para hacer de los aprendizajes m\u00e1s creativos y as\u00ed frenar la deserci\u00f3n escolar.<\/p>\n<p style=\"text-align: justify;\">El titular de la SEG entreg\u00f3 laptops y una USB a los ganadores del primer lugar del Parlamento Infantil de cada regi\u00f3n, mientras que en el Congreso del Estado les dio un obsequi\u00f3 a todos los\u00a0participantes.<\/p>\n<p><img loading=\"lazy\" decoding=\"async\" class=\"alignnone wp-image-1254569 size-large\" src=\"https:\/\/www.acapulcopress.com\/wp-content\/uploads\/2023\/06\/XV-Parlamento-Estudiantil-Legislativo4-840x307.jpg\" alt=\"\" width=\"696\" height=\"254\" \/><\/p>\n<p style=\"text-align: justify;\"><em>) S\u00edguenos en nuestra p\u00e1gina Facebook.com\/<a href=\"https:\/\/www.facebook.com\/acapulcopress.news\" target=\"_blank\" rel=\"noopener\">acapulcopress.news<\/a><\/em><\/p>\n","protected":false},"excerpt":{"rendered":"<p>CHILPANCINGO * 9 de junio de 2023. ) Congreso de Guerrero Los 45 ganadores del XV Parlamento Estudiantil vivieron la experiencia de ser diputados por un d\u00eda y pudieron compartir experiencias e inquietudes al lado de legisladores locales y funcionarios p\u00fablicos como los titulares de la Secretar\u00eda de Educaci\u00f3n Guerrero y el presidente de la&#8230;<\/p>\n","protected":false},"author":2,"featured_media":1254566,"comment_status":"closed","ping_status":"closed","sticky":false,"template":"","format":"standard","meta":{"footnotes":""},"categories":[1972,61,18561],"tags":[18172],"class_list":["post-1254562","post","type-post","status-publish","format-standard","has-post-thumbnail","hentry","category-special","category-legislacion","category-society-politics","tag-xv-parlamento-estudiantil-legislativo"],"_links":{"self":[{"href":"https:\/\/www.acapulcopress.com\/index.php\/wp-json\/wp\/v2\/posts\/1254562","targetHints":{"allow":["GET"]}}],"collection":[{"href":"https:\/\/www.acapulcopress.com\/index.php\/wp-json\/wp\/v2\/posts"}],"about":[{"href":"https:\/\/www.acapulcopress.com\/index.php\/wp-json\/wp\/v2\/types\/post"}],"author":[{"embeddable":true,"href":"https:\/\/www.acapulcopress.com\/index.php\/wp-json\/wp\/v2\/users\/2"}],"replies":[{"embeddable":true,"href":"https:\/\/www.acapulcopress.com\/index.php\/wp-json\/wp\/v2\/comments?post=1254562"}],"version-history":[{"count":0,"href":"https:\/\/www.acapulcopress.com\/index.php\/wp-json\/wp\/v2\/posts\/1254562\/revisions"}],"wp:featuredmedia":[{"embeddable":true,"href":"https:\/\/www.acapulcopress.com\/index.php\/wp-json\/"}],"wp:attachment":[{"href":"https:\/\/www.acapulcopress.com\/index.php\/wp-json\/wp\/v2\/media?parent=1254562"}],"wp:term":[{"taxonomy":"category","embeddable":true,"href":"https:\/\/www.acapulcopress.com\/index.php\/wp-json\/wp\/v2\/categories?post=1254562"},{"taxonomy":"post_tag","embeddable":true,"href":"https:\/\/www.acapulcopress.com\/index.php\/wp-json\/wp\/v2\/tags?post=1254562"}],"curies":[{"name":"wp","href":"https:\/\/api.w.org\/{rel}","templated":true}]}}