{"id":1254575,"date":"2023-06-09T19:31:14","date_gmt":"2023-06-10T00:31:14","guid":{"rendered":"https:\/\/www.acapulcopress.com\/?p=1254575"},"modified":"2023-06-09T19:31:14","modified_gmt":"2023-06-10T00:31:14","slug":"monreal-amlo-cual-fue-el-pacto-que-les-reconcilio-la-sonrisa","status":"publish","type":"post","link":"https:\/\/www.acapulcopress.com\/index.php\/2023\/06\/09\/monreal-amlo-cual-fue-el-pacto-que-les-reconcilio-la-sonrisa\/","title":{"rendered":"Monreal\/AMLO | \u00bfCu\u00e1l fue el pacto que les reconcili\u00f3 la sonrisa?"},"content":{"rendered":"<div class=\"xdj266r x11i5rnm xat24cr x1mh8g0r x1vvkbs x126k92a\">\n<div dir=\"auto\" style=\"text-align: justify;\">Sin da\u00f1os a terceros<br \/>\n\u00bb <strong>\u00c1ngel<\/strong> |<strong> Blanco<\/strong><br \/>\nmassiosare@msn.com<br \/>\n<em>] Facebook ) <a href=\"https:\/\/www.facebook.com\/angel.steparious\/\" target=\"_blank\" rel=\"noopener\">angel.steparious<\/a><\/em><\/p>\n<\/div>\n<\/div>\n<div class=\"x11i5rnm xat24cr x1mh8g0r x1vvkbs xtlvy1s x126k92a\" style=\"text-align: justify;\">\n<div dir=\"auto\">Traicionado ya en el pasado por el propio <a class=\"x1i10hfl xjbqb8w x6umtig x1b1mbwd xaqea5y xav7gou x9f619 x1ypdohk xt0psk2 xe8uvvx xdj266r x11i5rnm xat24cr x1mh8g0r xexx8yu x4uap5 x18d9i69 xkhd6sd x16tdsg8 x1hl2dhg xggy1nq x1a2a7pz xt0b8zv x1qq9wsj xo1l8bm\" tabindex=\"0\" role=\"link\" href=\"https:\/\/www.facebook.com\/lopezobrador.org.mx?__cft__[0]=AZWbwkjgRto0hOiM5ZRhQkJ9yQ5_2BqWN_2YxyELvmDbdUFk0gLoXbDSIk7lwRKpjj_-R6o2OPgjyF5zluFO2ymF2kPGUz28rT4YxAO5268dZ14bKjXhZPotA86dN_qZPBURm1FlsAFG1Ej9hE-To9f5oPjfQSYsdSS3eeZqLdIR9igt2eaL-hRx1Cu6jI8ck4o&amp;__tn__=-]K-R\" target=\"_blank\" rel=\"noopener\"><span class=\"xt0psk2\">Andr\u00e9s Manuel L\u00f3pez Obrador<\/span><\/a>, el Coordinador del <img loading=\"lazy\" decoding=\"async\" class=\"alignleft size-medium wp-image-1254576\" src=\"https:\/\/www.acapulcopress.com\/wp-content\/uploads\/2023\/06\/monreala-amlo-375x563.jpg\" alt=\"\" width=\"375\" height=\"563\" \/>Grupo Parlamentario de Morena en el <a class=\"x1i10hfl xjbqb8w x6umtig x1b1mbwd xaqea5y xav7gou x9f619 x1ypdohk xt0psk2 xe8uvvx xdj266r x11i5rnm xat24cr x1mh8g0r xexx8yu x4uap5 x18d9i69 xkhd6sd x16tdsg8 x1hl2dhg xggy1nq x1a2a7pz xt0b8zv x1qq9wsj xo1l8bm\" tabindex=\"0\" role=\"link\" href=\"https:\/\/www.facebook.com\/SenadoMexico?__cft__[0]=AZWbwkjgRto0hOiM5ZRhQkJ9yQ5_2BqWN_2YxyELvmDbdUFk0gLoXbDSIk7lwRKpjj_-R6o2OPgjyF5zluFO2ymF2kPGUz28rT4YxAO5268dZ14bKjXhZPotA86dN_qZPBURm1FlsAFG1Ej9hE-To9f5oPjfQSYsdSS3eeZqLdIR9igt2eaL-hRx1Cu6jI8ck4o&amp;__tn__=-]K-R\" target=\"_blank\" rel=\"noopener\"><span class=\"xt0psk2\">Senado de la Rep\u00fablica<\/span><\/a>, <a class=\"x1i10hfl xjbqb8w x6umtig x1b1mbwd xaqea5y xav7gou x9f619 x1ypdohk xt0psk2 xe8uvvx xdj266r x11i5rnm xat24cr x1mh8g0r xexx8yu x4uap5 x18d9i69 xkhd6sd x16tdsg8 x1hl2dhg xggy1nq x1a2a7pz xt0b8zv x1qq9wsj xo1l8bm\" tabindex=\"0\" role=\"link\" href=\"https:\/\/www.facebook.com\/RicardoMonrealA?__cft__[0]=AZWbwkjgRto0hOiM5ZRhQkJ9yQ5_2BqWN_2YxyELvmDbdUFk0gLoXbDSIk7lwRKpjj_-R6o2OPgjyF5zluFO2ymF2kPGUz28rT4YxAO5268dZ14bKjXhZPotA86dN_qZPBURm1FlsAFG1Ej9hE-To9f5oPjfQSYsdSS3eeZqLdIR9igt2eaL-hRx1Cu6jI8ck4o&amp;__tn__=-]K-R\" target=\"_blank\" rel=\"noopener\"><span class=\"xt0psk2\">Ricardo Monreal A.<\/span><\/a>vila, podr\u00eda no ser el candidato de Morena a la Presidencia de la Rep\u00fablica, aunque ya anunci\u00f3 que buscar\u00e1 la nominaci\u00f3n para participar en la Elecci\u00f3n Presidencial del 2024.<\/p>\n<\/div>\n<\/div>\n<div class=\"x11i5rnm xat24cr x1mh8g0r x1vvkbs xtlvy1s x126k92a\" style=\"text-align: justify;\">\n<div dir=\"auto\">No obstante, parece que si se atrevi\u00f3 a declinar a un cargo tan importante como el de Senador, Ricardo Monreal, a pesar de ser &#8212; qui\u00e9rase o no admitirse&#8211; el \u00fanico de los presidenciables con m\u00e1s sagacidad y soltura para garantizar la reconciliaci\u00f3n de M\u00e9xico con la 4T, dado el divisionismo, odio y prejuicio implantado por el Presidente en cuatro a\u00f1os de gobierno, y a sabiendas de su f\u00e9rrea oposici\u00f3n a una encuesta (&#8216;dedazo&#8217; disfrazado) para seleccionar al candidato del partido en el poder, m\u00ednimo debi\u00f3 haber asegurado la jefatura del Gobierno de la Ciudad de M\u00e9xico, \u00a1de otro modo no se visualizar\u00eda esa amplia sonrisa y apret\u00f3n de manos de Monreal y L\u00f3pez Obrador en la foto!, a sabiendas de que AMLO no cejar\u00e1 en su empe\u00f1o de dejar como su sucesor a alguien d\u00f3cil y sumiso que acate sus directrices y le cubra las espaldas y de cuyo calibre solo hay dos: <a href=\"https:\/\/www.facebook.com\/ClaudiaSheinbaumPardo\" target=\"_blank\" rel=\"noopener\">Claudia Sheinbaum Pardo<\/a>\u00a0y <a class=\"x1i10hfl xjbqb8w x6umtig x1b1mbwd xaqea5y xav7gou x9f619 x1ypdohk xt0psk2 xe8uvvx xdj266r x11i5rnm xat24cr x1mh8g0r xexx8yu x4uap5 x18d9i69 xkhd6sd x16tdsg8 x1hl2dhg xggy1nq x1a2a7pz xt0b8zv x1qq9wsj xo1l8bm\" tabindex=\"0\" role=\"link\" href=\"https:\/\/www.facebook.com\/AdanAugustoLopezHdz?__cft__[0]=AZWbwkjgRto0hOiM5ZRhQkJ9yQ5_2BqWN_2YxyELvmDbdUFk0gLoXbDSIk7lwRKpjj_-R6o2OPgjyF5zluFO2ymF2kPGUz28rT4YxAO5268dZ14bKjXhZPotA86dN_qZPBURm1FlsAFG1Ej9hE-To9f5oPjfQSYsdSS3eeZqLdIR9igt2eaL-hRx1Cu6jI8ck4o&amp;__tn__=-]K-R\" target=\"_blank\" rel=\"noopener\"><span class=\"xt0psk2\">Ad\u00e1n Augusto L\u00f3pez Hern\u00e1ndez<\/span><\/a>, aunque <img loading=\"lazy\" decoding=\"async\" class=\"alignleft size-medium wp-image-1254577\" src=\"https:\/\/www.acapulcopress.com\/wp-content\/uploads\/2023\/06\/MARACELO-ABELINA-375x250.jpeg\" alt=\"\" width=\"375\" height=\"250\" \/>la actual jefa del <a class=\"x1i10hfl xjbqb8w x6umtig x1b1mbwd xaqea5y xav7gou x9f619 x1ypdohk xt0psk2 xe8uvvx xdj266r x11i5rnm xat24cr x1mh8g0r xexx8yu x4uap5 x18d9i69 xkhd6sd x16tdsg8 x1hl2dhg xggy1nq x1a2a7pz xt0b8zv x1qq9wsj xo1l8bm\" tabindex=\"0\" role=\"link\" href=\"https:\/\/www.facebook.com\/hashtag\/gobiernocdmx?__eep__=6&amp;__cft__[0]=AZWbwkjgRto0hOiM5ZRhQkJ9yQ5_2BqWN_2YxyELvmDbdUFk0gLoXbDSIk7lwRKpjj_-R6o2OPgjyF5zluFO2ymF2kPGUz28rT4YxAO5268dZ14bKjXhZPotA86dN_qZPBURm1FlsAFG1Ej9hE-To9f5oPjfQSYsdSS3eeZqLdIR9igt2eaL-hRx1Cu6jI8ck4o&amp;__tn__=*NK-R\">#GobiernoCdMx<\/a> le lleva la delantera a todos como &#8216;corcholata&#8217; favorita.<\/p>\n<\/div>\n<\/div>\n<div class=\"x11i5rnm xat24cr x1mh8g0r x1vvkbs xtlvy1s x126k92a\" style=\"text-align: justify;\">\n<div dir=\"auto\">\u00a1No extra\u00f1e ver a <a class=\"x1i10hfl xjbqb8w x6umtig x1b1mbwd xaqea5y xav7gou x9f619 x1ypdohk xt0psk2 xe8uvvx xdj266r x11i5rnm xat24cr x1mh8g0r xexx8yu x4uap5 x18d9i69 xkhd6sd x16tdsg8 x1hl2dhg xggy1nq x1a2a7pz xt0b8zv x1qq9wsj xo1l8bm\" tabindex=\"0\" role=\"link\" href=\"https:\/\/www.facebook.com\/MarceloEbrardC?__cft__[0]=AZWbwkjgRto0hOiM5ZRhQkJ9yQ5_2BqWN_2YxyELvmDbdUFk0gLoXbDSIk7lwRKpjj_-R6o2OPgjyF5zluFO2ymF2kPGUz28rT4YxAO5268dZ14bKjXhZPotA86dN_qZPBURm1FlsAFG1Ej9hE-To9f5oPjfQSYsdSS3eeZqLdIR9igt2eaL-hRx1Cu6jI8ck4o&amp;__tn__=-]K-R\" target=\"_blank\" rel=\"noopener\"><span class=\"xt0psk2\">Marcelo Luis Ebrard Casaub\u00f3n<\/span><\/a>, qui\u00e9n tambi\u00e9n es mucho m\u00e1s un pol\u00edtico de altura y clase que <a class=\"x1i10hfl xjbqb8w x6umtig x1b1mbwd xaqea5y xav7gou x9f619 x1ypdohk xt0psk2 xe8uvvx xdj266r x11i5rnm xat24cr x1mh8g0r xexx8yu x4uap5 x18d9i69 xkhd6sd x16tdsg8 x1hl2dhg xggy1nq x1a2a7pz xt0b8zv x1qq9wsj xo1l8bm\" tabindex=\"0\" role=\"link\" href=\"https:\/\/www.facebook.com\/hashtag\/esclaudia?__eep__=6&amp;__cft__[0]=AZWbwkjgRto0hOiM5ZRhQkJ9yQ5_2BqWN_2YxyELvmDbdUFk0gLoXbDSIk7lwRKpjj_-R6o2OPgjyF5zluFO2ymF2kPGUz28rT4YxAO5268dZ14bKjXhZPotA86dN_qZPBURm1FlsAFG1Ej9hE-To9f5oPjfQSYsdSS3eeZqLdIR9igt2eaL-hRx1Cu6jI8ck4o&amp;__tn__=*NK-R\">#EsClaudia<\/a>, vestir pr\u00f3ximamente de naranja! Y de ser as\u00ed, \u00a1aguas con MC en 2024!<\/p>\n<\/div>\n<\/div>\n<div class=\"x11i5rnm xat24cr x1mh8g0r x1vvkbs xtlvy1s x126k92a\" style=\"text-align: justify;\">\n<div dir=\"auto\">Hay tiempo para la reflexi\u00f3n. AMLO deber\u00e1 valorar entre aferrarse a un ruido estrellarse de su 4T o una diplom\u00e1tica reivindicaci\u00f3n de su fantas\u00eda de paz, transformaci\u00f3n y honestidad gubernamental que, seg\u00fan los hechos, ni Ad\u00e1n ni Claudia re\u00fanen ese perfil de continuidad de su legado. Hay dos m\u00e1s que s\u00ed. Son presidenciables del mismo partido y el Presidente y la opini\u00f3n p\u00fablica conoce sus nombres y apellidos. De hecho, son los mejores ases que el <img loading=\"lazy\" decoding=\"async\" class=\"alignleft size-medium wp-image-1254579\" src=\"https:\/\/www.acapulcopress.com\/wp-content\/uploads\/2023\/06\/CLAUDIA-Y-ADAN-375x250.jpeg\" alt=\"\" width=\"375\" height=\"250\" \/>Presidente pudiera tener bajo la manga.<\/p>\n<\/div>\n<\/div>\n<div class=\"x11i5rnm xat24cr x1mh8g0r x1vvkbs xtlvy1s x126k92a\" style=\"text-align: justify;\">\n<div dir=\"auto\">La elecci\u00f3n para gobernador del 4 de junio pasado en el Estado de M\u00e9xico ya demostr\u00f3 que la fuerza del presidente est\u00e1 entumida y en retroceso. En la pol\u00edtica, como en el amor, nada est\u00e1 escrito pero \u00abtodo se vale\u00bb, dice el refr\u00e1n. El domingo pr\u00f3ximo se sabr\u00e1 el desenlace de esta encrucijada en Morena. Tiempo al tiempo.<\/p>\n<\/div>\n<\/div>\n<div class=\"x11i5rnm xat24cr x1mh8g0r x1vvkbs xtlvy1s x126k92a\">\n<div dir=\"auto\" style=\"text-align: justify;\">P.D. No hay que hacer olas, es solo una perspectiva muy personal. La \u00fanica verdad infalible la tiene el tiempo y la mejor interpretaci\u00f3n de la lectura de la foto la tiene solo el lector.<\/div>\n<div dir=\"auto\" style=\"text-align: justify;\">) <a class=\"x1i10hfl xjbqb8w x6umtig x1b1mbwd xaqea5y xav7gou x9f619 x1ypdohk xt0psk2 xe8uvvx xdj266r x11i5rnm xat24cr x1mh8g0r xexx8yu x4uap5 x18d9i69 xkhd6sd x16tdsg8 x1hl2dhg xggy1nq x1a2a7pz xt0b8zv x1qq9wsj xo1l8bm\" tabindex=\"0\" role=\"link\" href=\"https:\/\/www.facebook.com\/acapulcopress.news?__cft__[0]=AZWbwkjgRto0hOiM5ZRhQkJ9yQ5_2BqWN_2YxyELvmDbdUFk0gLoXbDSIk7lwRKpjj_-R6o2OPgjyF5zluFO2ymF2kPGUz28rT4YxAO5268dZ14bKjXhZPotA86dN_qZPBURm1FlsAFG1Ej9hE-To9f5oPjfQSYsdSS3eeZqLdIR9igt2eaL-hRx1Cu6jI8ck4o&amp;__tn__=-]K-R\" target=\"_blank\" rel=\"noopener\"><span class=\"xt0psk2\">Acapulco Press<\/span><\/a><\/div>\n<\/div>\n","protected":false},"excerpt":{"rendered":"<p>Sin da\u00f1os a terceros \u00bb \u00c1ngel | Blanco massiosare@msn.com ] Facebook ) angel.steparious Traicionado ya en el pasado por el propio Andr\u00e9s Manuel L\u00f3pez Obrador, el Coordinador del Grupo Parlamentario de Morena en el Senado de la Rep\u00fablica, Ricardo Monreal A.vila, podr\u00eda no ser el candidato de Morena a la Presidencia de la Rep\u00fablica, aunque&#8230;<\/p>\n","protected":false},"author":2,"featured_media":1254578,"comment_status":"closed","ping_status":"closed","sticky":false,"template":"","format":"standard","meta":{"footnotes":""},"categories":[1972,2008],"tags":[2581,3174,3793,3896,3931,7804,12449,13297,15590,16471,16638],"class_list":["post-1254575","post","type-post","status-publish","format-standard","has-post-thumbnail","hentry","category-special","category-editorial","tag-4t","tag-acapulco-press","tag-amlo","tag-andres-manuel-lopez-obrador","tag-angel-blanco","tag-eleccion-presidencial-mexico-2024","tag-marcelo-luis-ebrard-casaubon","tag-morena","tag-ricardo-monreal-avila","tag-senado-de-la-republica","tag-sin-danos-a-terceros"],"_links":{"self":[{"href":"https:\/\/www.acapulcopress.com\/index.php\/wp-json\/wp\/v2\/posts\/1254575","targetHints":{"allow":["GET"]}}],"collection":[{"href":"https:\/\/www.acapulcopress.com\/index.php\/wp-json\/wp\/v2\/posts"}],"about":[{"href":"https:\/\/www.acapulcopress.com\/index.php\/wp-json\/wp\/v2\/types\/post"}],"author":[{"embeddable":true,"href":"https:\/\/www.acapulcopress.com\/index.php\/wp-json\/wp\/v2\/users\/2"}],"replies":[{"embeddable":true,"href":"https:\/\/www.acapulcopress.com\/index.php\/wp-json\/wp\/v2\/comments?post=1254575"}],"version-history":[{"count":0,"href":"https:\/\/www.acapulcopress.com\/index.php\/wp-json\/wp\/v2\/posts\/1254575\/revisions"}],"wp:featuredmedia":[{"embeddable":true,"href":"https:\/\/www.acapulcopress.com\/index.php\/wp-json\/"}],"wp:attachment":[{"href":"https:\/\/www.acapulcopress.com\/index.php\/wp-json\/wp\/v2\/media?parent=1254575"}],"wp:term":[{"taxonomy":"category","embeddable":true,"href":"https:\/\/www.acapulcopress.com\/index.php\/wp-json\/wp\/v2\/categories?post=1254575"},{"taxonomy":"post_tag","embeddable":true,"href":"https:\/\/www.acapulcopress.com\/index.php\/wp-json\/wp\/v2\/tags?post=1254575"}],"curies":[{"name":"wp","href":"https:\/\/api.w.org\/{rel}","templated":true}]}}