{"id":1254581,"date":"2023-06-09T20:38:33","date_gmt":"2023-06-10T01:38:33","guid":{"rendered":"https:\/\/www.acapulcopress.com\/?p=1254581"},"modified":"2023-06-09T20:38:33","modified_gmt":"2023-06-10T01:38:33","slug":"analiza-gobernadora-acciones-de-seguridad-para-afluencia-turistica-del-fin-de-semana","status":"publish","type":"post","link":"https:\/\/www.acapulcopress.com\/index.php\/2023\/06\/09\/analiza-gobernadora-acciones-de-seguridad-para-afluencia-turistica-del-fin-de-semana\/","title":{"rendered":"Analiza Gobernadora acciones de seguridad para afluencia tur\u00edstica del fin de semana"},"content":{"rendered":"<p style=\"text-align: justify;\">CHILPANCINGO * 9 de junio de 2023.<br \/>\n<em>) Coordinaci\u00f3n para la Construcci\u00f3n de la Paz<\/em><br \/>\nLa gobernadora <a href=\"https:\/\/www.facebook.com\/EvelynSalgadoP\" target=\"_blank\" rel=\"noopener\">Evelyn Salgado Pineda<\/a> sesion\u00f3 con la Mesa de Coordinaci\u00f3n para la Construcci\u00f3n de la Paz para analizar las acciones que en materia de seguridad se realizan en la entidad, como parte del trabajo diario permite generar las condiciones de paz que requieren los ciudadanos.<\/p>\n<p style=\"text-align: justify;\">En la reuni\u00f3n desde Casa Guerrero, la mandataria estatal hizo un llamado a la coordinaci\u00f3n con alcaldes para seguir inhibiendo delitos y reforzar la estrategia integral de paz que garantiza el bienestar de la entidad.<\/p>\n<p style=\"text-align: justify;\">Adem\u00e1s, la gobernadora con las autoridades de seguridad de los tres \u00f3rdenes de gobierno, acordaron mantener y reforzar los trabajos en materia de prevenci\u00f3n del delito para garantizar la seguridad de los visitantes a los destinos tur\u00edsticos durante este fin de semana.<\/p>\n<p style=\"text-align: justify;\">Evelyn Salgado inst\u00f3 a no descuidar las acciones que se realizan en municipios prioritarios de la entidad con el prop\u00f3sito de mantener a la baja la incidencia\u00a0de\u00a0delitos.<\/p>\n<p style=\"text-align: justify;\"><em>) S\u00edguenos en nuestra p\u00e1gina Facebook.com\/<a href=\"https:\/\/www.facebook.com\/acapulcopress.news\" target=\"_blank\" rel=\"noopener\">acapulcopress.news<\/a><\/em><\/p>\n","protected":false},"excerpt":{"rendered":"<p>CHILPANCINGO * 9 de junio de 2023. ) Coordinaci\u00f3n para la Construcci\u00f3n de la Paz La gobernadora Evelyn Salgado Pineda sesion\u00f3 con la Mesa de Coordinaci\u00f3n para la Construcci\u00f3n de la Paz para analizar las acciones que en materia de seguridad se realizan en la entidad, como parte del trabajo diario permite generar las condiciones&#8230;<\/p>\n","protected":false},"author":2,"featured_media":1254582,"comment_status":"closed","ping_status":"closed","sticky":false,"template":"","format":"standard","meta":{"footnotes":""},"categories":[1969,1972,2005],"tags":[8251,12964],"class_list":["post-1254581","post","type-post","status-publish","format-standard","has-post-thumbnail","hentry","category-trending","category-special","category-seguridad-y-justicia","tag-evelyn-salgado-pineda","tag-mesa-de-coordinacion-para-la-construccion-de-la-paz"],"_links":{"self":[{"href":"https:\/\/www.acapulcopress.com\/index.php\/wp-json\/wp\/v2\/posts\/1254581","targetHints":{"allow":["GET"]}}],"collection":[{"href":"https:\/\/www.acapulcopress.com\/index.php\/wp-json\/wp\/v2\/posts"}],"about":[{"href":"https:\/\/www.acapulcopress.com\/index.php\/wp-json\/wp\/v2\/types\/post"}],"author":[{"embeddable":true,"href":"https:\/\/www.acapulcopress.com\/index.php\/wp-json\/wp\/v2\/users\/2"}],"replies":[{"embeddable":true,"href":"https:\/\/www.acapulcopress.com\/index.php\/wp-json\/wp\/v2\/comments?post=1254581"}],"version-history":[{"count":0,"href":"https:\/\/www.acapulcopress.com\/index.php\/wp-json\/wp\/v2\/posts\/1254581\/revisions"}],"wp:featuredmedia":[{"embeddable":true,"href":"https:\/\/www.acapulcopress.com\/index.php\/wp-json\/"}],"wp:attachment":[{"href":"https:\/\/www.acapulcopress.com\/index.php\/wp-json\/wp\/v2\/media?parent=1254581"}],"wp:term":[{"taxonomy":"category","embeddable":true,"href":"https:\/\/www.acapulcopress.com\/index.php\/wp-json\/wp\/v2\/categories?post=1254581"},{"taxonomy":"post_tag","embeddable":true,"href":"https:\/\/www.acapulcopress.com\/index.php\/wp-json\/wp\/v2\/tags?post=1254581"}],"curies":[{"name":"wp","href":"https:\/\/api.w.org\/{rel}","templated":true}]}}