{"id":1254592,"date":"2023-06-09T22:34:16","date_gmt":"2023-06-10T03:34:16","guid":{"rendered":"https:\/\/www.acapulcopress.com\/?p=1254592"},"modified":"2023-06-09T22:34:16","modified_gmt":"2023-06-10T03:34:16","slug":"pensiones-a-adultos-mayores-de-quien-fue-idea","status":"publish","type":"post","link":"https:\/\/www.acapulcopress.com\/index.php\/2023\/06\/09\/pensiones-a-adultos-mayores-de-quien-fue-idea\/","title":{"rendered":"Pensiones a adultos mayores, \u00bfde quien fue idea?"},"content":{"rendered":"<p style=\"text-align: justify;\">CIUDAD DE M\u00c9XICO * 9 de junio de 2023.<br \/>\n<em>)<a href=\"https:\/\/www.proceso.com.mx\/nacional\/2023\/6\/9\/pensiones-para-adultos-mayores-de-quien-fue-la-idea-fox-calderon-amlo-308544.html\" target=\"_blank\" rel=\"noopener\"> Apro<\/a><\/em><br \/>\nLos expresidentes panistas, <a href=\"https:\/\/www.facebook.com\/PresidenteVFox\" target=\"_blank\" rel=\"noopener\"><strong><span class=\"xv78j7m\" spellcheck=\"false\">Vicente Fox Quesada<\/span><\/strong><\/a> y <a href=\"https:\/\/www.facebook.com\/FelipeCalderonH\" target=\"_blank\" rel=\"noopener\"><strong><span class=\"xv78j7m\" spellcheck=\"false\">Felipe Calder\u00f3n Hinojosa<\/span><\/strong><\/a> protagonizaron el jueves una disputa v\u00eda Twitter, por la autor\u00eda del programa de pensiones a adultos mayores.<\/p>\n<p style=\"text-align: justify;\">A la rebatinga se sum\u00f3 este viernes el presidente <a href=\"https:\/\/www.facebook.com\/lopezobrador.org.mx\" target=\"_blank\" rel=\"noopener\"><strong><span class=\"xv78j7m\" spellcheck=\"false\">Andr\u00e9s Manuel L\u00f3pez Obrador<\/span><\/strong><\/a>, quien llam\u00f3 \u201chip\u00f3crita\u201d a Fox y le dijo \u201cno anda exacto\u201d. Y pidi\u00f3 exhibir un video de 2004 que en <img loading=\"lazy\" decoding=\"async\" class=\"alignleft size-medium wp-image-1254597\" src=\"https:\/\/www.acapulcopress.com\/wp-content\/uploads\/2023\/06\/PAN-PENSION-375x411.jpg\" alt=\"\" width=\"375\" height=\"411\" \/>el que, como presidente, el guanajuatense afirm\u00f3: \u201ccualquier pensi\u00f3n o apoyos a tercera edad es llevar a nuestro pa\u00eds y nuestra econom\u00eda a la quiebra\u201d.<\/p>\n<p style=\"text-align: justify;\">La controversia inici\u00f3 el jueves por la ma\u00f1ana, cuando la cuenta de Acci\u00f3n Nacional en Twitter public\u00f3 un video en el que Fox Quesada afirma:<\/p>\n<p style=\"text-align: justify;\">\u201cQue no te enga\u00f1en, fue en mi gobierno en que empez\u00f3 en todo el pa\u00eds el programa de adultos mayores 70 y m\u00e1s, la diferencia es que hoy se usa con fines pol\u00edtico-electorales\u201d. Y se refiri\u00f3 tambi\u00e9n al Seguro Popular, que fue creado, ese s\u00ed, en su gobierno y que fue sustituido por el Insabi en este gobierno, aunque tambi\u00e9n naufrag\u00f3.<\/p>\n<p style=\"text-align: justify;\">Al video publicado por el #PAN reaccion\u00f3 el tambi\u00e9n expresidente panista Felipe Calder\u00f3n quien afirm\u00f3 que el programa \u201c70 y m\u00e1s\u201d empez\u00f3 durante su gobierno y que el seguro popular lo dise\u00f1\u00f3 Julio Frenk, pero que la primera vez que tuvo un presupuesto real para <img loading=\"lazy\" decoding=\"async\" class=\"alignleft size-medium wp-image-1254594\" src=\"https:\/\/www.acapulcopress.com\/wp-content\/uploads\/2023\/06\/CALDERON-PENSION-375x517.jpg\" alt=\"\" width=\"375\" height=\"517\" \/>ponerlo en operaci\u00f3n fue en 2007, es decir, ya durante su mandato.<\/p>\n<p style=\"text-align: justify;\">Sin embargo, esta ma\u00f1ana, durante su conferencia de prensa ma\u00f1anera, el presidente L\u00f3pez Obrador les record\u00f3 a ambos que la idea de otorgar un beneficio econ\u00f3mico a los adultos mayores fue idea suya y comenz\u00f3 a implementarla desde su gesti\u00f3n como jefe de gobierno del entonces Distrito Federal.<\/p>\n<p style=\"text-align: justify;\">En noviembre de 2022 en una visita a Manzanillo, Colima, el mandatario ya se hab\u00eda referido a la autor\u00eda del programa de pensiones para adultos mayores, e igualmente, aludi\u00f3 al presidente Vicente Fox.<\/p>\n<p style=\"text-align: justify;\">En aquella ocasi\u00f3n dijo:<\/p>\n<p style=\"text-align: justify;\">\u201cCuando decid\u00ed dar esta pensi\u00f3n, cuando fui jefe de gobierno de la Ciudad de M\u00e9xico, que nosotros lo iniciamos y ofrezco disculpas, pero sali\u00f3 de esta cabecita y este coraz\u00f3n, no lo copiamos \u00bfSaben cu\u00e1l era la declaraci\u00f3n de Fox que era presidente?, que no estaba de acuerdo que lo que se ten\u00eda que hacer era poner a trabajar a los adultos mayores\u201d, record\u00f3.<\/p>\n<p style=\"text-align: justify;\">En efecto, el programa fue puesto en marcha por L\u00f3pez Obrador desde el a\u00f1o 2000 en el primer a\u00f1o de su gesti\u00f3n al frente del entonces Distrito Federal, cuando aplic\u00f3 tambi\u00e9n por primera vez su pol\u00edtica de austeridad republicana.<\/p>\n<p style=\"text-align: justify;\">La entonces Secretar\u00eda de Desarrollo Social, a cargo de Raquel Sosa, tambi\u00e9n plante\u00f3 la implementaci\u00f3n de un programa de becas y de capacitaci\u00f3n para madres sin pareja.<\/p>\n<p style=\"text-align: justify;\">Para los adultos mayores la administraci\u00f3n capitalina propuso brindar atenci\u00f3n m\u00e9dica domiciliaria y entrega de medicamentos gratuitos a quien lo requirieran, ayudas econ\u00f3micas de 500 pesos mensuales a personas mayores de 70 a\u00f1os, as\u00ed como apoyo alimentario.<\/p>\n<p style=\"text-align: justify;\">La implementaci\u00f3n del programa no estuvo exenta de resistencias debido a la postura de los diputados de oposici\u00f3n en la Asamblea Legislativa, hoy Congreso de la Ciudad de M\u00e9xico.<\/p>\n<p style=\"text-align: justify;\">Para 2021 unos 250 mil adultos mayores ya contaban con tarjetas para recibir 600 pesos al mes, el equivalente a medio salario m\u00ednimo, lo que implic\u00f3 una erogaci\u00f3n total de mil 62 millones de pesos. Para 2003 el apoyo llegaba a unos 300 mil adultos mayores y el monto era de 700 pesos.<\/p>\n<p style=\"text-align: justify;\">Como candidato presidencial para 2006 L\u00f3pez Obrador prometi\u00f3 que, si ganaba, aplicar\u00eda su programa en todo el pa\u00eds, pero no gan\u00f3 y fue Calder\u00f3n quien en su gobierno puso en marcha el programa \u201c70 y m\u00e1s\u201d.<\/p>\n<p style=\"text-align: justify;\">Ya sin ese nombre, el programa de ayuda a los adultos mayores se mantuvo durante el gobierno de <a href=\"https:\/\/www.facebook.com\/EnriquePN\" target=\"_blank\" rel=\"noopener\"><strong>Enrique Pe\u00f1a Nieto<\/strong><\/a> quien ampli\u00f3 la cobertura al bajar la edad de los beneficiarios a los 65 a\u00f1os.<\/p>\n<p style=\"text-align: justify;\">A su llegada a la presidencia, L\u00f3pez Obrador sigui\u00f3 con el programa, pero elev\u00f3 la edad a 68 a\u00f1os durante los dos primeros a\u00f1os de su gobierno y a principios de 2021 anunci\u00f3 que bajar\u00eda nuevamente a 65, como se mantiene hasta la fecha. Adem\u00e1s elev\u00f3 a rango constitucional la entrega de ese apoyo por lo que sus sucesores estar\u00e1n obligados a continuar con esa pol\u00edtica social. Actualmente la ayuda econ\u00f3mica es de cuatro mil 800 pesos bimestrales.<\/p>\n<p style=\"text-align: justify;\">DIARIO OFICIAL DE LA FEDERACI\u00d3N DA FE DEL AUTOR DE LA PENSI\u00d3N<\/p>\n<p style=\"text-align: justify;\">En investigaci\u00f3n de <a href=\"https:\/\/www.facebook.com\/acapulcopress.news\" target=\"_blank\" rel=\"noopener\"><em>Acapulco Press<\/em> <\/a>se hall\u00f3 que, de acuerdo con el <a href=\"https:\/\/www.facebook.com\/acapulcopress.news\" target=\"_blank\" rel=\"noopener\"><em>Diario Oficial de la Federaci\u00f3n<\/em> <\/a><em>(DOF) s<\/em>e acredita, efectivamente, a Andr\u00e9s Manuel L\u00f3pez la autor\u00eda de las pensiones para adultos mayores, programa que fue instaurado cuando AMLO fue jefe del entonces Distrito Federal, de 2000 a 2005. Fue en el DOF donde se decret\u00f3 el 19 de noviembre del a\u00f1o 2003 el \u00abDerecho a la Pensi\u00f3n Alimentaria para los Adultos Mayores de Setenta A\u00f1os\u00bb residentes en el Distrito Federal.<\/p>\n<p style=\"text-align: justify;\">En cumplimiento a lo dispuesto por los art\u00edculos 122, Apartado C, Base Segunda, Fracci\u00f3n II, Inciso b), de la Constituci\u00f3n Pol\u00edtica de los Estados Unidos Mexicanos, y 48, 49 y 67, Fracci\u00f3n II, del Estatuto de Gobierno del Distrito Federal, signaron la promulgaci\u00f3n de dicha ley el Jefe de Gobierno del Distrito Federal, Andr\u00e9s Manuel L\u00f3pez Obrador; el Secretario de Gobierno del Distrito Federal, Alejandro Encinas Rodr\u00edguez, y la Secretaria de Salud del Distrito Federal, Asa Ebba Christina Laurell.<\/p>\n<p style=\"text-align: justify;\"><img loading=\"lazy\" decoding=\"async\" class=\"alignnone wp-image-1254595 size-large\" src=\"https:\/\/www.acapulcopress.com\/wp-content\/uploads\/2023\/06\/DOF-ADULTOS-MAYORES-19Nov2003-840x942.jpg\" alt=\"\" width=\"696\" height=\"781\" \/><\/p>\n<div style=\"width: 1160px;\" class=\"wp-video\"><video class=\"wp-video-shortcode\" id=\"video-1254592-1\" width=\"1160\" height=\"653\" preload=\"metadata\" controls=\"controls\"><source type=\"video\/mp4\" src=\"https:\/\/www.acapulcopress.com\/wp-content\/uploads\/2023\/06\/PAN-FOX-PENSIONES.mp4?_=1\" \/><a href=\"https:\/\/www.acapulcopress.com\/wp-content\/uploads\/2023\/06\/PAN-FOX-PENSIONES.mp4\">https:\/\/www.acapulcopress.com\/wp-content\/uploads\/2023\/06\/PAN-FOX-PENSIONES.mp4<\/a><\/video><\/div>\n<p>Spot del PAN para acreditar a Vicente Fox la pensi\u00f3n a adultos mayores.<\/p>\n<div style=\"width: 1160px;\" class=\"wp-video\"><video class=\"wp-video-shortcode\" id=\"video-1254592-2\" width=\"1160\" height=\"653\" preload=\"metadata\" controls=\"controls\"><source type=\"video\/mp4\" src=\"https:\/\/www.acapulcopress.com\/wp-content\/uploads\/2023\/06\/AMLO-EXHIBE-A-FONX-PENSIONES.mp4?_=2\" \/><a href=\"https:\/\/www.acapulcopress.com\/wp-content\/uploads\/2023\/06\/AMLO-EXHIBE-A-FONX-PENSIONES.mp4\">https:\/\/www.acapulcopress.com\/wp-content\/uploads\/2023\/06\/AMLO-EXHIBE-A-FONX-PENSIONES.mp4<\/a><\/video><\/div>\n<p style=\"text-align: justify;\"><strong>En su conferencia ma\u00f1ana del jueves 8 de junio, AMLO exhibi\u00f3 un video donde Fox se opon\u00eda a la pensi\u00f3n de adultos mayores.<\/strong><\/p>\n<p>) S\u00edguenos en nuestra p\u00e1gina <a class=\"x1fey0fg xmper1u x1edh9d7\" href=\"Facebook.com\/acapulcopress.news\">Facebook.com\/acapulcopress.news<\/a><br \/>\n<a class=\"x1fey0fg xmper1u x1edh9d7\" href=\"https:\/\/www.facebook.com\/acapulcopress.news\">https:\/\/www.facebook.com\/acapulcopress.news<\/a><\/p>\n","protected":false},"excerpt":{"rendered":"<p>CIUDAD DE M\u00c9XICO * 9 de junio de 2023. ) Apro Los expresidentes panistas, Vicente Fox Quesada y Felipe Calder\u00f3n Hinojosa protagonizaron el jueves una disputa v\u00eda Twitter, por la autor\u00eda del programa de pensiones a adultos mayores. A la rebatinga se sum\u00f3 este viernes el presidente Andr\u00e9s Manuel L\u00f3pez Obrador, quien llam\u00f3 \u201chip\u00f3crita\u201d a&#8230;<\/p>\n","protected":false},"author":2,"featured_media":1254593,"comment_status":"closed","ping_status":"closed","sticky":false,"template":"","format":"standard","meta":{"footnotes":""},"categories":[1997],"tags":[3896,8444,17824],"class_list":["post-1254592","post","type-post","status-publish","format-standard","has-post-thumbnail","hentry","category-noticias-destacadas","tag-andres-manuel-lopez-obrador","tag-felipe-calderon-hinojosa","tag-vicente-fox-quesada"],"_links":{"self":[{"href":"https:\/\/www.acapulcopress.com\/index.php\/wp-json\/wp\/v2\/posts\/1254592","targetHints":{"allow":["GET"]}}],"collection":[{"href":"https:\/\/www.acapulcopress.com\/index.php\/wp-json\/wp\/v2\/posts"}],"about":[{"href":"https:\/\/www.acapulcopress.com\/index.php\/wp-json\/wp\/v2\/types\/post"}],"author":[{"embeddable":true,"href":"https:\/\/www.acapulcopress.com\/index.php\/wp-json\/wp\/v2\/users\/2"}],"replies":[{"embeddable":true,"href":"https:\/\/www.acapulcopress.com\/index.php\/wp-json\/wp\/v2\/comments?post=1254592"}],"version-history":[{"count":0,"href":"https:\/\/www.acapulcopress.com\/index.php\/wp-json\/wp\/v2\/posts\/1254592\/revisions"}],"wp:featuredmedia":[{"embeddable":true,"href":"https:\/\/www.acapulcopress.com\/index.php\/wp-json\/"}],"wp:attachment":[{"href":"https:\/\/www.acapulcopress.com\/index.php\/wp-json\/wp\/v2\/media?parent=1254592"}],"wp:term":[{"taxonomy":"category","embeddable":true,"href":"https:\/\/www.acapulcopress.com\/index.php\/wp-json\/wp\/v2\/categories?post=1254592"},{"taxonomy":"post_tag","embeddable":true,"href":"https:\/\/www.acapulcopress.com\/index.php\/wp-json\/wp\/v2\/tags?post=1254592"}],"curies":[{"name":"wp","href":"https:\/\/api.w.org\/{rel}","templated":true}]}}