{"id":1254603,"date":"2023-06-12T19:35:49","date_gmt":"2023-06-13T00:35:49","guid":{"rendered":"https:\/\/www.acapulcopress.com\/?p=1254603"},"modified":"2023-06-12T19:35:49","modified_gmt":"2023-06-13T00:35:49","slug":"esclaudia-renunciara-al-gobiernocdmx-el-proximo-16-de-junio","status":"publish","type":"post","link":"https:\/\/www.acapulcopress.com\/index.php\/2023\/06\/12\/esclaudia-renunciara-al-gobiernocdmx-el-proximo-16-de-junio\/","title":{"rendered":"#EsCLaudia renunciar\u00e1 al #GobiernoCdMx el pr\u00f3ximo 16 de junio"},"content":{"rendered":"<p style=\"text-align: justify;\">CIUDAD DE M\u00c9XICO * 12 de junio de 2023.<br \/>\n<em>) <a href=\"https:\/\/politica.expansion.mx\/cdmx\/2023\/06\/12\/claudia-sheinbaum-renuncia-jefa-de-gobierno\" target=\"_blank\" rel=\"noopener\">Pol\u00edtica Expansi\u00f3n<\/a><\/em><\/p>\n<p style=\"text-align: justify;\">El pr\u00f3ximo 16 de junio ser\u00e1 el \u00faltimo d\u00eda como jefa de Gobierno de la Ciudad de M\u00e9xico de Claudia Sheinbaum, cargo que dejar\u00e1 para buscar ser la candidata de Morena por la <img loading=\"lazy\" decoding=\"async\" class=\"alignleft size-medium wp-image-1254604\" src=\"https:\/\/www.acapulcopress.com\/wp-content\/uploads\/2023\/06\/CLAUDIA-SHEINBAUM-375x211.jpg\" alt=\"\" width=\"375\" height=\"211\" \/>presidencia hacia las elecciones de 2024 .<\/p>\n<p style=\"text-align: justify;\">\u00abCon el fin de ser la primera mujer en encabezar los destinos de esta naci\u00f3n\u00bb, dijo en compa\u00f1\u00eda de su gabinete legal y ampliado este lunes.<\/p>\n<p style=\"text-align: justify;\">Sheinbaum afirm\u00f3 que las encuestas de preferencia la han colocado en primer lugar y que 68.5% de las y los mexicanos est\u00e1n dispuestos a apoyar a una mujer presidenta.<\/p>\n<p style=\"text-align: justify;\"><strong>La renuncia<\/strong><\/p>\n<p style=\"text-align: justify;\">La mandataria explic\u00f3 el motivo de su renuncia, aunque previamente hab\u00eda dicho que no era necesario. Y es que el Consejo Nacional de Morena dio como l\u00edmite a los aspirantes presidenciales hasta este 16 de junio para registrarse y separarse de sus cargos.<\/p>\n<p style=\"text-align: justify;\">\u00abEn su momento plante\u00e9 que no era necesario renunciar a nuestros cargos (&#8230;) Entiendo que por encima de todos est\u00e1 el proyecto de transformaci\u00f3n y por ello respetar\u00e9 todo lo que fue aprobado el d\u00eda de ayer por el Consejo Nacional\u00bb, dijo.<\/p>\n<p style=\"text-align: justify;\">Sheinbaum hab\u00eda se\u00f1alado que no pensaba renunciar al cargo hasta en su caso ganar la encuesta de Morena que definir\u00e1 la persona que ser\u00e1 nombrada como \u201ccoordinador de los <img loading=\"lazy\" decoding=\"async\" class=\"alignleft size-medium wp-image-1254605\" src=\"https:\/\/www.acapulcopress.com\/wp-content\/uploads\/2023\/06\/CLAUDIA-375x211.jpeg\" alt=\"\" width=\"375\" height=\"211\" \/>Comit\u00e9s de Defensa de la Cuarta Transformaci\u00f3n\u201d, es decir, quien ser\u00e1 la persona candidata para 2024, sin embargo, Morena aprob\u00f3 este domingo que s\u00ed lo hicieran.<\/p>\n<p style=\"text-align: justify;\">La jefa de Gobierno anuncia su renuncia al cargo cuatro a\u00f1os y medio despu\u00e9s de tomar protesta al frente del Gobierno de la Ciudad y dijo que terminar\u00e1 las obras de reconstrucci\u00f3n por el sismo del 19 de septiembre de 2017.<\/p>\n<p style=\"text-align: justify;\">Tambi\u00e9n afirm\u00f3 que a cargo quedar\u00e1 su gabinete, a quienes se refiri\u00f3 como \u00abun equipo de primera, como ninguna entidad en la Rep\u00fablica lo tiene\u00bb y sostuvo que proyectos pendientes de su administraci\u00f3n ser\u00e1n terminados en los pr\u00f3ximos meses.<\/p>\n<p style=\"text-align: justify;\">\u00abLes garantizo que con ellos y con ellas al frente se finalizar\u00e1n en los pr\u00f3ximos meses la nueva L\u00ednea 1 del Metro, el reforzamiento de la L\u00ednea 12, el Tren Interurbano M\u00e9xico-Toluca, la Planta Solar de la Central de Abasto y otras obras trascendentes\u00bb, se\u00f1al\u00f3.<\/p>\n<p style=\"text-align: justify;\"><strong>Funcionarios rompen acuerdo<\/strong><\/p>\n<p style=\"text-align: justify;\">Al final de la conferencia de la mandataria capitalina, miembros de su gabinete legal y ampliado gritaron \u00ab\u00a1presidenta, presidenta!\u00bb, pese a que los lineamientos de Morena para el proceso de selecci\u00f3n indican que deben abstenerse de manifestarse a favor o en contra a \u00ablos gobernadores\/as y los integrantes de su gabinete legal y ampliado\u00bb.<\/p>\n<p style=\"text-align: justify;\">El Consejo de Morena asegur\u00f3 que \u00abprohibidos los recursos p\u00fablicos, empresariales o de actividades de presuntamente il\u00edcitas\u00bb y estableci\u00f3 que el presidente, los titulares del gabinete legal y ampliado, gobernadores e integrantes de sus respectivos gabinetes, alcaldes y presidentes municipales y colaboradores de primer nivel, adem\u00e1s de coordinadores de las bancadas de Morena en el Congreso federal y estatales, as\u00ed como toda persona con un cargo de dirigencia nacional o estatal de Morena e integrantes de las comisiones de Elecciones y Encuestas, deben \u00ababstenerse de involucrarse de forma alguna ni manifestarse a favor o en contra\u00bb.<\/p>\n<p style=\"text-align: justify;\">La mandataria adem\u00e1s anunci\u00f3 que este jueves a las 16:00 horas convocar\u00e1 a un encuentro ciudadano para dar un \u00faltimo informe a los habitantes de la Ciudad de M\u00e9xico en el Monumento a la Revoluci\u00f3n.<\/p>\n<div style=\"width: 640px;\" class=\"wp-video\"><video class=\"wp-video-shortcode\" id=\"video-1254603-1\" width=\"640\" height=\"368\" preload=\"metadata\" controls=\"controls\"><source type=\"video\/mp4\" src=\"https:\/\/www.acapulcopress.com\/wp-content\/uploads\/2023\/06\/CLAUDIA-SHEINBAM-ANUNCIA-RENUNCIA.mp4?_=1\" \/><a href=\"https:\/\/www.acapulcopress.com\/wp-content\/uploads\/2023\/06\/CLAUDIA-SHEINBAM-ANUNCIA-RENUNCIA.mp4\">https:\/\/www.acapulcopress.com\/wp-content\/uploads\/2023\/06\/CLAUDIA-SHEINBAM-ANUNCIA-RENUNCIA.mp4<\/a><\/video><\/div>\n<p style=\"text-align: justify;\"><strong>\u00bfCu\u00e1nto dura le jefatura de Gobierno de CdMx?<\/strong><\/p>\n<p style=\"text-align: justify;\">De acuerdo con la Constituci\u00f3n local, el jefe o jefa de Gobierno, ejercer\u00e1 su encargo durante seis a\u00f1os, a partir del d\u00eda 5 de octubre del a\u00f1o de la elecci\u00f3n.<\/p>\n<p style=\"text-align: justify;\">\u00abLa persona titular del Poder Ejecutivo se denominar\u00e1 Jefa o Jefe de Gobierno de la Ciudad de M\u00e9xico y tendr\u00e1 a su cargo la administraci\u00f3n p\u00fablica de la entidad; ser\u00e1 electa por votaci\u00f3n universal, libre, secreta y directa; no podr\u00e1 durar en su encargo m\u00e1s de seis a\u00f1os y entrar\u00e1 en funciones el 5 de octubre del a\u00f1o de la elecci\u00f3n. Durante el tiempo que dure su encargo deber\u00e1 residir en la Ciudad de M\u00e9xico\u00bb, se\u00f1ala.<\/p>\n<p style=\"text-align: justify;\"><em>) S\u00edguenos en nuestra p\u00e1gina Facebook.com\/<a href=\"https:\/\/www.facebook.com\/acapulcopress.news\" target=\"_blank\" rel=\"noopener\">acapulcopress.news<\/a><\/em><\/p>\n","protected":false},"excerpt":{"rendered":"<p>CIUDAD DE M\u00c9XICO * 12 de junio de 2023. ) Pol\u00edtica Expansi\u00f3n El pr\u00f3ximo 16 de junio ser\u00e1 el \u00faltimo d\u00eda como jefa de Gobierno de la Ciudad de M\u00e9xico de Claudia Sheinbaum, cargo que dejar\u00e1 para buscar ser la candidata de Morena por la presidencia hacia las elecciones de 2024 . \u00abCon el fin&#8230;<\/p>\n","protected":false},"author":2,"featured_media":1254606,"comment_status":"closed","ping_status":"closed","sticky":false,"template":"","format":"standard","meta":{"footnotes":""},"categories":[2052,1972,18561],"tags":[],"class_list":["post-1254603","post","type-post","status-publish","format-standard","has-post-thumbnail","hentry","category-elecciones","category-special","category-society-politics"],"_links":{"self":[{"href":"https:\/\/www.acapulcopress.com\/index.php\/wp-json\/wp\/v2\/posts\/1254603","targetHints":{"allow":["GET"]}}],"collection":[{"href":"https:\/\/www.acapulcopress.com\/index.php\/wp-json\/wp\/v2\/posts"}],"about":[{"href":"https:\/\/www.acapulcopress.com\/index.php\/wp-json\/wp\/v2\/types\/post"}],"author":[{"embeddable":true,"href":"https:\/\/www.acapulcopress.com\/index.php\/wp-json\/wp\/v2\/users\/2"}],"replies":[{"embeddable":true,"href":"https:\/\/www.acapulcopress.com\/index.php\/wp-json\/wp\/v2\/comments?post=1254603"}],"version-history":[{"count":0,"href":"https:\/\/www.acapulcopress.com\/index.php\/wp-json\/wp\/v2\/posts\/1254603\/revisions"}],"wp:featuredmedia":[{"embeddable":true,"href":"https:\/\/www.acapulcopress.com\/index.php\/wp-json\/"}],"wp:attachment":[{"href":"https:\/\/www.acapulcopress.com\/index.php\/wp-json\/wp\/v2\/media?parent=1254603"}],"wp:term":[{"taxonomy":"category","embeddable":true,"href":"https:\/\/www.acapulcopress.com\/index.php\/wp-json\/wp\/v2\/categories?post=1254603"},{"taxonomy":"post_tag","embeddable":true,"href":"https:\/\/www.acapulcopress.com\/index.php\/wp-json\/wp\/v2\/tags?post=1254603"}],"curies":[{"name":"wp","href":"https:\/\/api.w.org\/{rel}","templated":true}]}}