{"id":1254614,"date":"2023-06-12T20:03:47","date_gmt":"2023-06-13T01:03:47","guid":{"rendered":"https:\/\/www.acapulcopress.com\/?p=1254614"},"modified":"2023-06-12T20:03:47","modified_gmt":"2023-06-13T01:03:47","slug":"inicia-moreal-mudanza-renunciara-el-viernes-para-buscar-candidatura-de-morena","status":"publish","type":"post","link":"https:\/\/www.acapulcopress.com\/index.php\/2023\/06\/12\/inicia-moreal-mudanza-renunciara-el-viernes-para-buscar-candidatura-de-morena\/","title":{"rendered":"Inicia Moreal mudanza; renunciar\u00e1 el viernes para buscar candidatura"},"content":{"rendered":"<p style=\"text-align: justify;\">CIUDAD DE M\u00c9XICO * 12 de junio de 2023.<br \/>\n<em>) <a href=\"https:\/\/www.proceso.com.mx\/nacional\/politica\/2023\/6\/12\/ricardo-monreal-anuncia-que-pedira-licencia-el-viernes-emprende-la-mudanza-308664.html\" target=\"_blank\" rel=\"noopener\">Apro<\/a><\/em><br \/>\nEl senador morenista <a href=\"https:\/\/www.facebook.com\/RicardoMonrealA\" target=\"_blank\" rel=\"noopener\">Ricardo Monreal<\/a> anunci\u00f3 que el viernes presentar\u00e1 la renuncia a los dos puestos directivos que ostenta en la C\u00e1mara Alta \u2013coordinador de su bancada y presidente de la Junta de Coordinaci\u00f3n Pol\u00edtica\u2013 para inscribirse en el proceso interno de Morena para ser candidato presidencial.<\/p>\n<p style=\"text-align: justify;\">\u201cEs la mudanza normal, no hay que acostumbrarse a los puestos ni a los cargos, sino dedicarse con amor a los encargos\u201d, dijo en un video en su cuenta de Twitter.<\/p>\n<p style=\"text-align: justify;\">En la misma red social difundi\u00f3 las declaraciones que dio a medios en los que anuncia las que ser\u00e1n sus \u00faltimas actividades como legislador para cumplir \u201calgunas cosas de agenda\u201d antes de dedicarse de lleno a la promoci\u00f3n de su aspiraci\u00f3n presidencial.<\/p>\n<p style=\"text-align: justify;\">\u201cEste ya es un espacio vac\u00edo\u201d, dijo a los reporteros, al mostrar el avance de su mudanza. Anunci\u00f3 que se llevar\u00e1 consigo a su Santo Ni\u00f1o de Atocha.<\/p>\n<p style=\"text-align: justify;\">Monreal anunci\u00f3 que el s\u00e1bado 17 de junio asistir\u00e1 a cuatro santuarios \u201ca darle gracias a Dios\u201d: la Bas\u00edlica de Guadalupe, San Juan de los Lagos y el Se\u00f1or de los Rayos en Temasti\u00e1n, Jalisco y en su natal Zacatecas, en Plateros.<\/p>\n<p style=\"text-align: justify;\">Reiter\u00f3 que nunca ha negado tener fe, y adelant\u00f3 que el primero que visitar\u00e1 ser\u00e1 la Bas\u00edlica de Guadalupe. \u201cHay que encomendarse siempre\u00bb, dijo.<\/p>\n<p style=\"text-align: justify;\">Y a partir del lunes 19, anunci\u00f3, iniciar\u00e1 con asambleas informativas en la alcald\u00eda Cuauht\u00e9moc, que ya gobern\u00f3.<\/p>\n<div style=\"width: 1160px;\" class=\"wp-video\"><video class=\"wp-video-shortcode\" id=\"video-1254614-1\" width=\"1160\" height=\"653\" preload=\"metadata\" controls=\"controls\"><source type=\"video\/mp4\" src=\"https:\/\/www.acapulcopress.com\/wp-content\/uploads\/2023\/06\/monreal-conferencia-renuncia.mp4?_=1\" \/><a href=\"https:\/\/www.acapulcopress.com\/wp-content\/uploads\/2023\/06\/monreal-conferencia-renuncia.mp4\">https:\/\/www.acapulcopress.com\/wp-content\/uploads\/2023\/06\/monreal-conferencia-renuncia.mp4<\/a><\/video><\/div>\n<p style=\"text-align: justify;\"><strong>Mudanza&#8230;<\/strong><\/p>\n<div style=\"width: 1160px;\" class=\"wp-video\"><video class=\"wp-video-shortcode\" id=\"video-1254614-2\" width=\"1160\" height=\"653\" preload=\"metadata\" controls=\"controls\"><source type=\"video\/mp4\" src=\"https:\/\/www.acapulcopress.com\/wp-content\/uploads\/2023\/06\/monreal-conferencia-renuncia.mp4?_=2\" \/><a href=\"https:\/\/www.acapulcopress.com\/wp-content\/uploads\/2023\/06\/monreal-conferencia-renuncia.mp4\">https:\/\/www.acapulcopress.com\/wp-content\/uploads\/2023\/06\/monreal-conferencia-renuncia.mp4<\/a><\/video><\/div>\n<p><strong>Conferencia de prensa&#8230;<\/strong><\/p>\n<p style=\"text-align: justify;\"><em>) S\u00edguenos en nuestra p\u00e1gina Facebook.com\/<a href=\"https:\/\/www.facebook.com\/acapulcopress.news\" target=\"_blank\" rel=\"noopener\">acapulcopress.news<\/a><\/em><\/p>\n","protected":false},"excerpt":{"rendered":"<p>CIUDAD DE M\u00c9XICO * 12 de junio de 2023. ) Apro El senador morenista Ricardo Monreal anunci\u00f3 que el viernes presentar\u00e1 la renuncia a los dos puestos directivos que ostenta en la C\u00e1mara Alta \u2013coordinador de su bancada y presidente de la Junta de Coordinaci\u00f3n Pol\u00edtica\u2013 para inscribirse en el proceso interno de Morena para&#8230;<\/p>\n","protected":false},"author":2,"featured_media":1254608,"comment_status":"closed","ping_status":"closed","sticky":false,"template":"","format":"standard","meta":{"footnotes":""},"categories":[2052,1972,18561],"tags":[7804,13297,15590],"class_list":["post-1254614","post","type-post","status-publish","format-standard","has-post-thumbnail","hentry","category-elecciones","category-special","category-society-politics","tag-eleccion-presidencial-mexico-2024","tag-morena","tag-ricardo-monreal-avila"],"_links":{"self":[{"href":"https:\/\/www.acapulcopress.com\/index.php\/wp-json\/wp\/v2\/posts\/1254614","targetHints":{"allow":["GET"]}}],"collection":[{"href":"https:\/\/www.acapulcopress.com\/index.php\/wp-json\/wp\/v2\/posts"}],"about":[{"href":"https:\/\/www.acapulcopress.com\/index.php\/wp-json\/wp\/v2\/types\/post"}],"author":[{"embeddable":true,"href":"https:\/\/www.acapulcopress.com\/index.php\/wp-json\/wp\/v2\/users\/2"}],"replies":[{"embeddable":true,"href":"https:\/\/www.acapulcopress.com\/index.php\/wp-json\/wp\/v2\/comments?post=1254614"}],"version-history":[{"count":0,"href":"https:\/\/www.acapulcopress.com\/index.php\/wp-json\/wp\/v2\/posts\/1254614\/revisions"}],"wp:featuredmedia":[{"embeddable":true,"href":"https:\/\/www.acapulcopress.com\/index.php\/wp-json\/"}],"wp:attachment":[{"href":"https:\/\/www.acapulcopress.com\/index.php\/wp-json\/wp\/v2\/media?parent=1254614"}],"wp:term":[{"taxonomy":"category","embeddable":true,"href":"https:\/\/www.acapulcopress.com\/index.php\/wp-json\/wp\/v2\/categories?post=1254614"},{"taxonomy":"post_tag","embeddable":true,"href":"https:\/\/www.acapulcopress.com\/index.php\/wp-json\/wp\/v2\/tags?post=1254614"}],"curies":[{"name":"wp","href":"https:\/\/api.w.org\/{rel}","templated":true}]}}