{"id":1254621,"date":"2023-06-12T21:11:57","date_gmt":"2023-06-13T02:11:57","guid":{"rendered":"https:\/\/www.acapulcopress.com\/?p=1254621"},"modified":"2023-06-12T21:11:57","modified_gmt":"2023-06-13T02:11:57","slug":"el-unico-plan-es-ganar-y-vencer-ebrard","status":"publish","type":"post","link":"https:\/\/www.acapulcopress.com\/index.php\/2023\/06\/12\/el-unico-plan-es-ganar-y-vencer-ebrard\/","title":{"rendered":"El \u00fanico plan es ganar y vencer | #Ebrard"},"content":{"rendered":"<p style=\"text-align: justify;\">CHILPANCINGO * 12 de junio de 2023.<br \/>\n<em>) <a href=\"https:\/\/www.proceso.com.mx\/nacional\/politica\/2023\/6\/12\/ebrard-entrega-su-renuncia-desafia-aqui-no-hay-planes-b-el-plan-es-ganar-vencer-308669.html\" target=\"_blank\" rel=\"noopener\">Apro<\/a><\/em><\/p>\n<p style=\"text-align: justify;\">Minutos despu\u00e9s de entregar al presidente Andr\u00e9s Manuel L\u00f3pez Obrador su renuncia como secretario de Relaciones Exteriores, <a href=\"https:\/\/www.facebook.com\/MarceloEbrardC\" target=\"_blank\" rel=\"noopener\">Marcelo Ebrard Casaub\u00f3n<\/a> asever\u00f3 que no tiene ning\u00fan plan B en caso de perder la encuesta para la candidatura de Morena a las elecciones presidenciales de 2024, y aprovech\u00f3 para enviar un peque\u00f1o ataque a su rival, la jefa de gobierno capitalino Claudia Sheinbaum Pardo.<\/p>\n<p style=\"text-align: justify;\">\u00abEl plan B que tenemos, \u00bfcu\u00e1l puede ser? \u00bfQue invitamos a Claudia a Gobernaci\u00f3n?\u00bb, solt\u00f3 el aspirante a la sucesi\u00f3n presidencial, quien agreg\u00f3: \u00abAqu\u00ed no hay planes B, el plan A es ganar y vencer\u00bb.<\/p>\n<p style=\"text-align: justify;\">El pol\u00edtico tambi\u00e9n adelant\u00f3 que, contrario a uno de los lineamientos que determin\u00f3 ayer el Consejo Nacional de Morena \u2013el cual proh\u00edbe a los pretendientes hablar con medios \u00abconservadores\u00bb o contrarios a la Cuarta Transformaci\u00f3n\u2013, \u00e9l hablar\u00e1 con todos los medios que lo inviten para \u00abdefender la cuarta transformaci\u00f3n\u00bb.<\/p>\n<p style=\"text-align: justify;\">\u00abSi ma\u00f1ana o pasado ma\u00f1ana me invita un medio, yo s\u00ed voy a ir. Si alguien no quiere ir, que no vaya\u00bb, dijo Ebrard, quien por la ma\u00f1ana dio una entrevista a Ciro G\u00f3mez Leyva \u2013lo que fue cuestionado por personas afines a Sheinbaum\u2013. Agreg\u00f3 que \u00abcada quien tiene su criterio\u00bb, y pregunt\u00f3, a manera de reto para su rival: \u00abSi no quieres dialogar, \u00bfC\u00f3mo vas a defender la cuarta transformaci\u00f3n?\u00bb<\/p>\n<p style=\"text-align: justify;\">Tras su reuni\u00f3n a puerta cerrada con L\u00f3pez Obrador en Palacio Nacional, Ebrard se present\u00f3 ante los medios vestido de \u00abcivil\u00bb, con una playera blanca en la que imprimi\u00f3 su imagen y su nuevo lema \u2013\u00bbsonr\u00edan, todo va a estar bien\u00bb\u2013, y asevero que a partir de ahora \u00abnada m\u00e1s soy Marcelo\u00bb.<\/p>\n<p style=\"text-align: justify;\">Cuidadoso de los s\u00edmbolos, Ebrard organiz\u00f3 su conferencia de prensa en la librer\u00eda Porr\u00faa del Centro Hist\u00f3rico, en el mismo edificio del restaurante donde L\u00f3pez Obrador convoc\u00f3 a la cena del 5 de junio, en la que son\u00f3 el arranque de la campa\u00f1a para la candidatura de Morena.<\/p>\n<p style=\"text-align: justify;\">El hasta hoy canciller indic\u00f3 que viajar\u00e1 por todo el pa\u00eds para reunirse con la gente y promover su programa para ganar la encuesta; \u00e9ste se articular\u00e1 alrededor de los temas de seguridad \u2013un \u00abproblema serio\u00bb, apunt\u00f3\u2013, de la salud y la educaci\u00f3n, as\u00ed como de la igualdad de g\u00e9nero.<\/p>\n<p style=\"text-align: justify;\">A\u00f1adi\u00f3 que realizar\u00e1 sus giras \u00aben apego a la austeridad\u00bb \u2013sin detallar m\u00e1s\u2013, al igual que en las 50 giras que ha realizado como canciller en los meses recientes. Hasta el momento, Morena sigue sin determinar el tema \u2013clave\u2013 del financiamiento de las campa\u00f1as de los aspirantes a la candidatura.<\/p>\n<p style=\"text-align: justify;\">Respecto al acuerdo que firmaron ayer los seis aspirantes a la candidatura \u2013bajo la tutela de la dirigencia nacional de Morena\u2013, Ebrard recalc\u00f3 que algunas de sus propuestas fueron aceptadas, como la renuncia de los contendientes a sus cargos p\u00fablicos, y asever\u00f3 que, aunque su propuesta de organizar debates no ha sido aceptada, en los hechos s\u00ed habr\u00e1 cruce de propuestas entre los candidatos. \u00abVa a tener que haber debate\u00bb, insisti\u00f3.<\/p>\n<p style=\"text-align: justify;\">Por lo pronto, inform\u00f3 que form\u00f3 un \u00abequipo t\u00e9cnico\u00bb que analizar\u00e1 las caracter\u00edsticas de la encuesta, y que se opondr\u00e1 a que participen empresas que \u00abhan fallado en los procesos electorales\u00bb, en referencia entre otros a Enkoll, la empresa \u00abfavorita\u00bb del equipo de Sheinbaum y de Morena \u2013seg\u00fan Ebrard\u2013, que infl\u00f3 mucho las intenciones de voto para Delfina G\u00f3mez \u00c1lvarez en el Estado de M\u00e9xico.<\/p>\n<p style=\"text-align: justify;\">Ebrard dijo que entreg\u00f3 a L\u00f3pez Obrador su carta de renuncia, donde le agradeci\u00f3 por los 5 a\u00f1os \u00abmaravillosos e inolvidables\u00bb y que termin\u00f3 con un \u00abhasta pronto\u00bb y una invitaci\u00f3n a verse de nuevo en octubre de 2024 \u2013fecha de la entrega de la presidencia\u2013. Cont\u00f3 que su conversaci\u00f3n, de un tono \u00abmuy c\u00e1lido, muy amistoso\u00bb, gir\u00f3 alrededor de sus logros en materia de pol\u00edtica exterior.<\/p>\n<div style=\"width: 848px;\" class=\"wp-video\"><video class=\"wp-video-shortcode\" id=\"video-1254621-1\" width=\"848\" height=\"480\" preload=\"metadata\" controls=\"controls\"><source type=\"video\/mp4\" src=\"https:\/\/www.acapulcopress.com\/wp-content\/uploads\/2023\/06\/Marcelo-Ebrard-El-Mejor.mp4?_=1\" \/><a href=\"https:\/\/www.acapulcopress.com\/wp-content\/uploads\/2023\/06\/Marcelo-Ebrard-El-Mejor.mp4\">https:\/\/www.acapulcopress.com\/wp-content\/uploads\/2023\/06\/Marcelo-Ebrard-El-Mejor.mp4<\/a><\/video><\/div>\n<div style=\"width: 1160px;\" class=\"wp-video\"><video class=\"wp-video-shortcode\" id=\"video-1254621-2\" width=\"1160\" height=\"653\" preload=\"metadata\" controls=\"controls\"><source type=\"video\/mp4\" src=\"https:\/\/www.acapulcopress.com\/wp-content\/uploads\/2023\/06\/pios-lopez.mp4?_=2\" \/><a href=\"https:\/\/www.acapulcopress.com\/wp-content\/uploads\/2023\/06\/pios-lopez.mp4\">https:\/\/www.acapulcopress.com\/wp-content\/uploads\/2023\/06\/pios-lopez.mp4<\/a><\/video><\/div>\n<p style=\"text-align: justify;\"><em>) S\u00edguenos en nuestra p\u00e1gina Facebook.com\/<a href=\"https:\/\/www.facebook.com\/acapulcopress.news\" target=\"_blank\" rel=\"noopener\">acapulcopress.news<\/a><\/em><\/p>\n","protected":false},"excerpt":{"rendered":"<p>CHILPANCINGO * 12 de junio de 2023. ) Apro Minutos despu\u00e9s de entregar al presidente Andr\u00e9s Manuel L\u00f3pez Obrador su renuncia como secretario de Relaciones Exteriores, Marcelo Ebrard Casaub\u00f3n asever\u00f3 que no tiene ning\u00fan plan B en caso de perder la encuesta para la candidatura de Morena a las elecciones presidenciales de 2024, y aprovech\u00f3&#8230;<\/p>\n","protected":false},"author":2,"featured_media":1254626,"comment_status":"closed","ping_status":"closed","sticky":false,"template":"","format":"standard","meta":{"footnotes":""},"categories":[1997],"tags":[2696,3896,7804,12448],"class_list":["post-1254621","post","type-post","status-publish","format-standard","has-post-thumbnail","hentry","category-noticias-destacadas","tag-esunhonorestarconelmejor","tag-andres-manuel-lopez-obrador","tag-eleccion-presidencial-mexico-2024","tag-marcelo-ebrard-casaubon"],"_links":{"self":[{"href":"https:\/\/www.acapulcopress.com\/index.php\/wp-json\/wp\/v2\/posts\/1254621","targetHints":{"allow":["GET"]}}],"collection":[{"href":"https:\/\/www.acapulcopress.com\/index.php\/wp-json\/wp\/v2\/posts"}],"about":[{"href":"https:\/\/www.acapulcopress.com\/index.php\/wp-json\/wp\/v2\/types\/post"}],"author":[{"embeddable":true,"href":"https:\/\/www.acapulcopress.com\/index.php\/wp-json\/wp\/v2\/users\/2"}],"replies":[{"embeddable":true,"href":"https:\/\/www.acapulcopress.com\/index.php\/wp-json\/wp\/v2\/comments?post=1254621"}],"version-history":[{"count":0,"href":"https:\/\/www.acapulcopress.com\/index.php\/wp-json\/wp\/v2\/posts\/1254621\/revisions"}],"wp:featuredmedia":[{"embeddable":true,"href":"https:\/\/www.acapulcopress.com\/index.php\/wp-json\/"}],"wp:attachment":[{"href":"https:\/\/www.acapulcopress.com\/index.php\/wp-json\/wp\/v2\/media?parent=1254621"}],"wp:term":[{"taxonomy":"category","embeddable":true,"href":"https:\/\/www.acapulcopress.com\/index.php\/wp-json\/wp\/v2\/categories?post=1254621"},{"taxonomy":"post_tag","embeddable":true,"href":"https:\/\/www.acapulcopress.com\/index.php\/wp-json\/wp\/v2\/tags?post=1254621"}],"curies":[{"name":"wp","href":"https:\/\/api.w.org\/{rel}","templated":true}]}}