{"id":1254638,"date":"2023-06-12T22:27:07","date_gmt":"2023-06-13T03:27:07","guid":{"rendered":"https:\/\/www.acapulcopress.com\/?p=1254638"},"modified":"2023-06-12T22:27:07","modified_gmt":"2023-06-13T03:27:07","slug":"convoca-evelyn-salgado-a-redoblar-esfuerzos-para-transformar-guerrero-con-igualdad-y-respeto","status":"publish","type":"post","link":"https:\/\/www.acapulcopress.com\/index.php\/2023\/06\/12\/convoca-evelyn-salgado-a-redoblar-esfuerzos-para-transformar-guerrero-con-igualdad-y-respeto\/","title":{"rendered":"Convoca Evelyn Salgado a redoblar esfuerzos para transformar Guerrero con igualdad y respeto"},"content":{"rendered":"<p style=\"text-align: justify;\">CHILPANCINGO * 12 de junio de 2023.<br \/>\n<em>) Gobierno de Guerrero<\/em><br \/>\nAl encabezar la ceremonia c\u00edvica de izamiento de bandera desde la Casa del Pueblo, la gobernadora <a href=\"https:\/\/www.facebook.com\/EvelynSalgadoP\" target=\"_blank\" rel=\"noopener\">Evelyn Salgado Pineda<\/a> refrend\u00f3 su compromiso de trabajo para seguir <img loading=\"lazy\" decoding=\"async\" class=\"alignleft size-medium wp-image-1254649\" src=\"https:\/\/www.acapulcopress.com\/wp-content\/uploads\/2023\/06\/ESP.IGUALDAD11-375x250.jpg\" alt=\"\" width=\"375\" height=\"250\" \/>transformando a Guerrero en un estado pr\u00f3spero, justo de igualdades y libertades, redoblando los esfuerzos para seguir sirviendo a la ciudadan\u00eda de la mejor manera posible en bien del desarrollo y progreso del estado.<\/p>\n<p style=\"text-align: justify;\">\u00abLos desaf\u00edos que enfrentamos son grandes, pero con su compromiso y su pasi\u00f3n, sobre todo con esta convicci\u00f3n y el amor por Guerrero y por servir, vamos a superar cualquier obst\u00e1culo, por eso los invito a redoblar esfuerzos para brindar servicios de calidad, promover el bienestar de nuestra comunidad y construir ese Guerrero pr\u00f3spero y justo para todas y todos\u00bb, afirm\u00f3 Evelyn Salgado Pineda.<\/p>\n<p style=\"text-align: justify;\">En este acto c\u00edvico como cada mes donde particip\u00f3 la Danza de Tlacololeros del Barrio de San Francisco, la gobernadora Evelyn Salgado record\u00f3 la importancia de los valores como <img loading=\"lazy\" decoding=\"async\" class=\"alignleft size-medium wp-image-1254643\" src=\"https:\/\/www.acapulcopress.com\/wp-content\/uploads\/2023\/06\/ESP.IGUALDAD5-375x562.jpg\" alt=\"\" width=\"375\" height=\"562\" \/>ciudadanos guerrerenses, as\u00ed como el amor al estado y el respeto a la diversidad y a la pluralidad con el \u00fanico fin de que le vaya bien a Guerrero.<\/p>\n<p style=\"text-align: justify;\">Adem\u00e1s, destac\u00f3 que junio es conocido como el mes del Orgullo LGBT, una comunidad que se ha consolidado por su acompa\u00f1amiento a las luchas por la libertad, respeto y no discriminaci\u00f3n, en este sentido destac\u00f3 que Guerrero es un estado que valora la igualdad y el respeto de todas las personas sin importar su orientaci\u00f3n sexual o identidad de g\u00e9nero.<\/p>\n<p style=\"text-align: justify;\">La mandataria estatal dijo que el mes de junio brinda una nueva oportunidad de para seguir sirviendo a Guerrero y reiter\u00f3 su compromiso de construir una sociedad m\u00e1s inclusiva y libre en un estado donde se pueda vivir con dignidad, con respeto y sin discriminaci\u00f3n de ning\u00fan tipo.<\/p>\n<p style=\"text-align: justify;\">La gobernadora refiri\u00f3 que este mes tambi\u00e9n se conmemora el D\u00eda de la Marina Nacional y se celebra la tradicional costumbre de la Danza de los Tlacololeros en la zona Centro del Estado, adem\u00e1s record\u00f3 que se conmemora el D\u00eda del Medio Ambiente y se celebra el D\u00eda <img loading=\"lazy\" decoding=\"async\" class=\"alignleft size-medium wp-image-1254639\" src=\"https:\/\/www.acapulcopress.com\/wp-content\/uploads\/2023\/06\/ESP.IGUALDAD-375x250.jpg\" alt=\"\" width=\"375\" height=\"250\" \/>del Padre a quienes reconoci\u00f3 su dedicaci\u00f3n, trabajo y sacrificio en bien del desarrollo y bienestar de las familias.<\/p>\n<p style=\"text-align: justify;\">En su mensaje, la gobernadora reiter\u00f3 su llamado a las y los servidores p\u00fablicos a realizar su Declaraci\u00f3n Patrimonial como l\u00edmite hasta el 14 de junio en un acto de transparencia como una obligaci\u00f3n y acto de congruencia de esta administraci\u00f3n, con el objetivo de que el estado sea un ejemplo de transparencia y de responsabilidad en el servicio p\u00fablico.<\/p>\n<p style=\"text-align: justify;\">Asistieron a la ceremonia c\u00edvica la presidenta de la Mesa Directiva del Congreso del Estado, Yanelly Hern\u00e1ndez Mart\u00ednez; el presidente del Tribunal Superior de Justicia, Raymundo Casarrubias V\u00e1zquez; el comandante de la D\u00e9cima Segunda Regi\u00f3n Naval, Julio C\u00e9sar <img loading=\"lazy\" decoding=\"async\" class=\"alignleft size-medium wp-image-1254644\" src=\"https:\/\/www.acapulcopress.com\/wp-content\/uploads\/2023\/06\/ESP.IGUALDAD6-375x250.jpg\" alt=\"\" width=\"375\" height=\"250\" \/>Pescina \u00c1vila; el comandante de la 35 Zona Militar, Enrique Mart\u00ednez L\u00f3pez y la Fiscal General del Estado, Sandra Luz Valdovinos Salmer\u00f3n.<\/p>\n<p style=\"text-align: justify;\">As\u00ed como el secretario general de Gobierno, Ludwig Marcial Reynoso N\u00fa\u00f1ez; el Coordinador Estatal de la Guardia Nacional, Andr\u00e9s Ram\u00edrez Xochicalli y la presidenta de la Junta de Coordinaci\u00f3n Pol\u00edtica del Congreso del Estado, Yoloczin Dom\u00ednguez Serna y la presidenta del DIF Guerrero, Liz\u00a0Salgado\u00a0Pineda.<\/p>\n<p><img loading=\"lazy\" decoding=\"async\" class=\"alignnone wp-image-1254650 size-large\" src=\"https:\/\/www.acapulcopress.com\/wp-content\/uploads\/2023\/06\/ESP.IGUALDAD12-840x614.jpg\" alt=\"\" width=\"696\" height=\"509\" \/><\/p>\n<p style=\"text-align: justify;\"><em>) S\u00edguenos en nuestra p\u00e1gina Facebook.com\/<a href=\"https:\/\/www.facebook.com\/acapulcopress.news\" target=\"_blank\" rel=\"noopener\">acapulcopress.news<\/a><\/em><\/p>\n","protected":false},"excerpt":{"rendered":"<p>CHILPANCINGO * 12 de junio de 2023. ) Gobierno de Guerrero Al encabezar la ceremonia c\u00edvica de izamiento de bandera desde la Casa del Pueblo, la gobernadora Evelyn Salgado Pineda refrend\u00f3 su compromiso de trabajo para seguir transformando a Guerrero en un estado pr\u00f3spero, justo de igualdades y libertades, redoblando los esfuerzos para seguir sirviendo&#8230;<\/p>\n","protected":false},"author":2,"featured_media":1254646,"comment_status":"closed","ping_status":"closed","sticky":false,"template":"","format":"standard","meta":{"footnotes":""},"categories":[1972,1983,18561],"tags":[8251,9302],"class_list":["post-1254638","post","type-post","status-publish","format-standard","has-post-thumbnail","hentry","category-special","category-guerrerogob","category-society-politics","tag-evelyn-salgado-pineda","tag-gobierno-de-guerrero"],"_links":{"self":[{"href":"https:\/\/www.acapulcopress.com\/index.php\/wp-json\/wp\/v2\/posts\/1254638","targetHints":{"allow":["GET"]}}],"collection":[{"href":"https:\/\/www.acapulcopress.com\/index.php\/wp-json\/wp\/v2\/posts"}],"about":[{"href":"https:\/\/www.acapulcopress.com\/index.php\/wp-json\/wp\/v2\/types\/post"}],"author":[{"embeddable":true,"href":"https:\/\/www.acapulcopress.com\/index.php\/wp-json\/wp\/v2\/users\/2"}],"replies":[{"embeddable":true,"href":"https:\/\/www.acapulcopress.com\/index.php\/wp-json\/wp\/v2\/comments?post=1254638"}],"version-history":[{"count":0,"href":"https:\/\/www.acapulcopress.com\/index.php\/wp-json\/wp\/v2\/posts\/1254638\/revisions"}],"wp:featuredmedia":[{"embeddable":true,"href":"https:\/\/www.acapulcopress.com\/index.php\/wp-json\/"}],"wp:attachment":[{"href":"https:\/\/www.acapulcopress.com\/index.php\/wp-json\/wp\/v2\/media?parent=1254638"}],"wp:term":[{"taxonomy":"category","embeddable":true,"href":"https:\/\/www.acapulcopress.com\/index.php\/wp-json\/wp\/v2\/categories?post=1254638"},{"taxonomy":"post_tag","embeddable":true,"href":"https:\/\/www.acapulcopress.com\/index.php\/wp-json\/wp\/v2\/tags?post=1254638"}],"curies":[{"name":"wp","href":"https:\/\/api.w.org\/{rel}","templated":true}]}}