{"id":1254668,"date":"2023-06-15T18:50:49","date_gmt":"2023-06-16T00:50:49","guid":{"rendered":"https:\/\/www.acapulcopress.com\/?p=1254668"},"modified":"2023-06-15T18:50:49","modified_gmt":"2023-06-16T00:50:49","slug":"la-concertacion-politica-en-el-congreso-del-estado","status":"publish","type":"post","link":"https:\/\/www.acapulcopress.com\/index.php\/2023\/06\/15\/la-concertacion-politica-en-el-congreso-del-estado\/","title":{"rendered":"La concertaci\u00f3n pol\u00edtica en el Congreso del Estado"},"content":{"rendered":"<p style=\"text-align: justify;\">Marem\u00e1gnum<br \/>\n\u00bb <strong>RICARDO<\/strong> |<strong> CASTILLO BARRIENTOS<\/strong><br \/>\n<em>) Facebook: @<a href=\"https:\/\/www.facebook.com\/ricardocastill01\" target=\"_blank\" rel=\"noopener\">Ricardo Castillo Barrientos<\/a><\/em><\/p>\n<p style=\"text-align: justify;\">Nuevamente ser\u00e1 puesta a prueba la capacidad pol\u00edtica de <a href=\"https:\/\/www.facebook.com\/YoloczinDominguez\" target=\"_blank\" rel=\"noopener\">Yoloczin Dom\u00ednguez Serna<\/a> como presidenta de la Junta de Coordinaci\u00f3n Pol\u00edtica (Jucopo), del Congreso del Estado, en la aprobaci\u00f3n del nombramiento de presidente de la Mesa Directiva para el siguiente periodo legislativo.<\/p>\n<p style=\"text-align: justify;\">La lideresa camaral ha sabido sortear diferentes dificultades de asuntos empantanados por la incapacidad del anterior coordinador legislativo, <a href=\"https:\/\/www.facebook.com\/AlfredoSanchezE\" target=\"_blank\" rel=\"noopener\">Alfredo S\u00e1nchez Esquivel<\/a>, cuyas decisiones unilaterales y autoritarias, causaban desagrado a los coordinadores de los grupos parlamentarios del PRI y PRD, lo que imped\u00eda construir acuerdos y avanzar en los trabajos de la Jucopo.<\/p>\n<p style=\"text-align: justify;\">Hasta el momento, los integrantes de la Junta de Coordinaci\u00f3n Pol\u00edtica, Yoloczin Dom\u00ednguez de Morena, H\u00e9ctor Apreza del PRI y Raymundo Garc\u00eda del PRD, ven\u00edan trabajando en armon\u00eda y sacando adelante todo tipo de acuerdos pol\u00edticos que reflejaban la buena marcha de la instituci\u00f3n camaral. Deben de seguir en esa ruta sin aspavientos.<\/p>\n<p style=\"text-align: justify;\">El legislador morenista Joaqu\u00edn Badillo Escamilla, con el af\u00e1n de convertirse en presidente de la Mesa Directiva, en el siguiente periodo legislativo, opt\u00f3 por cambiar de b\u00e1rtulos al partido Verde, a fin de asumir esa importante y estrat\u00e9gica posici\u00f3n pol\u00edtica.<\/p>\n<p style=\"text-align: justify;\">El malestar de los opositores no se hizo esperar y pusieron el grito al cielo por el ardid pol\u00edtico consumado por el diputado Badillo, que no tiene nada de extra\u00f1o porque tanto a nivel local como federal, este tipo de tr\u00e1nsito partidista ha sido reiterativo cuando se trata de asumir posiciones relevantes en los cuerpos legislativos. Los legisladores se trasladan transitoriamente de un partido a otro, cada vez que lo consideran necesario para sus fines pol\u00edticos.<\/p>\n<p style=\"text-align: justify;\">La Ley Org\u00e1nica del Poder Legislativo del Estado de Guerrero, no permite a ning\u00fan partido pol\u00edtico, desempe\u00f1ar simult\u00e1neamente los cargos de coordinador de la Jucopo o presidente de la Mesa Directiva, mientras que a nivel federal (C\u00e1mara de Diputados y Senadores), se rotan cada a\u00f1o la presidencia de la Mesa Directiva y los titulares de la Junta de Coordinaci\u00f3n Pol\u00edtica, permanecen en el encargo durante todo el periodo legislativo.<\/p>\n<p style=\"text-align: justify;\">Tenemos el caso actual de la C\u00e1mara de Senadores, con Ricardo Monreal como ex coordinador de la Junta de Coordinaci\u00f3n Pol\u00edtica y Alejandro Armenta Mier, presidente de la Mesa Directiva, ambos de Morena. Cada a\u00f1o los partidos se van turnando esa responsabilidad, sin excepci\u00f3n (Morena, PRI, PAN).<\/p>\n<p style=\"text-align: justify;\">En el caso de Guerrero, no se considera la misma mec\u00e1nica legislativa, lo cual no est\u00e1 acorde con la reglamentaci\u00f3n del Congreso de la Uni\u00f3n, que en alg\u00fan momento habr\u00e1 de adecuarse, como se acostumbra con la mayor\u00eda de las leyes y reglamentos federales.<\/p>\n<p style=\"text-align: justify;\">Los diputados Yoloczin Dom\u00ednguez, H\u00e9ctor Apreza y Raymundo Garc\u00eda, sabr\u00e1n interponer sus mejores oficios pol\u00edticos para seguir transitando como hasta el momento, tendientes a dinamizar los acuerdos y procesos que se desarrollan con normalidad en esa instituci\u00f3n del Poder Legislativo local.<\/p>\n<p style=\"text-align: justify;\"><strong>Marea Baja.-<\/strong> El talentoso maestro Sab\u00e1s Molina nos comenta sobre la columna \u201cAl rescate de la gallina de los huevos de oro con saneamiento de la Bah\u00eda y Punta Diamante\u201d, que Acapulco se empez\u00f3 a deteriorar a finales de los 80\u2019s. Se abrieron otros sitios tur\u00edsticos m\u00e1s paradisiacos como Canc\u00fan.<\/p>\n<p style=\"text-align: justify;\">Destaca que los propietarios de hoteles en Acapulco nunca renovaron sus instalaciones; adem\u00e1s que vino la sobre poblaci\u00f3n y con ello la contaminaci\u00f3n, que ha afectado a la imagen del puerto ante las constantes campa\u00f1as negativas en periodos vacacionales.<\/p>\n<p style=\"text-align: justify;\">Sin embargo, considera que Acapulco puede resurgir si se cuida la pureza de sus aguas marinas y si se evitan los derrames criminales de aguas negras, como se trasmite en la televisi\u00f3n nacional.<\/p>\n<p style=\"text-align: justify;\"><strong>Marea Alta.-<\/strong> Sumamente preocupante est\u00e1 resultando la incontenible ola de desaparici\u00f3n de jovencitas en diversas regiones y ciudades de la entidad. Casi todos los d\u00edas vemos las publicaciones de las \u201calertas violetas\u201d, en los medios digitales y en las p\u00e1ginas de peri\u00f3dicos y medios electr\u00f3nicos.<\/p>\n<p style=\"text-align: justify;\">Las edades de las afectadas fluct\u00faan entre los 14 y 19 a\u00f1os, secundarianas y preparatorianas, principalmente. Algunas son localizadas y otras son v\u00edctimas de tratantes de blancas, enganchadas por supuestos galanes que las enamoran y les ofrecen una vida mucho mejor a la que llevan, as\u00ed caen ingenuamente en sus redes.<\/p>\n<p style=\"text-align: justify;\">Este fen\u00f3meno se est\u00e1 convirtiendo en un \u00e1lgido problema social que se debe atender con rapidez, determinaci\u00f3n y severidad, a fin de erradicarlo y no siga causando mayores sufrimientos a las familias.<\/p>\n<p style=\"text-align: justify;\"><strong>Maremoto.-<\/strong> El proceso interno que se vive en Morena para elegir al coordinador (a) de Defensa de la Transformaci\u00f3n, ya esta en marcha y este viernes concluye el registro de los aspirantes presidenciales, que a partir del lunes 19, tendr\u00e1n un intenso periodo de 70 d\u00edas para realizar tareas de proselitismo en todo el pa\u00eds, hasta el 27 de agosto, ya que al siguiente d\u00eda 28, comenzara el levantamiento de encuestas que habr\u00e1 de concluir el 3 de septiembre.<\/p>\n<p style=\"text-align: justify;\">El 6 de septiembre se despejar\u00e1 la inc\u00f3gnita sobre el ganador (a) de la encuesta levantada por el Comit\u00e9 de Encuestas de Morena y cuatro encuestas espejo de empresas privadas, que ser\u00e1n las oficiales, sin descartar que los propios medios de comunicaci\u00f3n habr\u00e1n de anticiparse dando a conocer sus resultados.<\/p>\n<p style=\"text-align: justify;\">Para llegar al final de este proceso habr\u00e1 de librarse una interesante y r\u00edspida contienda interna, que involucrar\u00e1 a la poblaci\u00f3n en general, la cual ser\u00e1 preponderante al inclinar la balanza por determinado aspirante y pr\u00f3ximo presidente (a) de la Rep\u00fablica.<\/p>\n<p style=\"text-align: justify;\"><em>) S\u00edguenos en nuestra p\u00e1gina Facebook.com\/<a href=\"https:\/\/www.facebook.com\/acapulcopress.news\" target=\"_blank\" rel=\"noopener\">acapulcopress.news<\/a><\/em><\/p>\n","protected":false},"excerpt":{"rendered":"<p>Marem\u00e1gnum \u00bb RICARDO | CASTILLO BARRIENTOS ) Facebook: @Ricardo Castillo Barrientos Nuevamente ser\u00e1 puesta a prueba la capacidad pol\u00edtica de Yoloczin Dom\u00ednguez Serna como presidenta de la Junta de Coordinaci\u00f3n Pol\u00edtica (Jucopo), del Congreso del Estado, en la aprobaci\u00f3n del nombramiento de presidente de la Mesa Directiva para el siguiente periodo legislativo. La lideresa camaral&#8230;<\/p>\n","protected":false},"author":2,"featured_media":1254669,"comment_status":"closed","ping_status":"closed","sticky":false,"template":"","format":"standard","meta":{"footnotes":""},"categories":[2071,1991],"tags":[6384,11346,12503,15575],"class_list":["post-1254668","post","type-post","status-publish","format-standard","has-post-thumbnail","hentry","category-opinion-analisis-columnas","category-libertad-de-expresion","tag-congreso-del-estado-de-guerrero","tag-junta-de-coordinacion-politica-jucopo","tag-maremagnum","tag-ricardo-castillo-barrientos"],"_links":{"self":[{"href":"https:\/\/www.acapulcopress.com\/index.php\/wp-json\/wp\/v2\/posts\/1254668","targetHints":{"allow":["GET"]}}],"collection":[{"href":"https:\/\/www.acapulcopress.com\/index.php\/wp-json\/wp\/v2\/posts"}],"about":[{"href":"https:\/\/www.acapulcopress.com\/index.php\/wp-json\/wp\/v2\/types\/post"}],"author":[{"embeddable":true,"href":"https:\/\/www.acapulcopress.com\/index.php\/wp-json\/wp\/v2\/users\/2"}],"replies":[{"embeddable":true,"href":"https:\/\/www.acapulcopress.com\/index.php\/wp-json\/wp\/v2\/comments?post=1254668"}],"version-history":[{"count":0,"href":"https:\/\/www.acapulcopress.com\/index.php\/wp-json\/wp\/v2\/posts\/1254668\/revisions"}],"wp:featuredmedia":[{"embeddable":true,"href":"https:\/\/www.acapulcopress.com\/index.php\/wp-json\/"}],"wp:attachment":[{"href":"https:\/\/www.acapulcopress.com\/index.php\/wp-json\/wp\/v2\/media?parent=1254668"}],"wp:term":[{"taxonomy":"category","embeddable":true,"href":"https:\/\/www.acapulcopress.com\/index.php\/wp-json\/wp\/v2\/categories?post=1254668"},{"taxonomy":"post_tag","embeddable":true,"href":"https:\/\/www.acapulcopress.com\/index.php\/wp-json\/wp\/v2\/tags?post=1254668"}],"curies":[{"name":"wp","href":"https:\/\/api.w.org\/{rel}","templated":true}]}}