{"id":1254679,"date":"2023-06-16T19:49:19","date_gmt":"2023-06-17T01:49:19","guid":{"rendered":"https:\/\/www.acapulcopress.com\/?p=1254679"},"modified":"2023-06-16T19:49:19","modified_gmt":"2023-06-17T01:49:19","slug":"anuncia-gobernadora-reconstruccio-de-mercado-central-de-acapulco","status":"publish","type":"post","link":"https:\/\/www.acapulcopress.com\/index.php\/2023\/06\/16\/anuncia-gobernadora-reconstruccio-de-mercado-central-de-acapulco\/","title":{"rendered":"Anuncia Gobernadora reconstrucci\u00f3n de mercado"},"content":{"rendered":"<p style=\"text-align: justify;\"><em><strong>* Sin lucro ni diferencias, Evelyn Salgado anunci\u00f3 la entrega directa de apoyos materiales y econ\u00f3micos inmediatos, as\u00ed como cr\u00e9ditos para que locatarios afectados por el incendio del pasado 5 de junio reinicien sus actividades\u00a0<\/strong><\/em><\/p>\n<p style=\"text-align: justify;\">ACAPULCO * 16 e junio de 2023.<br \/>\n<em>) Gobierno de Guerrero<br \/>\n<\/em>La gobernadora <a href=\"https:\/\/www.facebook.com\/EvelynSalgadoP\" target=\"_blank\" rel=\"noopener\">Evelyn Salgado Pineda<\/a> se reuni\u00f3 con los locatarios del Mercado Central que <img loading=\"lazy\" decoding=\"async\" class=\"alignleft size-medium wp-image-1254683\" src=\"https:\/\/www.acapulcopress.com\/wp-content\/uploads\/2023\/06\/evelyn-mercado-acapulco5-375x250.jpg\" alt=\"\" width=\"375\" height=\"250\" \/>resultaron afectados por el incendio del pasado 5 de junio, a quienes les refrend\u00f3 su solidaridad y el compromiso de que, sin lucro ni diferencias, van a trabajar juntos para que en el menor tiempo posible este inmueble est\u00e9 en funcionamiento, con un proyecto de acuerdo a las necesidades de los comerciantes.<\/p>\n<p style=\"text-align: justify;\">\u201cNo se debe de lucrar con ninguna desgracia, menos con lo que les ocurri\u00f3 a todas y a todos ustedes. De nuestra parte tienen el compromiso de la gobernadora de que no se va a aprovechar de esta situaci\u00f3n, no vamos a lucrar con esto; vamos a trabajar de la mano\u201d, enfatiz\u00f3.<\/p>\n<p style=\"text-align: justify;\">Durante su visita, la gobernadora escuch\u00f3 las inquietudes de los locatarios y les anunci\u00f3 que como parte de esta estrategia de ayuda y de manera transparente, se entregar\u00e1n <img loading=\"lazy\" decoding=\"async\" class=\"alignleft size-medium wp-image-1254681\" src=\"https:\/\/www.acapulcopress.com\/wp-content\/uploads\/2023\/06\/evelyn-mercado-acapulco2-375x250.jpg\" alt=\"\" width=\"375\" height=\"250\" \/>apoyos econ\u00f3micos inmediatos, as\u00ed como materiales, para que comiencen la reactivaci\u00f3n de sus negocios; adem\u00e1s anunci\u00f3 que se otorgar\u00e1n cr\u00e9ditos a fondo perdido para lograr levantar nuevamente este mercado.<\/p>\n<p style=\"text-align: justify;\">\u201cEl compromiso de la gobernadora es que habr\u00e1 absoluta transparencia y que se les va a estar informando en reuniones que vamos a tener peri\u00f3dicas, de c\u00f3mo vamos. De manera inmediata ya di la indicaci\u00f3n para que cuanto antes se inicien ya los trabajos y ya se levante esta nave lo antes posible, porque yo s\u00e9 que necesitan trabajar\u201d, se\u00f1al\u00f3.<\/p>\n<p style=\"text-align: justify;\">En compa\u00f1\u00eda del secretario general de Gobierno, Ludwig Marcial Reynoso, la gobernadora dej\u00f3 en claro que el proyecto de reconstrucci\u00f3n del inmueble contar\u00e1 con la participaci\u00f3n y <img loading=\"lazy\" decoding=\"async\" class=\"alignleft size-medium wp-image-1254682\" src=\"https:\/\/www.acapulcopress.com\/wp-content\/uploads\/2023\/06\/evelyn-mercado-acapulco3-375x250.jpg\" alt=\"\" width=\"375\" height=\"250\" \/>aprobaci\u00f3n de todos y cada uno de los comerciantes, quienes a trav\u00e9s de las distintas reuniones que se llevar\u00e1n a cabo, podr\u00e1n establecer cu\u00e1les son sus necesidades particulares en materia de infraestructura. Por ello pidi\u00f3 que todos participen, lo que permitir\u00e1 consolidar acuerdos para trabajar en lo correspondiente a la edificaci\u00f3n de los locales, instalaciones el\u00e9ctricas e hidrosanitarias, as\u00ed como en temas de alumbrado, estacionamiento, entre otros.<\/p>\n<p style=\"text-align: justify;\">\u201cPara que no sea un proyecto a capricho de la gobernadora o a lo que diga la presidenta, que sea un proyecto a lo que dicen ustedes; que sea un mercado cien por ciento de acuerdo a las necesidades que ustedes tienen. \u00bfQui\u00e9n conoce mejor este mercado y su operatividad? Ustedes\u201d, agreg\u00f3.<\/p>\n<p style=\"text-align: justify;\">Tambi\u00e9n dio a conocer que contin\u00faa en constante coordinaci\u00f3n con el gobierno federal para consolidar apoyos adicionales que permitan agilizar este proceso de reconstrucci\u00f3n, adem\u00e1s de que inform\u00f3 que se cuenta con la participaci\u00f3n de instancias estatales como el DIF Guerrero, la Secretar\u00eda del Bienestar, la Secretar\u00eda General de Gobierno, la Secretar\u00eda de Fomento y Desarrollo Econ\u00f3mico, la Secretar\u00eda de Desarrollo Urbano, Obras P\u00fablicas y Ordenamiento Territorial, entre otras, las cuales est\u00e1n uniendo esfuerzos en torno a esta situaci\u00f3n.<\/p>\n<p style=\"text-align: justify;\">En tanto que el encargado de la pol\u00edtica interna en la entidad destac\u00f3 que la gobernadora Evelyn Salgado se ha mantenido atenta a la situaci\u00f3n, impulsando una pol\u00edtica de apoyo directo para que lleguen a quienes realmente lo necesitan. \u201cEsta desgracia que sucedi\u00f3 hoy aqu\u00ed, es tambi\u00e9n una oportunidad m\u00e1s, como bien lo ha dicho, para seguir mostrando esta solidaridad que se tiene con los grupos de trabajo, porque ustedes son locatarios, son gente de bien, son gente de trabajo, son gente que necesita este apoyo\u201d, a\u00f1adi\u00f3.<\/p>\n<p style=\"text-align: justify;\">Para finalizar, comerciantes como la se\u00f1ora Imelda Sol\u00eds y Juan Ojendis agradecieron la visita de la gobernadora y confiaron en que con su apoyo sus actividades se reactivar\u00e1n en su totalidad lo m\u00e1s\u00a0pronto\u00a0posible.<\/p>\n<div style=\"width: 848px;\" class=\"wp-video\"><video class=\"wp-video-shortcode\" id=\"video-1254679-1\" width=\"848\" height=\"480\" preload=\"metadata\" controls=\"controls\"><source type=\"video\/mp4\" src=\"https:\/\/www.acapulcopress.com\/wp-content\/uploads\/2023\/06\/EVELYN-MERCADO.mp4?_=1\" \/><a href=\"https:\/\/www.acapulcopress.com\/wp-content\/uploads\/2023\/06\/EVELYN-MERCADO.mp4\">https:\/\/www.acapulcopress.com\/wp-content\/uploads\/2023\/06\/EVELYN-MERCADO.mp4<\/a><\/video><\/div>\n<p style=\"text-align: justify;\"><em>) S\u00edguenos en nuestra p\u00e1gina Facebook.com\/<a href=\"https:\/\/www.facebook.com\/acapulcopress.news\" target=\"_blank\" rel=\"noopener\">acapulcopress.news<\/a><\/em><\/p>\n","protected":false},"excerpt":{"rendered":"<p>* Sin lucro ni diferencias, Evelyn Salgado anunci\u00f3 la entrega directa de apoyos materiales y econ\u00f3micos inmediatos, as\u00ed como cr\u00e9ditos para que locatarios afectados por el incendio del pasado 5 de junio reinicien sus actividades\u00a0 ACAPULCO * 16 e junio de 2023. ) Gobierno de Guerrero La gobernadora Evelyn Salgado Pineda se reuni\u00f3 con los&#8230;<\/p>\n","protected":false},"author":2,"featured_media":1254680,"comment_status":"closed","ping_status":"closed","sticky":false,"template":"","format":"standard","meta":{"footnotes":""},"categories":[1997],"tags":[8251],"class_list":["post-1254679","post","type-post","status-publish","format-standard","has-post-thumbnail","hentry","category-noticias-destacadas","tag-evelyn-salgado-pineda"],"_links":{"self":[{"href":"https:\/\/www.acapulcopress.com\/index.php\/wp-json\/wp\/v2\/posts\/1254679","targetHints":{"allow":["GET"]}}],"collection":[{"href":"https:\/\/www.acapulcopress.com\/index.php\/wp-json\/wp\/v2\/posts"}],"about":[{"href":"https:\/\/www.acapulcopress.com\/index.php\/wp-json\/wp\/v2\/types\/post"}],"author":[{"embeddable":true,"href":"https:\/\/www.acapulcopress.com\/index.php\/wp-json\/wp\/v2\/users\/2"}],"replies":[{"embeddable":true,"href":"https:\/\/www.acapulcopress.com\/index.php\/wp-json\/wp\/v2\/comments?post=1254679"}],"version-history":[{"count":0,"href":"https:\/\/www.acapulcopress.com\/index.php\/wp-json\/wp\/v2\/posts\/1254679\/revisions"}],"wp:featuredmedia":[{"embeddable":true,"href":"https:\/\/www.acapulcopress.com\/index.php\/wp-json\/"}],"wp:attachment":[{"href":"https:\/\/www.acapulcopress.com\/index.php\/wp-json\/wp\/v2\/media?parent=1254679"}],"wp:term":[{"taxonomy":"category","embeddable":true,"href":"https:\/\/www.acapulcopress.com\/index.php\/wp-json\/wp\/v2\/categories?post=1254679"},{"taxonomy":"post_tag","embeddable":true,"href":"https:\/\/www.acapulcopress.com\/index.php\/wp-json\/wp\/v2\/tags?post=1254679"}],"curies":[{"name":"wp","href":"https:\/\/api.w.org\/{rel}","templated":true}]}}