{"id":1254690,"date":"2023-06-16T20:29:25","date_gmt":"2023-06-17T02:29:25","guid":{"rendered":"https:\/\/www.acapulcopress.com\/?p=1254690"},"modified":"2023-06-16T20:29:25","modified_gmt":"2023-06-17T02:29:25","slug":"mujeres-guerrerenses-obtienen-medallas-de-oro-en-olimpiada-mexicana-de-matematica-2023","status":"publish","type":"post","link":"https:\/\/www.acapulcopress.com\/index.php\/2023\/06\/16\/mujeres-guerrerenses-obtienen-medallas-de-oro-en-olimpiada-mexicana-de-matematica-2023\/","title":{"rendered":"Mujeres guerrerenses obtienen medallas de oro en Olimpiada Mexicana de Matem\u00e1tica 2023"},"content":{"rendered":"<p style=\"text-align: justify;\">CIUDAD DE M\u00c9XICO * 16 e junio de 2023.<br \/>\n<em>) Gobierno de Guerrero<\/em><br \/>\nLas mujeres guerrerenses siguen brillando en diferentes \u00e1mbitos. Est\u00e1 vez, las estudiantes <img loading=\"lazy\" decoding=\"async\" class=\"alignleft size-medium wp-image-1254691\" src=\"https:\/\/www.acapulcopress.com\/wp-content\/uploads\/2023\/06\/COMPETENCIA-GRO-375x500.jpg\" alt=\"\" width=\"375\" height=\"500\" \/>del CBTis N\u00fam. 56 y 134, Catherine Gonz\u00e1lez D\u00edaz, de Iguala y Ayl\u00edn Ximena Ocampo Vera, de Chilpancingo, pusieron en alto a la entidad al obtener dos preseas de oro en el 2\u00b0 Concurso Nacional Femenil de la Olimpiada Mexicana de Matem\u00e1tica (OMM).<\/p>\n<p style=\"text-align: justify;\">Con esta medalla, Catherine Gonz\u00e1lez qued\u00f3 preclasificada para la Olimpiada Panamericana Femenil de Matem\u00e1ticas, que se realizar\u00e1 en agosto pr\u00f3ximo en Costa Rica.<\/p>\n<p style=\"text-align: justify;\">El Concurso Nacional Femenil fomenta la participaci\u00f3n de mujeres en los concursos nacionales que organiza la Olimpiada Mexicana de Matem\u00e1ticas. En esta edici\u00f3n participaron j\u00f3venes de 30 estados del pa\u00eds.<\/p>\n<p style=\"text-align: justify;\">En esta competencia hay dos niveles: el 1 en el que participan estudiantes de secundaria hasta el primer a\u00f1o de bachillerato, mientras que el nivel 2 es para alumnos de 2\u00b0 y 3\u00b0 de educaci\u00f3n media superior.<\/p>\n<p style=\"text-align: justify;\">La competencia se realiz\u00f3 los d\u00edas 9,10 y 11 de junio de forma h\u00edbrida; para los alumnos de <img loading=\"lazy\" decoding=\"async\" class=\"alignleft size-medium wp-image-1254692\" src=\"https:\/\/www.acapulcopress.com\/wp-content\/uploads\/2023\/06\/COMPETENCIA-GRO2-375x281.jpg\" alt=\"\" width=\"375\" height=\"281\" \/>los \u00faltimos a\u00f1os de bachillerato se realiz\u00f3 en l\u00ednea y para el resto de forma presencial en Oaxtepec, Morelos.<\/p>\n<p style=\"text-align: justify;\">La premiaci\u00f3n se realiz\u00f3 en la Ciudad de M\u00e9xico con la presencia de Ofelia Angulo, secretaria de Educaci\u00f3n, Ciencia, Tecnolog\u00eda e Innovaci\u00f3n de la CDMX, en representaci\u00f3n de la jefa de gobierno, Claudia Sheinbaun.<\/p>\n<p style=\"text-align: justify;\">En esta justa la delegaci\u00f3n guerrerense estuvo confirmada por: Alexa Pineda Arreola de la escuela secundaria general \u00abCuauht\u00e9moc\u00bb de Coyuca de Catal\u00e1n; Fe Guadalupe Frutos Mart\u00ednez de la escuela secundaria t\u00e9cnica N\u00fam. 213 \u00abBandera Nacional\u00bb de Iguala y Catherine Gonz\u00e1lez en el nivel 1.<\/p>\n<p style=\"text-align: justify;\">Mientras que para el nivel 2 participaron: Blanca X\u00f3chilt Visca Cocotzin de la escuela preparatoria 22 de la UAGro de Chilapa; K\u00e9ndari Atenea Ni\u00f1o V\u00e1zquez, del Colegio de Bachilleres de Mochitl\u00e1n y Ayl\u00edn Ximena en el nivel 2.<\/p>\n<p style=\"text-align: justify;\">Las premiadas estuvieron acompa\u00f1adas por una parte de su grupo de asesores: Abril Carrillo Bello y Luis \u00c1ngel Garc\u00eda Pacheco de la Facultad de Matem\u00e1ticas de la UAGro, campus Acapulco, as\u00ed como de Juan Carlos Piceno Rivera, delegado estatal de la OMM y coordinador de\u00a0entrenadores.<\/p>\n<p style=\"text-align: justify;\"><em>) S\u00edguenos en nuestra p\u00e1gina Facebook.com\/<a href=\"https:\/\/www.facebook.com\/acapulcopress.news\" target=\"_blank\" rel=\"noopener\">acapulcopress.news<\/a><\/em><\/p>\n","protected":false},"excerpt":{"rendered":"<p>CIUDAD DE M\u00c9XICO * 16 e junio de 2023. ) Gobierno de Guerrero Las mujeres guerrerenses siguen brillando en diferentes \u00e1mbitos. Est\u00e1 vez, las estudiantes del CBTis N\u00fam. 56 y 134, Catherine Gonz\u00e1lez D\u00edaz, de Iguala y Ayl\u00edn Ximena Ocampo Vera, de Chilpancingo, pusieron en alto a la entidad al obtener dos preseas de oro&#8230;<\/p>\n","protected":false},"author":2,"featured_media":1254693,"comment_status":"closed","ping_status":"closed","sticky":false,"template":"","format":"standard","meta":{"footnotes":""},"categories":[18568,1972,1988],"tags":[],"class_list":["post-1254690","post","type-post","status-publish","format-standard","has-post-thumbnail","hentry","category-ciencia-y-tecnologia","category-special","category-lifestyles"],"_links":{"self":[{"href":"https:\/\/www.acapulcopress.com\/index.php\/wp-json\/wp\/v2\/posts\/1254690","targetHints":{"allow":["GET"]}}],"collection":[{"href":"https:\/\/www.acapulcopress.com\/index.php\/wp-json\/wp\/v2\/posts"}],"about":[{"href":"https:\/\/www.acapulcopress.com\/index.php\/wp-json\/wp\/v2\/types\/post"}],"author":[{"embeddable":true,"href":"https:\/\/www.acapulcopress.com\/index.php\/wp-json\/wp\/v2\/users\/2"}],"replies":[{"embeddable":true,"href":"https:\/\/www.acapulcopress.com\/index.php\/wp-json\/wp\/v2\/comments?post=1254690"}],"version-history":[{"count":0,"href":"https:\/\/www.acapulcopress.com\/index.php\/wp-json\/wp\/v2\/posts\/1254690\/revisions"}],"wp:featuredmedia":[{"embeddable":true,"href":"https:\/\/www.acapulcopress.com\/index.php\/wp-json\/"}],"wp:attachment":[{"href":"https:\/\/www.acapulcopress.com\/index.php\/wp-json\/wp\/v2\/media?parent=1254690"}],"wp:term":[{"taxonomy":"category","embeddable":true,"href":"https:\/\/www.acapulcopress.com\/index.php\/wp-json\/wp\/v2\/categories?post=1254690"},{"taxonomy":"post_tag","embeddable":true,"href":"https:\/\/www.acapulcopress.com\/index.php\/wp-json\/wp\/v2\/tags?post=1254690"}],"curies":[{"name":"wp","href":"https:\/\/api.w.org\/{rel}","templated":true}]}}