{"id":1254696,"date":"2023-06-16T21:02:46","date_gmt":"2023-06-17T03:02:46","guid":{"rendered":"https:\/\/www.acapulcopress.com\/?p=1254696"},"modified":"2023-06-16T21:02:46","modified_gmt":"2023-06-17T03:02:46","slug":"el-parque-papagayo-invita-a-celebrar-el-dia-del-padre-con-diversas-actividades","status":"publish","type":"post","link":"https:\/\/www.acapulcopress.com\/index.php\/2023\/06\/16\/el-parque-papagayo-invita-a-celebrar-el-dia-del-padre-con-diversas-actividades\/","title":{"rendered":"Parque Papagayo invita a celebrar el D\u00eda del Padre"},"content":{"rendered":"<p style=\"text-align: justify;\">ACAPULCO * 16 e junio de 2023.<br \/>\n<em>) Gobierno de Guerrero<br \/>\n<\/em>Como parte de las actividades recreativas y culturales que ofrece el parque Papagayo, este fin de semana se llevar\u00e1n a cabo diversas actividades para celebrar el <em>D\u00eda del Padre.<\/em><\/p>\n<p style=\"text-align: justify;\"><img loading=\"lazy\" decoding=\"async\" class=\"alignleft size-medium wp-image-1254698\" src=\"https:\/\/www.acapulcopress.com\/wp-content\/uploads\/2023\/06\/papagayo2-375x211.jpg\" alt=\"\" width=\"375\" height=\"211\" \/>Estas acciones se realizan por indicaciones de la gobernadora <a href=\"https:\/\/www.facebook.com\/EvelynSalgadoP\" target=\"_blank\" rel=\"noopener\">Evelyn Salgado Pineda<\/a>, para que las familias sigan disfrutando de las diversas \u00e1reas que ofrece el pulm\u00f3n verde de Acapulco.<\/p>\n<p style=\"text-align: justify;\">El director general de este centro recreativo, Abel Luvio Villanueva, inform\u00f3 que para mitigar un poco el calor de las familias y en el marco del D\u00eda del Padre, el pr\u00f3ximo domingo la alberca es gratis para todos los pap\u00e1s, en tanto para las familias la entrada tendr\u00e1 un costo de 10 pesos por persona todo el fin de semana.<\/p>\n<p style=\"text-align: justify;\">Luvio Villanueva destac\u00f3 que tanto las fuentes danzarinas y la alberca del parque son para el disfrute de todos y m\u00e1s con la ola de calor que se est\u00e1 registrando en el puerto de <img loading=\"lazy\" decoding=\"async\" class=\"alignleft size-medium wp-image-1254700\" src=\"https:\/\/www.acapulcopress.com\/wp-content\/uploads\/2023\/06\/papagayo4-375x211.jpg\" alt=\"\" width=\"375\" height=\"211\" \/>Acapulco, \u00abnuestro parque puede ser un lugar de sombra y los ni\u00f1os y ni\u00f1as puedan jugar y disfrutar de la alberca y las fuentes danzarinas que tenemos en el interior y exterior\u00bb.<\/p>\n<p style=\"text-align: justify;\">A su vez, el funcionario inform\u00f3 que este viernes a las 5 de la tarde se realizar\u00e1 un concierto de gala con motivo del bicentenario del Heroico Colegio Militar, el cual est\u00e1 coordinado a trav\u00e9s de la Comandancia de la 27\/a zona militar junto con la IX Regi\u00f3n Militar y el parque Papagayo, que tendr\u00e1 lugar en el auditorio, y en el \u00e1rea de la pi\u00f1ata se instalar\u00e1 una exposici\u00f3n fotogr\u00e1fica.<\/p>\n<p style=\"text-align: justify;\">Asimismo, mencion\u00f3 que el s\u00e1bado las familias podr\u00e1n disfrutar de la alberca a un costo de <img loading=\"lazy\" decoding=\"async\" class=\"alignleft size-medium wp-image-1254698\" src=\"https:\/\/www.acapulcopress.com\/wp-content\/uploads\/2023\/06\/papagayo2-375x211.jpg\" alt=\"\" width=\"375\" height=\"211\" \/>10 pesos por persona con un horario de 10 de la ma\u00f1ana a 6 de la tarde.<\/p>\n<p>El domingo 17 de junio con la celebraci\u00f3n del D\u00eda del Padre, todos los pap\u00e1s pondr\u00e1n entrar gratis a la alberca y a las 5:30 de la tarde en el auditorio se llevar\u00e1 a cabo un festival musical con la participaci\u00f3n del ballet Katy Celada, el ballet folkl\u00f3rico Kukulk\u00e1n y la participaci\u00f3n de alumnos del Colegio\u00a0Hip\u00f3crates.<\/p>\n<p style=\"text-align: justify;\"><em>) S\u00edguenos en nuestra p\u00e1gina Facebook.com\/<a href=\"https:\/\/www.facebook.com\/acapulcopress.news\" target=\"_blank\" rel=\"noopener\">acapulcopress.news<\/a><\/em><\/p>\n","protected":false},"excerpt":{"rendered":"<p>ACAPULCO * 16 e junio de 2023. ) Gobierno de Guerrero Como parte de las actividades recreativas y culturales que ofrece el parque Papagayo, este fin de semana se llevar\u00e1n a cabo diversas actividades para celebrar el D\u00eda del Padre. Estas acciones se realizan por indicaciones de la gobernadora Evelyn Salgado Pineda, para que las&#8230;<\/p>\n","protected":false},"author":2,"featured_media":1254697,"comment_status":"closed","ping_status":"closed","sticky":false,"template":"","format":"standard","meta":{"footnotes":""},"categories":[18563,1972,1988],"tags":[3068,8251],"class_list":["post-1254696","post","type-post","status-publish","format-standard","has-post-thumbnail","hentry","category-entretenimiento","category-special","category-lifestyles","tag-abel-luvio-villanueva","tag-evelyn-salgado-pineda"],"_links":{"self":[{"href":"https:\/\/www.acapulcopress.com\/index.php\/wp-json\/wp\/v2\/posts\/1254696","targetHints":{"allow":["GET"]}}],"collection":[{"href":"https:\/\/www.acapulcopress.com\/index.php\/wp-json\/wp\/v2\/posts"}],"about":[{"href":"https:\/\/www.acapulcopress.com\/index.php\/wp-json\/wp\/v2\/types\/post"}],"author":[{"embeddable":true,"href":"https:\/\/www.acapulcopress.com\/index.php\/wp-json\/wp\/v2\/users\/2"}],"replies":[{"embeddable":true,"href":"https:\/\/www.acapulcopress.com\/index.php\/wp-json\/wp\/v2\/comments?post=1254696"}],"version-history":[{"count":0,"href":"https:\/\/www.acapulcopress.com\/index.php\/wp-json\/wp\/v2\/posts\/1254696\/revisions"}],"wp:featuredmedia":[{"embeddable":true,"href":"https:\/\/www.acapulcopress.com\/index.php\/wp-json\/"}],"wp:attachment":[{"href":"https:\/\/www.acapulcopress.com\/index.php\/wp-json\/wp\/v2\/media?parent=1254696"}],"wp:term":[{"taxonomy":"category","embeddable":true,"href":"https:\/\/www.acapulcopress.com\/index.php\/wp-json\/wp\/v2\/categories?post=1254696"},{"taxonomy":"post_tag","embeddable":true,"href":"https:\/\/www.acapulcopress.com\/index.php\/wp-json\/wp\/v2\/tags?post=1254696"}],"curies":[{"name":"wp","href":"https:\/\/api.w.org\/{rel}","templated":true}]}}