{"id":1254709,"date":"2023-06-19T18:00:52","date_gmt":"2023-06-20T00:00:52","guid":{"rendered":"https:\/\/www.acapulcopress.com\/?p=1254709"},"modified":"2023-06-19T18:00:52","modified_gmt":"2023-06-20T00:00:52","slug":"implementa-gobernadora-campana-de-apoyo-a-locatarios-del-mercado-central-de-acapulco","status":"publish","type":"post","link":"https:\/\/www.acapulcopress.com\/index.php\/2023\/06\/19\/implementa-gobernadora-campana-de-apoyo-a-locatarios-del-mercado-central-de-acapulco\/","title":{"rendered":"Implementa Gobernadora campa\u00f1a de apoyo a locatarios del mercado central de Acapulco"},"content":{"rendered":"<p style=\"text-align: justify;\">ACAPULCO * 19 de junio de 2023.<br \/>\n<em>) Gobierno de Guerrero<br \/>\n<\/em>En solidaridad con los locatarios que perdieron su patrimonio en el incendio del Mercado <img loading=\"lazy\" decoding=\"async\" class=\"alignleft size-medium wp-image-1254711\" src=\"https:\/\/www.acapulcopress.com\/wp-content\/uploads\/2023\/06\/MERCADO-ACAPULCO2-375x654.jpg\" alt=\"\" width=\"375\" height=\"654\" \/>Central de Acapulco, la gobernadora <a href=\"https:\/\/www.facebook.com\/EvelynSalgadoP\" target=\"_blank\" rel=\"noopener\">Evelyn Salgado Pineda<\/a> implement\u00f3 una campa\u00f1a de apoyo denominada: \u00abHoy por ellos, ma\u00f1ana por ti\u00bb, que promueve el consumo y adquisici\u00f3n de productos, con el prop\u00f3sito de reactivar la recuperaci\u00f3n econ\u00f3mica de las y los comerciantes afectados por este siniestro el pasado 5 de junio.<\/p>\n<p style=\"text-align: justify;\">Se trata de un mensaje solidario en el que, con la participaci\u00f3n y aprobaci\u00f3n de las y los locatarios, se impulsa el consumo de alimentos, art\u00edculos de primera necesidad, as\u00ed como de adornos, flores artificiales, ropa, artesan\u00edas, herramientas, entre otros productos que se pod\u00edan adquirir en el Mercado Central, y ahora donde se encuentran reubicados los negocios.<\/p>\n<p style=\"text-align: justify;\">Atendiendo la petici\u00f3n directa de los propios comerciantes a la gobernadora Evelyn Salgado en su reciente visita a la zona afectada, la mandataria instruy\u00f3 realizar una intensa campa\u00f1a en televisi\u00f3n, radio y redes sociales, esto con la finalidad de que la mayor parte de la poblaci\u00f3n est\u00e9 enterada de que el Mercado Central sigue en funcionamiento y hay una gran variedad de art\u00edculos para adquirir.<\/p>\n<p style=\"text-align: justify;\">Locatarios como las se\u00f1oras Mar\u00eda de los Remedios Garc\u00eda, Socorro Romero Tenorio y Sara Lima, agradecieron el apoyo de la gobernadora y se dijeron gratamente sorprendidos por <img loading=\"lazy\" decoding=\"async\" class=\"alignleft size-medium wp-image-1254710\" src=\"https:\/\/www.acapulcopress.com\/wp-content\/uploads\/2023\/06\/MERCADO-ACAPULCO-375x211.jpg\" alt=\"\" width=\"375\" height=\"211\" \/>las acciones inmediatas que se est\u00e1n realizando para lograr la pronta recuperaci\u00f3n de su patrimonio, lo que habla de un gobierno solidario y preocupado por las necesidades de quienes m\u00e1s lo requieren.<\/p>\n<p style=\"text-align: justify;\">A la vez, se unieron a este llamado de la gobernadora para que los acapulque\u00f1os, residentes y visitantes se acerquen al Mercado Central y consuman todo lo que se est\u00e1 vendiendo. La campa\u00f1a est\u00e1 disponible en las redes sociales con el hashtag\u00a0#HoyPorEllos.<\/p>\n<div style=\"width: 848px;\" class=\"wp-video\"><video class=\"wp-video-shortcode\" id=\"video-1254709-1\" width=\"848\" height=\"480\" preload=\"metadata\" controls=\"controls\"><source type=\"video\/mp4\" src=\"https:\/\/www.acapulcopress.com\/wp-content\/uploads\/2023\/06\/VIDEO-MERCADO-1.mp4?_=1\" \/><a href=\"https:\/\/www.acapulcopress.com\/wp-content\/uploads\/2023\/06\/VIDEO-MERCADO-1.mp4\">https:\/\/www.acapulcopress.com\/wp-content\/uploads\/2023\/06\/VIDEO-MERCADO-1.mp4<\/a><\/video><\/div>\n<p style=\"text-align: justify;\"><em>) S\u00edguenos en nuestra p\u00e1gina Facebook.com\/<a href=\"https:\/\/www.facebook.com\/acapulcopress.news\" target=\"_blank\" rel=\"noopener\">acapulcopress.news<\/a><\/em><\/p>\n","protected":false},"excerpt":{"rendered":"<p>ACAPULCO * 19 de junio de 2023. ) Gobierno de Guerrero En solidaridad con los locatarios que perdieron su patrimonio en el incendio del Mercado Central de Acapulco, la gobernadora Evelyn Salgado Pineda implement\u00f3 una campa\u00f1a de apoyo denominada: \u00abHoy por ellos, ma\u00f1ana por ti\u00bb, que promueve el consumo y adquisici\u00f3n de productos, con el&#8230;<\/p>\n","protected":false},"author":2,"featured_media":1254712,"comment_status":"closed","ping_status":"closed","sticky":false,"template":"","format":"standard","meta":{"footnotes":""},"categories":[1972,1983,18561],"tags":[2221,8251,9302,10104],"class_list":["post-1254709","post","type-post","status-publish","format-standard","has-post-thumbnail","hentry","category-special","category-guerrerogob","category-society-politics","tag-hoy-por-ellos-manana-por-ti","tag-evelyn-salgado-pineda","tag-gobierno-de-guerrero","tag-incendio-mercado-central-de-acapulco"],"_links":{"self":[{"href":"https:\/\/www.acapulcopress.com\/index.php\/wp-json\/wp\/v2\/posts\/1254709","targetHints":{"allow":["GET"]}}],"collection":[{"href":"https:\/\/www.acapulcopress.com\/index.php\/wp-json\/wp\/v2\/posts"}],"about":[{"href":"https:\/\/www.acapulcopress.com\/index.php\/wp-json\/wp\/v2\/types\/post"}],"author":[{"embeddable":true,"href":"https:\/\/www.acapulcopress.com\/index.php\/wp-json\/wp\/v2\/users\/2"}],"replies":[{"embeddable":true,"href":"https:\/\/www.acapulcopress.com\/index.php\/wp-json\/wp\/v2\/comments?post=1254709"}],"version-history":[{"count":0,"href":"https:\/\/www.acapulcopress.com\/index.php\/wp-json\/wp\/v2\/posts\/1254709\/revisions"}],"wp:featuredmedia":[{"embeddable":true,"href":"https:\/\/www.acapulcopress.com\/index.php\/wp-json\/"}],"wp:attachment":[{"href":"https:\/\/www.acapulcopress.com\/index.php\/wp-json\/wp\/v2\/media?parent=1254709"}],"wp:term":[{"taxonomy":"category","embeddable":true,"href":"https:\/\/www.acapulcopress.com\/index.php\/wp-json\/wp\/v2\/categories?post=1254709"},{"taxonomy":"post_tag","embeddable":true,"href":"https:\/\/www.acapulcopress.com\/index.php\/wp-json\/wp\/v2\/tags?post=1254709"}],"curies":[{"name":"wp","href":"https:\/\/api.w.org\/{rel}","templated":true}]}}