{"id":1254723,"date":"2023-06-19T19:45:58","date_gmt":"2023-06-20T01:45:58","guid":{"rendered":"https:\/\/www.acapulcopress.com\/?p=1254723"},"modified":"2023-06-19T19:45:58","modified_gmt":"2023-06-20T01:45:58","slug":"astronauta-neri-vela-impartio-conferencia-sobre-ciencia-y-tecnologia-en-la-utcg","status":"publish","type":"post","link":"https:\/\/www.acapulcopress.com\/index.php\/2023\/06\/19\/astronauta-neri-vela-impartio-conferencia-sobre-ciencia-y-tecnologia-en-la-utcg\/","title":{"rendered":"Astronauta Neri Vela imparti\u00f3 conferencia sobre ciencia y tecnolog\u00eda en la UTCG"},"content":{"rendered":"<p style=\"text-align: justify;\">PETATL\u00c1N * 19 de junio de 2023.<br \/>\n<em>) Gobierno de Guerrero<\/em><br \/>\n<img loading=\"lazy\" decoding=\"async\" class=\"alignleft size-medium wp-image-1254729\" src=\"https:\/\/www.acapulcopress.com\/wp-content\/uploads\/2023\/06\/neri-vela8-375x281.jpg\" alt=\"\" width=\"375\" height=\"281\" \/>El primer astronauta mexicano, <a href=\"https:\/\/www.facebook.com\/RodolfoNeriVelaDr\" target=\"_blank\" rel=\"noopener\">Rodolfo Neri Vela<\/a>, imparti\u00f3 la conferencia magistral \u201cEducaci\u00f3n, Ciencia, Tecnol\u00f3gica\u201d, en la <a href=\"https:\/\/www.facebook.com\/UTCostaGrande\" target=\"_blank\" rel=\"noopener\">Universidad Tecnol\u00f3gica de la Costa Grande<\/a> de Petatl\u00e1n, donde estuvo acompa\u00f1ado del secretario de <a href=\"https:\/\/www.facebook.com\/EducacionGuerrero\" target=\"_blank\" rel=\"noopener\">Educaci\u00f3n en Guerrero<\/a>, <a href=\"https:\/\/www.facebook.com\/MarcialRodriguezS\" target=\"_blank\" rel=\"noopener\">Marcial Rodr\u00edguez Salda\u00f1a<\/a>.<\/p>\n<p style=\"text-align: justify;\">El titular de la SEG dijo que, dentro de la Nueva Escuela Mexicana, se busca brindar una educaci\u00f3n de calidad, invitando a los estudiantes de Guerrero a seguir el ejemplo del primer astronauta latinoamericano y que en el futuro haya muchos astronautas mexicanos.<\/p>\n<p style=\"text-align: justify;\">El rector de la Universidad Tecnol\u00f3gica, Francisco Javier Elisea de la Cruz agradeci\u00f3 a la gobernadora Evelyn Salgado Pineda el haber gestionado esta conferencia para el alumnado, <img loading=\"lazy\" decoding=\"async\" class=\"alignleft size-medium wp-image-1254724\" src=\"https:\/\/www.acapulcopress.com\/wp-content\/uploads\/2023\/06\/neri-vela-375x281.jpg\" alt=\"\" width=\"375\" height=\"281\" \/>estudiantes de secundaria y nivel medio superior y superior.<\/p>\n<p style=\"text-align: justify;\">Neri Vela, en su mensaje mencion\u00f3 la relevancia de la equidad de g\u00e9nero, enfatizando a las presentes a convertirse en cient\u00edficas, que venzan sus miedos y se atrevan a estudiar en serio.<\/p>\n<p style=\"text-align: justify;\">Explic\u00f3 que la NASA para el pr\u00f3ximo a\u00f1o prepara enviar una tripulaci\u00f3n con una mujer a bordo, preparando el proyecto para que camine por \u201cel polvoriento suelo de nuestro sat\u00e9lite natural\u201d, esperamos que sea alguien de la Costa Grande, se\u00f1al\u00f3.<\/p>\n<p>Al p\u00fablico en general los invit\u00f3 a tener un plan de vida, para que puedan tener la oportunidad y los invito a participar en el pr\u00f3ximo \u201cCongreso Espacial\u201d que se realizar\u00e1 en la ciudad y puerto\u00a0de\u00a0Acapulco.<\/p>\n<p><img loading=\"lazy\" decoding=\"async\" class=\"alignnone wp-image-1254728 size-large\" src=\"https:\/\/www.acapulcopress.com\/wp-content\/uploads\/2023\/06\/neri-vela7-840x630.jpg\" alt=\"\" width=\"696\" height=\"522\" \/><\/p>\n<p style=\"text-align: justify;\"><em>) S\u00edguenos en nuestra p\u00e1gina Facebook.com\/<a href=\"https:\/\/www.facebook.com\/acapulcopress.news\" target=\"_blank\" rel=\"noopener\">acapulcopress.news<\/a><\/em><\/p>\n","protected":false},"excerpt":{"rendered":"<p>PETATL\u00c1N * 19 de junio de 2023. ) Gobierno de Guerrero El primer astronauta mexicano, Rodolfo Neri Vela, imparti\u00f3 la conferencia magistral \u201cEducaci\u00f3n, Ciencia, Tecnol\u00f3gica\u201d, en la Universidad Tecnol\u00f3gica de la Costa Grande de Petatl\u00e1n, donde estuvo acompa\u00f1ado del secretario de Educaci\u00f3n en Guerrero, Marcial Rodr\u00edguez Salda\u00f1a. El titular de la SEG dijo que, dentro&#8230;<\/p>\n","protected":false},"author":2,"featured_media":1254726,"comment_status":"closed","ping_status":"closed","sticky":false,"template":"","format":"standard","meta":{"footnotes":""},"categories":[18568,1988],"tags":[12457,15731,17659],"class_list":["post-1254723","post","type-post","status-publish","format-standard","has-post-thumbnail","hentry","category-ciencia-y-tecnologia","category-lifestyles","tag-marcial-rodriguez-saldana","tag-rodolfo-neri-vela","tag-universidad-tecnologica-de-la-costa-grande-guerrero"],"_links":{"self":[{"href":"https:\/\/www.acapulcopress.com\/index.php\/wp-json\/wp\/v2\/posts\/1254723","targetHints":{"allow":["GET"]}}],"collection":[{"href":"https:\/\/www.acapulcopress.com\/index.php\/wp-json\/wp\/v2\/posts"}],"about":[{"href":"https:\/\/www.acapulcopress.com\/index.php\/wp-json\/wp\/v2\/types\/post"}],"author":[{"embeddable":true,"href":"https:\/\/www.acapulcopress.com\/index.php\/wp-json\/wp\/v2\/users\/2"}],"replies":[{"embeddable":true,"href":"https:\/\/www.acapulcopress.com\/index.php\/wp-json\/wp\/v2\/comments?post=1254723"}],"version-history":[{"count":0,"href":"https:\/\/www.acapulcopress.com\/index.php\/wp-json\/wp\/v2\/posts\/1254723\/revisions"}],"wp:featuredmedia":[{"embeddable":true,"href":"https:\/\/www.acapulcopress.com\/index.php\/wp-json\/"}],"wp:attachment":[{"href":"https:\/\/www.acapulcopress.com\/index.php\/wp-json\/wp\/v2\/media?parent=1254723"}],"wp:term":[{"taxonomy":"category","embeddable":true,"href":"https:\/\/www.acapulcopress.com\/index.php\/wp-json\/wp\/v2\/categories?post=1254723"},{"taxonomy":"post_tag","embeddable":true,"href":"https:\/\/www.acapulcopress.com\/index.php\/wp-json\/wp\/v2\/tags?post=1254723"}],"curies":[{"name":"wp","href":"https:\/\/api.w.org\/{rel}","templated":true}]}}