{"id":1254743,"date":"2023-06-19T23:19:34","date_gmt":"2023-06-20T05:19:34","guid":{"rendered":"https:\/\/www.acapulcopress.com\/?p=1254743"},"modified":"2023-06-19T23:19:34","modified_gmt":"2023-06-20T05:19:34","slug":"corte-proyecta-invalidar-segunda-parte-de-plan-b","status":"publish","type":"post","link":"https:\/\/www.acapulcopress.com\/index.php\/2023\/06\/19\/corte-proyecta-invalidar-segunda-parte-de-plan-b\/","title":{"rendered":"Corte proyecta invalidar segunda parte de Plan B"},"content":{"rendered":"<p style=\"text-align: justify;\">CHILPANCINGO * 19 de junio de 2023.<br \/>\n) Congreso de Guerrero<\/p>\n<p style=\"text-align: justify;\">La <a href=\"https:\/\/www.facebook.com\/SCJNMexico\" target=\"_blank\" rel=\"noopener\">Suprema Corte de Justicia de la Naci\u00f3n<\/a> (SCJN) podr\u00eda invalidar la segunda parte del plan B electoral del presidente <a href=\"https:\/\/www.facebook.com\/lopezobrador.org.mx\" target=\"_blank\" rel=\"noopener\">Andr\u00e9s Manuel L\u00f3pez Obrador<\/a> debido a que los legisladores de Morena y partidos aliados no respetaron el procedimiento legislativo para la aprobaci\u00f3n de las distintas modificaciones legales.<\/p>\n<p style=\"text-align: justify;\">El asunto est\u00e1 a cargo del ministro Javier Laynez Potisek, quien propone en su proyecto de sentencia invalidar la totalidad de cambios legales, pues el Congreso de la Uni\u00f3n \u201cincurri\u00f3 en m\u00faltiples violaciones graves al procedimiento legislativo\u201d.<\/p>\n<p style=\"text-align: justify;\">Las acciones de inconstitucionalidad fueron presentadas por partidos y legisladores de oposici\u00f3n en contra del paquete de reformas a la Ley General de Instituciones y Procedimientos Electorales, la Ley General de Partidos Pol\u00edticos, la Ley Org\u00e1nica del Poder Judicial de la Federaci\u00f3n, as\u00ed como la expedici\u00f3n de la nueva Ley General de Medios de Impugnaci\u00f3n en Materia Electoral.<\/p>\n<p style=\"text-align: justify;\">De acuerdo con el proyecto publicado por la Suprema Corte, el Congreso cometi\u00f3 las mismas violaciones que llevaron a los ministros a invalidar la primera parte del plan B electoral. Adem\u00e1s, en este caso, los legisladores cambiaron la iniciativa al momento de su discusi\u00f3n y ambas c\u00e1maras del Congreso modificaron art\u00edculos ya votados, lo cual est\u00e1 prohibido por la Constituci\u00f3n.<\/p>\n<p style=\"text-align: justify;\">El proyecto a\u00fan no aparece en las listas para ser discutido en los pr\u00f3ximos d\u00edas.<\/p>\n<p style=\"text-align: justify;\">La segunda sala de la Suprema Corte desech\u00f3 el pasado 7 de junio un proyecto de la ministra Yasm\u00edn Esquivel que propuso desestimar las acciones de inconstitucionalidad promovidas en contra de la segunda parte del plan B electoral del presidente L\u00f3pez Obrador.<\/p>\n<p style=\"text-align: justify;\">El pasado 8 de mayo, la SCJN invalid\u00f3 por mayor\u00eda de nueve ministros la primera parte del plan B electoral del presidente.<\/p>\n<p style=\"text-align: justify;\"><em>) S\u00edguenos en nuestra p\u00e1gina Facebook.com\/<a href=\"https:\/\/www.facebook.com\/acapulcopress.news\" target=\"_blank\" rel=\"noopener\">acapulcopress.news<\/a><\/em><\/p>\n","protected":false},"excerpt":{"rendered":"<p>CHILPANCINGO * 19 de junio de 2023. ) Congreso de Guerrero La Suprema Corte de Justicia de la Naci\u00f3n (SCJN) podr\u00eda invalidar la segunda parte del plan B electoral del presidente Andr\u00e9s Manuel L\u00f3pez Obrador debido a que los legisladores de Morena y partidos aliados no respetaron el procedimiento legislativo para la aprobaci\u00f3n de las&#8230;<\/p>\n","protected":false},"author":2,"featured_media":1254744,"comment_status":"closed","ping_status":"closed","sticky":false,"template":"","format":"standard","meta":{"footnotes":""},"categories":[1997],"tags":[3896,10625,16935],"class_list":["post-1254743","post","type-post","status-publish","format-standard","has-post-thumbnail","hentry","category-noticias-destacadas","tag-andres-manuel-lopez-obrador","tag-javier-laynez-potisek","tag-suprema-corte-de-justicia-de-la-nacion-scjn"],"_links":{"self":[{"href":"https:\/\/www.acapulcopress.com\/index.php\/wp-json\/wp\/v2\/posts\/1254743","targetHints":{"allow":["GET"]}}],"collection":[{"href":"https:\/\/www.acapulcopress.com\/index.php\/wp-json\/wp\/v2\/posts"}],"about":[{"href":"https:\/\/www.acapulcopress.com\/index.php\/wp-json\/wp\/v2\/types\/post"}],"author":[{"embeddable":true,"href":"https:\/\/www.acapulcopress.com\/index.php\/wp-json\/wp\/v2\/users\/2"}],"replies":[{"embeddable":true,"href":"https:\/\/www.acapulcopress.com\/index.php\/wp-json\/wp\/v2\/comments?post=1254743"}],"version-history":[{"count":0,"href":"https:\/\/www.acapulcopress.com\/index.php\/wp-json\/wp\/v2\/posts\/1254743\/revisions"}],"wp:featuredmedia":[{"embeddable":true,"href":"https:\/\/www.acapulcopress.com\/index.php\/wp-json\/"}],"wp:attachment":[{"href":"https:\/\/www.acapulcopress.com\/index.php\/wp-json\/wp\/v2\/media?parent=1254743"}],"wp:term":[{"taxonomy":"category","embeddable":true,"href":"https:\/\/www.acapulcopress.com\/index.php\/wp-json\/wp\/v2\/categories?post=1254743"},{"taxonomy":"post_tag","embeddable":true,"href":"https:\/\/www.acapulcopress.com\/index.php\/wp-json\/wp\/v2\/tags?post=1254743"}],"curies":[{"name":"wp","href":"https:\/\/api.w.org\/{rel}","templated":true}]}}