{"id":1254753,"date":"2023-06-20T19:24:52","date_gmt":"2023-06-21T01:24:52","guid":{"rendered":"https:\/\/www.acapulcopress.com\/?p=1254753"},"modified":"2023-06-20T19:24:52","modified_gmt":"2023-06-21T01:24:52","slug":"desaparece-edicion-impresa-de-proceso-y-diario-21-permanece-digital","status":"publish","type":"post","link":"https:\/\/www.acapulcopress.com\/index.php\/2023\/06\/20\/desaparece-edicion-impresa-de-proceso-y-diario-21-permanece-digital\/","title":{"rendered":"Desaparece edici\u00f3n impresa de Proceso y Diario 21; permanece digital"},"content":{"rendered":"<p style=\"text-align: justify;\">Marem\u00e1gnum<br \/>\n\u00bb<strong> RICARDO<\/strong> | <strong>CASTILLO BARRIENTOS<\/strong><br \/>\n<em>) Facebook: @<a href=\"https:\/\/www.facebook.com\/ricardocastill01\" target=\"_blank\" rel=\"noopener\">Ricardo Castillo Barrientos<\/a><\/em><\/p>\n<p style=\"text-align: justify;\">El mundo de la tecnolog\u00eda digital cobra dos nuevos damnificados del periodismo mexicano, como ya ven\u00eda sucediendo en otras partes del orbe, con la desaparici\u00f3n de ediciones impresas de peri\u00f3dicos y revistas de larga trayectoria y gran relevancia en sus pa\u00edses de origen.<\/p>\n<p style=\"text-align: justify;\">Los medios impresos mexicanos han entrado en la relativa nueva din\u00e1mica de las nuevas Tecnolog\u00edas de la Informaci\u00f3n y Comunicaci\u00f3n, que paulatinamente se vienen imponiendo sobre m\u00e9todos tradicionales informativos, mec\u00e1nicos o manuales, que est\u00e1n quedando obsoletos.<\/p>\n<p style=\"text-align: justify;\">Proceso, la revista pol\u00edtica y social m\u00e1s influyente de los \u00faltimos tiempos, con 46 a\u00f1os de existencia, a partir del 1\u00ba. de julio solo tendr\u00e1 una edici\u00f3n mensual, suprimiendo la semanal y reforzar\u00e1 sus contenidos digitales de todos los d\u00edas.<\/p>\n<p style=\"text-align: justify;\">En su mensaje de renovaci\u00f3n, los directivos de la revista <a href=\"https:\/\/www.proceso.com.mx\/\" target=\"_blank\" rel=\"noopener\"><em>Proceso<\/em><\/a> explican los motivos: \u201cLos medios m\u00e1s influyentes del mundo han migrado de la distribuci\u00f3n impresa de sus contenidos. Y la era digital postpandemia aceler\u00f3 los cambios en los h\u00e1bitos de consumo y en los modelos de negocios de los medios de informaci\u00f3n\u201d.<\/p>\n<p style=\"text-align: justify;\">Se quejan de la reproducci\u00f3n ilegal de la revista, ocasion\u00e1ndole fuertes p\u00e9rdidas econ\u00f3micas que mermaron el potencial financiero de la empresa fundada por don Julio Scherer Garc\u00eda y Vicente Le\u00f1ero, insignes personajes del periodismo mexicano.<\/p>\n<p style=\"text-align: justify;\">En su mensaje se refieren \u201cA los suscriptores, y a las y los lectores que nos han acompa\u00f1ado durante d\u00e9cadas les estamos agradecidos siempre. Hoy elevamos el compromiso de evolucionar para llegar a nuevas audiencias y para encontrar en la modernidad el punto de equilibrio econ\u00f3mico que nos permita seguir financiando lo importante: un periodismo sin concesiones\u201d.<\/p>\n<p style=\"text-align: justify;\">En Guerrero, en la ciudad de Iguala, despu\u00e9s de fruct\u00edferos 32 a\u00f1os de circulaci\u00f3n diaria, el prestigiado peri\u00f3dico <a href=\"https:\/\/www.facebook.com\/Diario21MX\" target=\"_blank\" rel=\"noopener\">Diario 21<\/a>, dej\u00f3 su edici\u00f3n impresa para permanecer de manera digital.<\/p>\n<p style=\"text-align: justify;\"><img loading=\"lazy\" decoding=\"async\" class=\"alignleft size-medium wp-image-1254754\" src=\"https:\/\/www.acapulcopress.com\/wp-content\/uploads\/2023\/06\/diario-21-375x244.jpg\" alt=\"\" width=\"375\" height=\"244\" \/>Las 8 columnas del s\u00e1bado 17 de junio, el director general del Diario 21, Jorge Albarr\u00e1n Jaramillo, cabece\u00f3 la nota principal: \u201cFin de una Era\u201d, donde expone: \u201choy termina un ciclo m\u00e1s de su existencia para iniciar otro m\u00e1s atractivo y moderno. A partir de ma\u00f1ana deja atr\u00e1s la edici\u00f3n impresa en tinta y papel, para entrar completamente a la era digital en la que ya la inmensa mayor\u00eda de peri\u00f3dicos en el mundo est\u00e1\u201d.<\/p>\n<p style=\"text-align: justify;\">\u201cDiario 21, filial de la empresa period\u00edstica Prensa Suriana, S.A. de C.V., dice adi\u00f3s a los asiduos lectores de las noticias impresas. Sin embargo, los invita a mantenerse informados con el mismo profesionalismo que en m\u00e1s de 32 a\u00f1os ha caracterizado a este medio informativo a trav\u00e9s de su multiplataforma digital integrada por <em>Facebook, Instagram. Twitter, WhatsApp, YouTube<\/em> y <em>Tiktok<\/em>, adem\u00e1s del sitio<em><a href=\"http:\/\/www.diario21.com.mx\" target=\"_blank\" rel=\"noopener\"> www.diario21.com.mx<\/a><\/em>, donde podr\u00e1n seguir consultando las mejores noticias reporteadas y redactadas por el mismo equipo de periodistas pero enriquecidas con los diferentes recursos multimedia disponibles en el mundo digital\u201d.<\/p>\n<p style=\"text-align: justify;\"><strong>Marea Baja.-<\/strong> La nueva corcholata presidencial del PT, Gerardo Gonz\u00e1lez Noro\u00f1a, suma adeptos entre las clases populares por su controvertido estilo personal a trav\u00e9s de sus expresiones pol\u00edticas desafiantes al establishment (orden establecido).<\/p>\n<p style=\"text-align: justify;\">Esa actitud rebelde le ha hecho ganar simpatizantes, que vendr\u00e1n en ascenso durante sus pr\u00f3ximos recorridos por la geograf\u00eda del pa\u00eds, sin que ello signifique que ponga en jaque a las corcholatas punteras (Claudia y Marcelo) en la sucesi\u00f3n presidencial.<\/p>\n<p style=\"text-align: justify;\"><strong>Marea Alta.-<\/strong> Este d\u00eda habr\u00e1 de definirse sobre quien presidir\u00e1 la Mesa Directiva del Congreso del Estado para el siguiente periodo legislativo. Se prev\u00e9 un acuerdo entre los miembros de la Junta de Coordinaci\u00f3n Pol\u00edtica (Jucopo), como ha sucedido en otros casos m\u00e1s complicados.<\/p>\n<p style=\"text-align: justify;\">La habilidad pol\u00edtica de la coordinadora Yoloczin Dom\u00ednguez y la experiencia legislativa de H\u00e9ctor Apreza, marcar\u00e1n la pauta a fin de seguir marchando en armon\u00eda para facilitar los trabajos que tienen en puerta, respecto al an\u00e1lisis y aprobaci\u00f3n de iniciativas de ley, que siguen en espera en comisiones.<\/p>\n<p style=\"text-align: justify;\"><strong>Maremoto.-<\/strong> Se comenta la posibilidad que en el transcurso de los pr\u00f3ximos 15 d\u00edas, har\u00e1 su arribo a la entidad, la doctora Claudia Sheinbaum, probablemente al puerto de Acapulco o a la regi\u00f3n de La Monta\u00f1a.<\/p>\n<p style=\"text-align: justify;\">La ex jefa de Gobierno de la Ciudad de M\u00e9xico reprogram\u00f3 la visita que ten\u00eda prevista para el pasado d\u00eda s\u00e1bado 10 de junio que por causas internas de Morena tuvo que cancelarse.<\/p>\n<p style=\"text-align: justify;\">Los aspirantes Sheinbaum y Ebrard disputar\u00e1n palmo a palmo las preferencias en el pa\u00eds y en Guerrero, habr\u00e1 de darse una cerrada competencia debido a la fortaleza de los grupos pol\u00edticos que vienen trabajando a favor de sus aspiraciones dentro del territorio estatal.<\/p>\n<p style=\"text-align: justify;\"><em>) S\u00edguenos en nuestra p\u00e1gina Facebook.com\/<a href=\"https:\/\/www.facebook.com\/acapulcopress.news\" target=\"_blank\" rel=\"noopener\">acapulcopress.news<\/a><\/em><\/p>\n","protected":false},"excerpt":{"rendered":"<p>Marem\u00e1gnum \u00bb RICARDO | CASTILLO BARRIENTOS ) Facebook: @Ricardo Castillo Barrientos El mundo de la tecnolog\u00eda digital cobra dos nuevos damnificados del periodismo mexicano, como ya ven\u00eda sucediendo en otras partes del orbe, con la desaparici\u00f3n de ediciones impresas de peri\u00f3dicos y revistas de larga trayectoria y gran relevancia en sus pa\u00edses de origen. Los&#8230;<\/p>\n","protected":false},"author":2,"featured_media":1254755,"comment_status":"closed","ping_status":"closed","sticky":false,"template":"","format":"standard","meta":{"footnotes":""},"categories":[2071,1991],"tags":[7278,11339,12503,14967,15575,17832],"class_list":["post-1254753","post","type-post","status-publish","format-standard","has-post-thumbnail","hentry","category-opinion-analisis-columnas","category-libertad-de-expresion","tag-diario-21","tag-julio-scherer-garcia","tag-maremagnum","tag-proceso","tag-ricardo-castillo-barrientos","tag-vicente-lenero"],"_links":{"self":[{"href":"https:\/\/www.acapulcopress.com\/index.php\/wp-json\/wp\/v2\/posts\/1254753","targetHints":{"allow":["GET"]}}],"collection":[{"href":"https:\/\/www.acapulcopress.com\/index.php\/wp-json\/wp\/v2\/posts"}],"about":[{"href":"https:\/\/www.acapulcopress.com\/index.php\/wp-json\/wp\/v2\/types\/post"}],"author":[{"embeddable":true,"href":"https:\/\/www.acapulcopress.com\/index.php\/wp-json\/wp\/v2\/users\/2"}],"replies":[{"embeddable":true,"href":"https:\/\/www.acapulcopress.com\/index.php\/wp-json\/wp\/v2\/comments?post=1254753"}],"version-history":[{"count":0,"href":"https:\/\/www.acapulcopress.com\/index.php\/wp-json\/wp\/v2\/posts\/1254753\/revisions"}],"wp:featuredmedia":[{"embeddable":true,"href":"https:\/\/www.acapulcopress.com\/index.php\/wp-json\/"}],"wp:attachment":[{"href":"https:\/\/www.acapulcopress.com\/index.php\/wp-json\/wp\/v2\/media?parent=1254753"}],"wp:term":[{"taxonomy":"category","embeddable":true,"href":"https:\/\/www.acapulcopress.com\/index.php\/wp-json\/wp\/v2\/categories?post=1254753"},{"taxonomy":"post_tag","embeddable":true,"href":"https:\/\/www.acapulcopress.com\/index.php\/wp-json\/wp\/v2\/tags?post=1254753"}],"curies":[{"name":"wp","href":"https:\/\/api.w.org\/{rel}","templated":true}]}}