{"id":1254763,"date":"2023-06-20T20:09:02","date_gmt":"2023-06-21T02:09:02","guid":{"rendered":"https:\/\/www.acapulcopress.com\/?p=1254763"},"modified":"2023-06-20T20:09:02","modified_gmt":"2023-06-21T02:09:02","slug":"41-reclusas-muertas-deja-motin-en-carcel-de-mujeres-de-honduras","status":"publish","type":"post","link":"https:\/\/www.acapulcopress.com\/index.php\/2023\/06\/20\/41-reclusas-muertas-deja-motin-en-carcel-de-mujeres-de-honduras\/","title":{"rendered":"41 reclusas muertas deja mot\u00edn en c\u00e1rcel de mujeres de Honduras"},"content":{"rendered":"<p style=\"text-align: justify;\">TEGUCIGALPA * 20 de junio de 2023.<br \/>\n<em>) AP<\/em><br \/>\nAl menos 41 reclusas de una c\u00e1rcel de Honduras murieron este martes en una ri\u00f1a en el interior del principal centro penitenciario de mujeres del pa\u00eds, al norte de la capital de <img loading=\"lazy\" decoding=\"async\" class=\"alignleft size-medium wp-image-1254766\" src=\"https:\/\/www.acapulcopress.com\/wp-content\/uploads\/2023\/06\/motin-honduras-carcel-375x211.jpg\" alt=\"\" width=\"375\" height=\"211\" \/>Honduras. El gobierno hondure\u00f1o declar\u00f3 en emergencia el penal para movilizar fuerzas y tratar de controlar el amotinamiento.<\/p>\n<p style=\"text-align: justify;\">El hecho se registr\u00f3 en la ma\u00f1ana en la Penitenciar\u00eda Nacional Femenina de Adaptaci\u00f3n Social (PNFAS), situada en el valle de T\u00e1mara, donde se escucharon detonaciones de arma de fuego y se produjo un incendio donde varias de las reclusas murieron calcinados.<\/p>\n<p style=\"text-align: justify;\">\u201cLos equipos forenses que se encuentran realizando los levantamientos cad\u00e1veres confirman que son 41 muertas los que se contabilizan\u201d, confirm\u00f3 a The Associated Presss (AP) el director de comunicaciones del Ministerio P\u00fablico, Yuri Mora.<\/p>\n<p style=\"text-align: justify;\"><img loading=\"lazy\" decoding=\"async\" class=\"alignleft size-medium wp-image-1254765\" src=\"https:\/\/www.acapulcopress.com\/wp-content\/uploads\/2023\/06\/motin-carcel-honduras2-375x250.webp\" alt=\"\" width=\"375\" height=\"250\" \/>Las autoridades del Hospital Escuela confirmaron a AP que hay siete reclusas ingresadas con heridas de arma blanca y arma de fuego, todas est\u00e1n estables.<\/p>\n<p style=\"text-align: justify;\">No se han dado a conocer hasta el momento oficialmente los detalles sobre el origen o motivos del enfrentamiento.<\/p>\n<p style=\"text-align: justify;\">Seg\u00fan algunas de las lesionadas que llegaron al Hospital Escuela, el incidente comenz\u00f3 cuando presas pertenecientes a la pandilla \u201cBarrio 18\u201d se introdujeron en uno de los m\u00f3dulos y abrieron fuego contra las dem\u00e1s presas y les prendieron fuego.<\/p>\n<p style=\"text-align: justify;\">El suceso ocurre casi tres meses de que la presidenta hondure\u00f1a, Xiomara Castro, anunciara la intervenci\u00f3n en los 25 penales del pa\u00eds, debido a la violencia imperante y el autogobierno de los reclusos en esos centros y a medio a\u00f1o de que se decretara el estado de excepci\u00f3n para combatir a violencia de las pandillas y el crimen organizado.<\/p>\n<p style=\"text-align: justify;\">Castro, en su cuenta oficial de Twitter, conden\u00f3 el \u201cmonstruoso asesinato de mujeres\u2026 planificado por maras a vista y paciencia de autoridades de seguridad\u201d y convoc\u00f3 a dichos altos funcionarios a rendir cuentas. \u201c\u00a1Tomar\u00e9 medidas dr\u00e1sticas !\u201d, advirti\u00f3.<\/p>\n<p style=\"text-align: justify;\">Por su parte, Julissa Villanueva, la viceministra de Seguridad y responsable de las c\u00e1rceles, asegur\u00f3 que no van \u201ca permitir bajo ning\u00fan punto el ataque o el sabotaje contra las acciones que se han emprendido contra la criminalidad organizada que ha secuestrado el sistema penitenciario de este pa\u00eds\u201d. \u201cNo nos vamos a doblegar\u201d, agreg\u00f3. \u201cNo vamos a negociar con la criminalidad\u201d.<\/p>\n<p style=\"text-align: justify;\">En a\u00f1os recientes, se han sucedido motines de menor envergadura pero generalmente en c\u00e1rceles de hombres. Pero fueron los hechos del pasado 9 de abril, cuando tiroteos simult\u00e1neos en cuatro penales dejaron un muerto y siete heridos en un acto aparentemente coordinado por pandillas, los que provocaron que la presidenta Castro ordenara la intervenci\u00f3n de las prisiones.<\/p>\n<p style=\"text-align: justify;\">Una tragedia similar en un centro para mujeres de la regi\u00f3n tuvo lugar en 2017, cuando 41 ni\u00f1as de un refugio para j\u00f3venes con problemas de Guatemala murieron despu\u00e9s de prender fuego a colchones para protestar por las violaciones y otros malos tratos que se sufr\u00edan en esa instituci\u00f3n.<\/p>\n<p style=\"text-align: justify;\"><em>) S\u00edguenos en nuestra p\u00e1gina Facebook.com\/<a href=\"https:\/\/www.facebook.com\/acapulcopress.news\" target=\"_blank\" rel=\"noopener\">acapulcopress.news<\/a><\/em><\/p>\n","protected":false},"excerpt":{"rendered":"<p>TEGUCIGALPA * 20 de junio de 2023. ) AP Al menos 41 reclusas de una c\u00e1rcel de Honduras murieron este martes en una ri\u00f1a en el interior del principal centro penitenciario de mujeres del pa\u00eds, al norte de la capital de Honduras. El gobierno hondure\u00f1o declar\u00f3 en emergencia el penal para movilizar fuerzas y tratar&#8230;<\/p>\n","protected":false},"author":2,"featured_media":1254764,"comment_status":"closed","ping_status":"closed","sticky":false,"template":"","format":"standard","meta":{"footnotes":""},"categories":[1969,2020],"tags":[13254,14459],"class_list":["post-1254763","post","type-post","status-publish","format-standard","has-post-thumbnail","hentry","category-trending","category-world-news","tag-moiin-carcel-honduras","tag-penitenciaria-nacional-femenina-de-adaptacion-social-pnfas"],"_links":{"self":[{"href":"https:\/\/www.acapulcopress.com\/index.php\/wp-json\/wp\/v2\/posts\/1254763","targetHints":{"allow":["GET"]}}],"collection":[{"href":"https:\/\/www.acapulcopress.com\/index.php\/wp-json\/wp\/v2\/posts"}],"about":[{"href":"https:\/\/www.acapulcopress.com\/index.php\/wp-json\/wp\/v2\/types\/post"}],"author":[{"embeddable":true,"href":"https:\/\/www.acapulcopress.com\/index.php\/wp-json\/wp\/v2\/users\/2"}],"replies":[{"embeddable":true,"href":"https:\/\/www.acapulcopress.com\/index.php\/wp-json\/wp\/v2\/comments?post=1254763"}],"version-history":[{"count":0,"href":"https:\/\/www.acapulcopress.com\/index.php\/wp-json\/wp\/v2\/posts\/1254763\/revisions"}],"wp:featuredmedia":[{"embeddable":true,"href":"https:\/\/www.acapulcopress.com\/index.php\/wp-json\/"}],"wp:attachment":[{"href":"https:\/\/www.acapulcopress.com\/index.php\/wp-json\/wp\/v2\/media?parent=1254763"}],"wp:term":[{"taxonomy":"category","embeddable":true,"href":"https:\/\/www.acapulcopress.com\/index.php\/wp-json\/wp\/v2\/categories?post=1254763"},{"taxonomy":"post_tag","embeddable":true,"href":"https:\/\/www.acapulcopress.com\/index.php\/wp-json\/wp\/v2\/tags?post=1254763"}],"curies":[{"name":"wp","href":"https:\/\/api.w.org\/{rel}","templated":true}]}}