{"id":1254768,"date":"2023-06-20T20:28:46","date_gmt":"2023-06-21T02:28:46","guid":{"rendered":"https:\/\/www.acapulcopress.com\/?p=1254768"},"modified":"2023-06-20T20:28:46","modified_gmt":"2023-06-21T02:28:46","slug":"aspiracion-presidencial-de-ebrard-en-riesgo","status":"publish","type":"post","link":"https:\/\/www.acapulcopress.com\/index.php\/2023\/06\/20\/aspiracion-presidencial-de-ebrard-en-riesgo\/","title":{"rendered":"\u00bfAspiraci\u00f3n presidencial de #Ebrard en riesgo?"},"content":{"rendered":"<p style=\"text-align: justify;\">CHILPANCINGO * 20 de junio de 2023.<br \/>\n<em>) <a href=\"https:\/\/www.proceso.com.mx\/nacional\/2023\/6\/20\/mario-delgado-lanza-advertencia-marcelo-ebrard-por-propuesta-de-secretaria-de-la-4t-309117.html\" target=\"_blank\" rel=\"noopener\">Apro<\/a><br \/>\n<\/em>El dirigente nacional de Morena, <a href=\"https:\/\/www.facebook.com\/mariodelgadocarrillo\" target=\"_blank\" rel=\"noopener\">Mario Delgado Carrillo<\/a>, advirti\u00f3 que el excanciller <a href=\"https:\/\/www.facebook.com\/MarceloEbrardC\" target=\"_blank\" rel=\"noopener\">Marcelo Ebrard<\/a> pudo haber puesto en riesgo su aspiraci\u00f3n a la Coordinaci\u00f3n de los Comit\u00e9s de Defensa de la Cuarta Transformaci\u00f3n, antesala para la candidatura presidencial de Morena, <img loading=\"lazy\" decoding=\"async\" class=\"alignleft size-medium wp-image-1254770\" src=\"https:\/\/www.acapulcopress.com\/wp-content\/uploads\/2023\/06\/marcelo-ebrard2-375x250.jpg\" alt=\"\" width=\"375\" height=\"250\" \/>por haber propuesto la creaci\u00f3n de la Secretar\u00eda de la Cuarta Transformaci\u00f3n.<\/p>\n<p style=\"text-align: justify;\">Ebrard hizo el anuncio ayer durante un evento en el que adem\u00e1s dijo que dicha secretar\u00eda ser\u00eda encabezada por Andr\u00e9s Manuel L\u00f3pez Beltr\u00e1n, oferta que fue rechazada por el hijo del presidente <a href=\"https:\/\/www.facebook.com\/lopezobrador.org.mx\" target=\"_blank\" rel=\"noopener\">Andr\u00e9s Manuel L\u00f3pez Obrador<\/a>.<\/p>\n<p style=\"text-align: justify;\">De acuerdo con Mario Delgado, las declaraciones de Ebrard representar\u00edan una violaci\u00f3n a los lineamientos impuestos por el <a href=\"https:\/\/www.facebook.com\/INEMexico\" target=\"_blank\" rel=\"noopener\">Instituto Nacional Electoral<\/a> (INE), que el pasado 16 de junio aprob\u00f3 como medida cautelar prohibir la difusi\u00f3n de propuestas de gobierno.<\/p>\n<p style=\"text-align: justify;\">En ese sentido, el dirigente nacional morenista vaticin\u00f3 que el excanciller podr\u00eda enfrentar graves consecuencias, pues pudo haber puesto en peligro sus aspiraciones a la candidatura presidencial.<\/p>\n<p style=\"text-align: justify;\">\u201cSe pone en riesgo \u00e9l si m\u00e1s adelante quisiera aspirar a algo. Lo deja como antecedente y le puede traer muy malas noticias\u201d, dijo Delgado Carrillo durante una reuni\u00f3n con dirigencias estatales del partido.<\/p>\n<p style=\"text-align: justify;\">Mario Delgado rechaz\u00f3 que este tipo de infracciones perjudiquen a Morena como partido, o al proceso de selecci\u00f3n interna del Coordinador de Comit\u00e9s de la Defensa de la Cuarta Transformaci\u00f3n y asegur\u00f3 que todas las repercusiones recaer\u00edan en la persona que cometi\u00f3 la falta.<\/p>\n<p style=\"text-align: justify;\">En la sesi\u00f3n del pasado 16 de junio, la Comisi\u00f3n de Quejas y Denuncias del INE aprob\u00f3 la imposici\u00f3n de medidas cautelares contra de la y los aspirantes a la candidatura presidencial de Morena: <a href=\"https:\/\/www.facebook.com\/ClaudiaSheinbaumPardo\" target=\"_blank\" rel=\"noopener\">Claudia Sheinbaum Pardo<\/a>,<a href=\"https:\/\/www.facebook.com\/AdanAugustoLopezHdz\" target=\"_blank\" rel=\"noopener\"> Ad\u00e1n Augusto L\u00f3pez Hern\u00e1ndez<\/a>, <a href=\"https:\/\/www.facebook.com\/MarceloEbrardC\" target=\"_blank\" rel=\"noopener\">Marcelo Luis Ebrard Casaub\u00f3n<\/a>, <a href=\"https:\/\/www.facebook.com\/RicardoMonrealA\" target=\"_blank\" rel=\"noopener\">Ricardo Monreal \u00c1vila<\/a>, <a href=\"https:\/\/www.facebook.com\/manuelvelascoc\" target=\"_blank\" rel=\"noopener\">Manuel Velasco Coello<\/a> y <a href=\"https:\/\/www.facebook.com\/fernandeznorona\" target=\"_blank\" rel=\"noopener\">Gerardo Fern\u00e1ndez Noro\u00f1a<\/a>.<\/p>\n<p style=\"text-align: justify;\">En dicha resoluci\u00f3n, el organismo electoral estableci\u00f3 que ninguna de las \u201ccorcholatas\u201d podr\u00e1n emitir discursos o mensajes con llamados expresos al voto a favor o en contra de alguna persona o fuerza pol\u00edtica.<\/p>\n<p style=\"text-align: justify;\">Tambi\u00e9n determin\u00f3 que la propaganda expuesta en los actos durante las \u201cgiras de trabajo\u201d, t\u00e9rmino usado por Morena para evitar la palabra \u201ccampa\u00f1a\u201d, el aspirante no deber\u00e1 \u201cdar a conocer propuestas relacionadas con alguna aspiraci\u00f3n de car\u00e1cter electoral\u201d.<\/p>\n<p>Este \u00faltimo punto es el que habr\u00eda vulnerado Ebrard con propuesta de crear la Secretar\u00eda de la Cuarta Transformaci\u00f3n.<\/p>\n<p style=\"text-align: justify;\"><em>) S\u00edguenos en nuestra p\u00e1gina Facebook.com\/<a href=\"https:\/\/www.facebook.com\/acapulcopress.news\" target=\"_blank\" rel=\"noopener\">acapulcopress.news<\/a><\/em><\/p>\n","protected":false},"excerpt":{"rendered":"<p>CHILPANCINGO * 20 de junio de 2023. ) Apro El dirigente nacional de Morena, Mario Delgado Carrillo, advirti\u00f3 que el excanciller Marcelo Ebrard pudo haber puesto en riesgo su aspiraci\u00f3n a la Coordinaci\u00f3n de los Comit\u00e9s de Defensa de la Cuarta Transformaci\u00f3n, antesala para la candidatura presidencial de Morena, por haber propuesto la creaci\u00f3n de&#8230;<\/p>\n","protected":false},"author":2,"featured_media":1254769,"comment_status":"closed","ping_status":"closed","sticky":false,"template":"","format":"standard","meta":{"footnotes":""},"categories":[1997],"tags":[3247,3894,3896,5851,6810,9164,10337,12400,12447,15589],"class_list":["post-1254768","post","type-post","status-publish","format-standard","has-post-thumbnail","hentry","category-noticias-destacadas","tag-adan-augusto-lopez-hernandez","tag-andres-manuel-lopez-beltran","tag-andres-manuel-lopez-obrador","tag-claudia-sheinbaum","tag-cuarta-transformacion-ct","tag-gerardo-fernandez-norona","tag-instituto-nacional-electoral-ine","tag-manuel-velasco","tag-marcelo-ebrard","tag-ricardo-monreal"],"_links":{"self":[{"href":"https:\/\/www.acapulcopress.com\/index.php\/wp-json\/wp\/v2\/posts\/1254768","targetHints":{"allow":["GET"]}}],"collection":[{"href":"https:\/\/www.acapulcopress.com\/index.php\/wp-json\/wp\/v2\/posts"}],"about":[{"href":"https:\/\/www.acapulcopress.com\/index.php\/wp-json\/wp\/v2\/types\/post"}],"author":[{"embeddable":true,"href":"https:\/\/www.acapulcopress.com\/index.php\/wp-json\/wp\/v2\/users\/2"}],"replies":[{"embeddable":true,"href":"https:\/\/www.acapulcopress.com\/index.php\/wp-json\/wp\/v2\/comments?post=1254768"}],"version-history":[{"count":0,"href":"https:\/\/www.acapulcopress.com\/index.php\/wp-json\/wp\/v2\/posts\/1254768\/revisions"}],"wp:featuredmedia":[{"embeddable":true,"href":"https:\/\/www.acapulcopress.com\/index.php\/wp-json\/"}],"wp:attachment":[{"href":"https:\/\/www.acapulcopress.com\/index.php\/wp-json\/wp\/v2\/media?parent=1254768"}],"wp:term":[{"taxonomy":"category","embeddable":true,"href":"https:\/\/www.acapulcopress.com\/index.php\/wp-json\/wp\/v2\/categories?post=1254768"},{"taxonomy":"post_tag","embeddable":true,"href":"https:\/\/www.acapulcopress.com\/index.php\/wp-json\/wp\/v2\/tags?post=1254768"}],"curies":[{"name":"wp","href":"https:\/\/api.w.org\/{rel}","templated":true}]}}