{"id":1254772,"date":"2023-06-20T21:01:33","date_gmt":"2023-06-21T03:01:33","guid":{"rendered":"https:\/\/www.acapulcopress.com\/?p=1254772"},"modified":"2023-06-20T21:01:33","modified_gmt":"2023-06-21T03:01:33","slug":"firmo-evelyn-salgado-convenio-con-inpi-a-favor-de-indigenas-y-afromexicanos-de-guerrero","status":"publish","type":"post","link":"https:\/\/www.acapulcopress.com\/index.php\/2023\/06\/20\/firmo-evelyn-salgado-convenio-con-inpi-a-favor-de-indigenas-y-afromexicanos-de-guerrero\/","title":{"rendered":"Firm\u00f3 Evelyn Salgado convenio con INPI a favor de ind\u00edgenas y afromexicanos de Guerrero"},"content":{"rendered":"<p style=\"text-align: justify;\">CIUDAD DE M\u00c9XICO * 20 de junio de 2023.<br \/>\n<em>) Gobierno de Guerrero<\/em><br \/>\n\u00abGuerrero es tierra de hermandad, de respeto e igualdad; tenemos el objetivo de que el desarrollo, bienestar y la justica social llegue hasta el \u00faltimo rinc\u00f3n del estado\u00bb, afirm\u00f3 la <img loading=\"lazy\" decoding=\"async\" class=\"alignleft size-medium wp-image-1254782\" src=\"https:\/\/www.acapulcopress.com\/wp-content\/uploads\/2023\/06\/EVELYN.INPI10-375x563.jpg\" alt=\"\" width=\"375\" height=\"563\" \/>gobernadora <a href=\"https:\/\/www.facebook.com\/EvelynSalgadoP\" target=\"_blank\" rel=\"noopener\">Evelyn Salgado Pineda<\/a> al suscribir un convenio de cooperaci\u00f3n con el INPI para fortalecer la relaci\u00f3n de trabajo en todas las tem\u00e1ticas relacionadas al desarrollo de los pueblos ind\u00edgenas y afromexicanos.<\/p>\n<p style=\"text-align: justify;\">Durante este encuentro, la mandataria estatal puntualiz\u00f3 que de la mano del Instituto Nacional de los Pueblos Ind\u00edgenas (INPI) se atiende una agenda de trabajo conjunta con el objetivo de combatir el rezago hist\u00f3rico de los pueblos ind\u00edgenas y afromexicanos, como parte de esta deuda hist\u00f3rica que se est\u00e1 saldando con acciones de gran beneficio.<\/p>\n<p style=\"text-align: justify;\">\u00abVamos a seguir trabajando sin descanso para honrar a nuestras comunidades ind\u00edgenas y afromexicanos para construir un estado donde la igualdad, la diversidad y la justicia sean los cimientos sobre los que edifiquemos un mejor porvenir\u00bb, dijo la mandataria en su mensaje.<\/p>\n<p style=\"text-align: justify;\">Adem\u00e1s, destac\u00f3 el apoyo del Instituto Nacional de los Pueblos Ind\u00edgenas como un aliado estrat\u00e9gico para construir una sociedad m\u00e1s inclusiva con la visi\u00f3n del presidente Andr\u00e9s Manuel L\u00f3pez Obrador quien ha apoyado a quienes m\u00e1s lo necesitan con programas de <img loading=\"lazy\" decoding=\"async\" class=\"alignleft size-medium wp-image-1254779\" src=\"https:\/\/www.acapulcopress.com\/wp-content\/uploads\/2023\/06\/EVELYN.INPI7_-375x250.jpg\" alt=\"\" width=\"375\" height=\"250\" \/>bienestar en Guerrero.<\/p>\n<p style=\"text-align: justify;\">Mencion\u00f3 que este acuerdo entre el Gobierno de Guerrero y el INPI fortalece todas las acciones que se realizan en torno a los pueblos ind\u00edgenas y afromexicanos como son el programa de caminos artesanales en 23 municipios de la Monta\u00f1a y parte de la Costa Chica que este a\u00f1o tiene una inversi\u00f3n de m\u00e1s de mil millones de pesos para la construcci\u00f3n de 96 caminos para mejorar la conectividad de las comunidades.<\/p>\n<p style=\"text-align: justify;\">Con representantes de los cinco pueblos ind\u00edgenas originarios de Guerrero, autoridades municipales e integrantes del Consejo Municipal de Ayutla de los Libres, as\u00ed como funcionarios del gobierno del estado de Guerrero se realiz\u00f3 esta firma de convenio entre la <img loading=\"lazy\" decoding=\"async\" class=\"alignleft size-medium wp-image-1254775\" src=\"https:\/\/www.acapulcopress.com\/wp-content\/uploads\/2023\/06\/EVELYN.INPI3_-375x250.jpg\" alt=\"\" width=\"375\" height=\"250\" \/>gobernadora Evelyn Salgado Pineda y el titular del Instituto Nacional de los Pueblos Ind\u00edgenas, Adelfo Regino Montes.<\/p>\n<p style=\"text-align: justify;\">La gobernadora agreg\u00f3 que este gobierno est\u00e1 comprometido a garantizar el reconocimiento, la protecci\u00f3n y la promoci\u00f3n del Patrimonio Cultural de las comunidades y pueblos ind\u00edgenas, con el apoyo a las artesanas y artesanos de Guerrero.<\/p>\n<p style=\"text-align: justify;\">Asistieron el secretario para el Desarrollo de los Pueblos Ind\u00edgenas y Afromexicanos de Guerrero, P\u00e1nfilo S\u00e1nchez Almaz\u00e1n; el representante del INPI en Guerrero, Manuel V\u00e1zquez Quintero, as\u00ed como funcionarios estatales y federales.<\/p>\n<p><img loading=\"lazy\" decoding=\"async\" class=\"alignnone wp-image-1254781 size-large\" src=\"https:\/\/www.acapulcopress.com\/wp-content\/uploads\/2023\/06\/EVELYN.INPI9_-840x560.jpg\" alt=\"\" width=\"696\" height=\"464\" \/><\/p>\n<p style=\"text-align: justify;\"><em>) S\u00edguenos en nuestra p\u00e1gina Facebook.com\/<a href=\"https:\/\/www.facebook.com\/acapulcopress.news\" target=\"_blank\" rel=\"noopener\">acapulcopress.news<\/a><\/em><\/p>\n","protected":false},"excerpt":{"rendered":"<p>CIUDAD DE M\u00c9XICO * 20 de junio de 2023. ) Gobierno de Guerrero \u00abGuerrero es tierra de hermandad, de respeto e igualdad; tenemos el objetivo de que el desarrollo, bienestar y la justica social llegue hasta el \u00faltimo rinc\u00f3n del estado\u00bb, afirm\u00f3 la gobernadora Evelyn Salgado Pineda al suscribir un convenio de cooperaci\u00f3n con el&#8230;<\/p>\n","protected":false},"author":2,"featured_media":1254773,"comment_status":"closed","ping_status":"closed","sticky":false,"template":"","format":"standard","meta":{"footnotes":""},"categories":[1972,1983,18561],"tags":[8251,10321,15141],"class_list":["post-1254772","post","type-post","status-publish","format-standard","has-post-thumbnail","hentry","category-special","category-guerrerogob","category-society-politics","tag-evelyn-salgado-pineda","tag-instituto-nacional-de-los-pueblos-indigenas-inpi","tag-pueblos-indigenas-y-afromexicanos"],"_links":{"self":[{"href":"https:\/\/www.acapulcopress.com\/index.php\/wp-json\/wp\/v2\/posts\/1254772","targetHints":{"allow":["GET"]}}],"collection":[{"href":"https:\/\/www.acapulcopress.com\/index.php\/wp-json\/wp\/v2\/posts"}],"about":[{"href":"https:\/\/www.acapulcopress.com\/index.php\/wp-json\/wp\/v2\/types\/post"}],"author":[{"embeddable":true,"href":"https:\/\/www.acapulcopress.com\/index.php\/wp-json\/wp\/v2\/users\/2"}],"replies":[{"embeddable":true,"href":"https:\/\/www.acapulcopress.com\/index.php\/wp-json\/wp\/v2\/comments?post=1254772"}],"version-history":[{"count":0,"href":"https:\/\/www.acapulcopress.com\/index.php\/wp-json\/wp\/v2\/posts\/1254772\/revisions"}],"wp:featuredmedia":[{"embeddable":true,"href":"https:\/\/www.acapulcopress.com\/index.php\/wp-json\/"}],"wp:attachment":[{"href":"https:\/\/www.acapulcopress.com\/index.php\/wp-json\/wp\/v2\/media?parent=1254772"}],"wp:term":[{"taxonomy":"category","embeddable":true,"href":"https:\/\/www.acapulcopress.com\/index.php\/wp-json\/wp\/v2\/categories?post=1254772"},{"taxonomy":"post_tag","embeddable":true,"href":"https:\/\/www.acapulcopress.com\/index.php\/wp-json\/wp\/v2\/tags?post=1254772"}],"curies":[{"name":"wp","href":"https:\/\/api.w.org\/{rel}","templated":true}]}}