{"id":1254789,"date":"2023-06-21T17:58:21","date_gmt":"2023-06-21T23:58:21","guid":{"rendered":"https:\/\/www.acapulcopress.com\/?p=1254789"},"modified":"2023-06-21T17:58:21","modified_gmt":"2023-06-21T23:58:21","slug":"uagro-y-semaren-firman-intercambio-en-comunicacion-ambiental","status":"publish","type":"post","link":"https:\/\/www.acapulcopress.com\/index.php\/2023\/06\/21\/uagro-y-semaren-firman-intercambio-en-comunicacion-ambiental\/","title":{"rendered":"UAGro y Semaren firman intercambio en Comunicaci\u00f3n Ambiental"},"content":{"rendered":"<p style=\"text-align: justify;\">CHILPANCINGO * 21 de junio de 2023.<br \/>\n<em>) Gobierno de Guerrero<\/em><br \/>\nLa <a href=\"https:\/\/www.facebook.com\/Semaren.Gro\" target=\"_blank\" rel=\"noopener\">Secretar\u00eda del Medio Ambiente y Recursos Naturales<\/a> (Semaren) firm\u00f3 un convenio de <img loading=\"lazy\" decoding=\"async\" class=\"alignleft size-medium wp-image-1254794\" src=\"https:\/\/www.acapulcopress.com\/wp-content\/uploads\/2023\/06\/UAGRO.SEMAREN5-375x211.jpg\" alt=\"\" width=\"375\" height=\"211\" \/>colaboraci\u00f3n con la Facultad de Comunicaci\u00f3n de la <a href=\"https:\/\/www.facebook.com\/UAGro.MX.Oficial\" target=\"_blank\" rel=\"noopener\">Universidad Aut\u00f3noma de Guerrero<\/a> (UAGro)\u00a0 para que alumnos de esa instituci\u00f3n interesados en temas ambientales, puedan dar sus pr\u00e1cticas profesionales y su servicio social en la instituci\u00f3n mencionada, la cual est\u00e1 con las puertas abiertas, se\u00f1al\u00f3 el titular \u00c1ngel Almaz\u00e1n Ju\u00e1rez.<\/p>\n<p style=\"text-align: justify;\">El acuerdo se firm\u00f3 en el marco de la presentaci\u00f3n del Comit\u00e9 de Responsabilidad Social y Medio Ambiente, integrado por alumnos y coordinado por los docentes Gonzalo Casta\u00f1\u00f3n Arcos y M\u00f3nica Morales Jim\u00e9nez; en el evento Almaz\u00e1n Ju\u00e1rez disert\u00f3 la conferencia sobre las atribuciones y programas que maneja el gobierno de Guerrero en temas ambientales, <img loading=\"lazy\" decoding=\"async\" class=\"alignleft size-medium wp-image-1254792\" src=\"https:\/\/www.acapulcopress.com\/wp-content\/uploads\/2023\/06\/UAGRO.SEMAREN3-375x211.jpg\" alt=\"\" width=\"375\" height=\"211\" \/>como la protecci\u00f3n de especies, zonas forestales y educaci\u00f3n ambiental, adem\u00e1s del tema de bienestar animal que cada vez cobra m\u00e1s vigencia entre la sociedad.<\/p>\n<p style=\"text-align: justify;\">El alumnado mostr\u00f3 una amplia participaci\u00f3n en temas como la vigilancia medioambiental y el maltrato animal, as\u00ed como la difusi\u00f3n de las atribuciones de los entes de gobierno que tienen que ver con este trabajo, a lo que el funcionario se\u00f1al\u00f3 que entre los temas que m\u00e1s afectan al medio ambiente est\u00e1n los incendios forestales; adem\u00e1s de considerar que se deben unir esfuerzos para preservar la riqueza de la biodiversidad de Guerrero que ocupa el cuarto lugar a nivel nacional en ese sentido y nuestro pa\u00eds, se ubica en el quinto lugar <img loading=\"lazy\" decoding=\"async\" class=\"alignleft size-medium wp-image-1254790\" src=\"https:\/\/www.acapulcopress.com\/wp-content\/uploads\/2023\/06\/UAGRO.SEMAREN-375x211.jpg\" alt=\"\" width=\"375\" height=\"211\" \/>mundial por su variedad de flora y fauna derivado a su vez, de la variedad de clima y suelo que tenemos.<\/p>\n<p style=\"text-align: justify;\">La firma del convenio y la conferencia se realizaron en el Auditorio de la Facom con la directora de la instituci\u00f3n Aurora Reyes Galv\u00e1n, quien mencion\u00f3 la importancia de que los pr\u00f3ximos profesionales de la comunicaci\u00f3n, conozcan en campo la relevancia de comunicar la problem\u00e1tica ambiental, de ah\u00ed la trascendencia del acuerdo realizado\u00a0con\u00a0Semaren.<\/p>\n<p><img loading=\"lazy\" decoding=\"async\" class=\"alignnone wp-image-1254791 size-large\" src=\"https:\/\/www.acapulcopress.com\/wp-content\/uploads\/2023\/06\/UAGRO.SEMAREN2-840x473.jpg\" alt=\"\" width=\"696\" height=\"392\" \/><\/p>\n<p style=\"text-align: justify;\"><em>) S\u00edguenos en nuestra p\u00e1gina Facebook.com\/<a href=\"https:\/\/www.facebook.com\/acapulcopress.news\" target=\"_blank\" rel=\"noopener\">acapulcopress.news<\/a><\/em><\/p>\n","protected":false},"excerpt":{"rendered":"<p>CHILPANCINGO * 21 de junio de 2023. ) Gobierno de Guerrero La Secretar\u00eda del Medio Ambiente y Recursos Naturales (Semaren) firm\u00f3 un convenio de colaboraci\u00f3n con la Facultad de Comunicaci\u00f3n de la Universidad Aut\u00f3noma de Guerrero (UAGro)\u00a0 para que alumnos de esa instituci\u00f3n interesados en temas ambientales, puedan dar sus pr\u00e1cticas profesionales y su servicio&#8230;<\/p>\n","protected":false},"author":2,"featured_media":1254793,"comment_status":"closed","ping_status":"closed","sticky":false,"template":"","format":"standard","meta":{"footnotes":""},"categories":[18568,1988],"tags":[16304,17610],"class_list":["post-1254789","post","type-post","status-publish","format-standard","has-post-thumbnail","hentry","category-ciencia-y-tecnologia","category-lifestyles","tag-secretaria-del-medio-ambiente-y-recursos-naturales-semaren","tag-universidad-autonoma-de-guerrero-uagro"],"_links":{"self":[{"href":"https:\/\/www.acapulcopress.com\/index.php\/wp-json\/wp\/v2\/posts\/1254789","targetHints":{"allow":["GET"]}}],"collection":[{"href":"https:\/\/www.acapulcopress.com\/index.php\/wp-json\/wp\/v2\/posts"}],"about":[{"href":"https:\/\/www.acapulcopress.com\/index.php\/wp-json\/wp\/v2\/types\/post"}],"author":[{"embeddable":true,"href":"https:\/\/www.acapulcopress.com\/index.php\/wp-json\/wp\/v2\/users\/2"}],"replies":[{"embeddable":true,"href":"https:\/\/www.acapulcopress.com\/index.php\/wp-json\/wp\/v2\/comments?post=1254789"}],"version-history":[{"count":0,"href":"https:\/\/www.acapulcopress.com\/index.php\/wp-json\/wp\/v2\/posts\/1254789\/revisions"}],"wp:featuredmedia":[{"embeddable":true,"href":"https:\/\/www.acapulcopress.com\/index.php\/wp-json\/"}],"wp:attachment":[{"href":"https:\/\/www.acapulcopress.com\/index.php\/wp-json\/wp\/v2\/media?parent=1254789"}],"wp:term":[{"taxonomy":"category","embeddable":true,"href":"https:\/\/www.acapulcopress.com\/index.php\/wp-json\/wp\/v2\/categories?post=1254789"},{"taxonomy":"post_tag","embeddable":true,"href":"https:\/\/www.acapulcopress.com\/index.php\/wp-json\/wp\/v2\/tags?post=1254789"}],"curies":[{"name":"wp","href":"https:\/\/api.w.org\/{rel}","templated":true}]}}