{"id":1254808,"date":"2023-06-21T19:35:16","date_gmt":"2023-06-22T01:35:16","guid":{"rendered":"https:\/\/www.acapulcopress.com\/?p=1254808"},"modified":"2023-06-21T19:35:16","modified_gmt":"2023-06-22T01:35:16","slug":"exhorta-manuel-anorve-a-luis-alcalde-segob-no-perder-de-vista-la-pluralidad-politica","status":"publish","type":"post","link":"https:\/\/www.acapulcopress.com\/index.php\/2023\/06\/21\/exhorta-manuel-anorve-a-luis-alcalde-segob-no-perder-de-vista-la-pluralidad-politica\/","title":{"rendered":"Exhorta Manuel A\u00f1orve a Luis Alcalde (Segob) no perder de vista la pluralidad pol\u00edtica"},"content":{"rendered":"<p style=\"text-align: justify;\">CIUDAD DE M\u00c9XICO * 21 de junio de 2023.<br \/>\n<em>) Redacci\u00f3n Aps<\/em><br \/>\nEl coordinador del Grupo Parlamentario del PRI en el Senado de la Rep\u00fablica,<a href=\"https:\/\/www.facebook.com\/ManuelAnorveBanos\" target=\"_blank\" rel=\"noopener\"> Manuel A\u00f1orve Ba\u00f1os<\/a>, consider\u00f3 necesario darle oportunidad a la nueva titular de la Secretar\u00eda de Gobernaci\u00f3n federal, <a href=\"https:\/\/www.facebook.com\/LuisaMariaAlcalde\" target=\"_blank\" rel=\"noopener\">Luisa Mar\u00eda Alcalde Luj\u00e1n<\/a>, sin embargo, le hizo \u00abllamado respetuoso para que el di\u00e1logo entre el Gobierno federal y el Poder Legislativo contin\u00fae de manera puntual\u00bb para que \u00abeste di\u00e1logo se traduzca en acuerdos en la pluralidad pol\u00edtica que vivimos en el Senado\u201d, expres\u00f3 el legislador pri\u00edsta.<\/p>\n<p style=\"text-align: justify;\">A\u00f1orve Ba\u00f1os a\u00f1adi\u00f3 que es deseable que en los pr\u00f3ximos d\u00edas o semanas se puedan ya \u00abaterrizar los nombramientos del Instituto Nacional de Transparencia, Acceso a la Informaci\u00f3n y Protecci\u00f3n de Datos Personales (INAI).<\/p>\n<p style=\"text-align: justify;\">En ese sentido, el senador guerrerense extern\u00f3 que el bloque de contenci\u00f3n est\u00e1 dispuesto a que se realice un periodo extraordinario para nombrar a los integrantes que faltan en el INAI, no sin antes recordar que Morena y sus aliados fueron quienes turnaron el caso a la comisi\u00f3n respectiva.<\/p>\n<p style=\"text-align: justify;\">M\u00e9xico requiere acuerdos serios y en el PRI \u201ctenemos la voluntad siempre de escuchar al Gobierno y, la interlocutora normal, es la secretaria de Gobernaci\u00f3n, subray\u00f3 Manuel A\u00f1orve, quien calific\u00f3 a Alcalde Luj\u00e1n como una joven pol\u00edtica con experiencia que tiene que demostrar, en Gobernaci\u00f3n que \u00abse requiere no s\u00f3lo la experiencia de haber pasado en una secretar\u00eda de Estado, sino la voluntad pol\u00edtica de llegar a acuerdos por M\u00e9xico\u201d.<\/p>\n<p style=\"text-align: justify;\"><em>) S\u00edguenos en nuestra p\u00e1gina Facebook.com\/<a href=\"https:\/\/www.facebook.com\/acapulcopress.news\" target=\"_blank\" rel=\"noopener\">acapulcopress.news<\/a><\/em><\/p>\n","protected":false},"excerpt":{"rendered":"<p>CIUDAD DE M\u00c9XICO * 21 de junio de 2023. ) Redacci\u00f3n Aps El coordinador del Grupo Parlamentario del PRI en el Senado de la Rep\u00fablica, Manuel A\u00f1orve Ba\u00f1os, consider\u00f3 necesario darle oportunidad a la nueva titular de la Secretar\u00eda de Gobernaci\u00f3n federal, Luisa Mar\u00eda Alcalde Luj\u00e1n, sin embargo, le hizo \u00abllamado respetuoso para que el&#8230;<\/p>\n","protected":false},"author":2,"featured_media":1254809,"comment_status":"closed","ping_status":"closed","sticky":false,"template":"","format":"standard","meta":{"footnotes":""},"categories":[1972,61,18561],"tags":[12224,12366],"class_list":["post-1254808","post","type-post","status-publish","format-standard","has-post-thumbnail","hentry","category-special","category-legislacion","category-society-politics","tag-luisa-maria-alcalde-lujan","tag-manuel-anorve-banos"],"_links":{"self":[{"href":"https:\/\/www.acapulcopress.com\/index.php\/wp-json\/wp\/v2\/posts\/1254808","targetHints":{"allow":["GET"]}}],"collection":[{"href":"https:\/\/www.acapulcopress.com\/index.php\/wp-json\/wp\/v2\/posts"}],"about":[{"href":"https:\/\/www.acapulcopress.com\/index.php\/wp-json\/wp\/v2\/types\/post"}],"author":[{"embeddable":true,"href":"https:\/\/www.acapulcopress.com\/index.php\/wp-json\/wp\/v2\/users\/2"}],"replies":[{"embeddable":true,"href":"https:\/\/www.acapulcopress.com\/index.php\/wp-json\/wp\/v2\/comments?post=1254808"}],"version-history":[{"count":0,"href":"https:\/\/www.acapulcopress.com\/index.php\/wp-json\/wp\/v2\/posts\/1254808\/revisions"}],"wp:featuredmedia":[{"embeddable":true,"href":"https:\/\/www.acapulcopress.com\/index.php\/wp-json\/"}],"wp:attachment":[{"href":"https:\/\/www.acapulcopress.com\/index.php\/wp-json\/wp\/v2\/media?parent=1254808"}],"wp:term":[{"taxonomy":"category","embeddable":true,"href":"https:\/\/www.acapulcopress.com\/index.php\/wp-json\/wp\/v2\/categories?post=1254808"},{"taxonomy":"post_tag","embeddable":true,"href":"https:\/\/www.acapulcopress.com\/index.php\/wp-json\/wp\/v2\/tags?post=1254808"}],"curies":[{"name":"wp","href":"https:\/\/api.w.org\/{rel}","templated":true}]}}