{"id":1254815,"date":"2023-06-21T20:41:56","date_gmt":"2023-06-22T02:41:56","guid":{"rendered":"https:\/\/www.acapulcopress.com\/?p=1254815"},"modified":"2023-06-21T20:41:56","modified_gmt":"2023-06-22T02:41:56","slug":"activan-alerta-naranja-en-13-alcaldias-de-cdmx","status":"publish","type":"post","link":"https:\/\/www.acapulcopress.com\/index.php\/2023\/06\/21\/activan-alerta-naranja-en-13-alcaldias-de-cdmx\/","title":{"rendered":"Activan &#8216;Alerta Naranja&#8217; en 13 alcald\u00edas de CdMx"},"content":{"rendered":"<p style=\"text-align: justify;\">CIUDAD DE M\u00c9XICO * 21 de junio de 2023.<br \/>\n<em>) <a href=\"https:\/\/www.proceso.com.mx\/nacional\/2023\/6\/21\/sin-tregua-la-ola-de-calor-en-cdmx-activan-la-alerta-naranja-en-estas-13-alcaldias-309233.html\" target=\"_blank\" rel=\"noopener\">Apro<\/a><\/em><br \/>\nLa Secretar\u00eda de Gesti\u00f3n Integral de Riesgos y Protecci\u00f3n Civil del Gobierno de la Ciudad de M\u00e9xico inform\u00f3 que se activ\u00f3 la Alerta Naranja por pron\u00f3stico de temperaturas altas en 13 alcald\u00edas para este jueves.<\/p>\n<p style=\"text-align: justify;\">En las tres restantes se activ\u00f3 la alerta amarilla debido a la ola de calor.<\/p>\n<p style=\"text-align: justify;\">Las demarcaciones con Alerta Naranja son:\u00a0\u00c1lvaro Obreg\u00f3n, Azcapotzalco, Benito Ju\u00e1rez, Coyoac\u00e1n, Cuauht\u00e9moc, Gustavo A. Madero, Iztacalco, Iztapalapa, Miguel Hidalgo, Tl\u00e1huac<br \/>\nTlalpan, Venustiano Carranza y Xochimilco.<\/p>\n<p style=\"text-align: justify;\">Se pronostican ah\u00ed temperaturas m\u00e1ximas de 31 a 33 grados Celsius entre las 12:00 y las 19:00 horas de la tarde del jueves 22 de junio de 2023.<\/p>\n<p style=\"text-align: justify;\">Mientras que la Alerta Amarilla se activ\u00f3 en las Alcald\u00edas de\u00a0Cuajimalpa, Magdalena Contreras, Milpa Alta, donde se se prev\u00e9n temperaturas m\u00e1ximas de 28 a 30 grados Celsius entre las 12:00 y las 19:00 horas del jueves.<\/p>\n<p style=\"text-align: justify;\">Por esta raz\u00f3n se recomienda a la poblaci\u00f3n usar bloqueador solar, vestir ropa de colores claros; utilizar gafas de sol y sombrero o gorra. Tambi\u00e9n se sugiere evitar comer en la v\u00eda p\u00fablica, ya que los alimentos se descomponen r\u00e1pidamente.<\/p>\n<p style=\"text-align: justify;\">Asimismo, se recomienda a los capitalinos evitar exponerse al sol por tiempo prolongado.<\/p>\n<p style=\"text-align: justify;\">Ante cualquier emergencia, la dependencia pidi\u00f3 comunicarse a los tel\u00e9fonos 911, al 555 658 1111 de Locatel, y al 555 683 2222 de la SGIRPC.<\/p>\n<p><em>) S\u00edguenos en nuestra p\u00e1gina Facebook.com\/<a href=\"https:\/\/www.facebook.com\/acapulcopress.news\" target=\"_blank\" rel=\"noopener\">acapulcopress.news<\/a><\/em><\/p>\n","protected":false},"excerpt":{"rendered":"<p>CIUDAD DE M\u00c9XICO * 21 de junio de 2023. ) Apro La Secretar\u00eda de Gesti\u00f3n Integral de Riesgos y Protecci\u00f3n Civil del Gobierno de la Ciudad de M\u00e9xico inform\u00f3 que se activ\u00f3 la Alerta Naranja por pron\u00f3stico de temperaturas altas en 13 alcald\u00edas para este jueves. En las tres restantes se activ\u00f3 la alerta amarilla&#8230;<\/p>\n","protected":false},"author":2,"featured_media":1254816,"comment_status":"closed","ping_status":"closed","sticky":false,"template":"","format":"standard","meta":{"footnotes":""},"categories":[1997],"tags":[4981,13897],"class_list":["post-1254815","post","type-post","status-publish","format-standard","has-post-thumbnail","hentry","category-noticias-destacadas","tag-calentamiento-global","tag-ola-de-calor"],"_links":{"self":[{"href":"https:\/\/www.acapulcopress.com\/index.php\/wp-json\/wp\/v2\/posts\/1254815","targetHints":{"allow":["GET"]}}],"collection":[{"href":"https:\/\/www.acapulcopress.com\/index.php\/wp-json\/wp\/v2\/posts"}],"about":[{"href":"https:\/\/www.acapulcopress.com\/index.php\/wp-json\/wp\/v2\/types\/post"}],"author":[{"embeddable":true,"href":"https:\/\/www.acapulcopress.com\/index.php\/wp-json\/wp\/v2\/users\/2"}],"replies":[{"embeddable":true,"href":"https:\/\/www.acapulcopress.com\/index.php\/wp-json\/wp\/v2\/comments?post=1254815"}],"version-history":[{"count":0,"href":"https:\/\/www.acapulcopress.com\/index.php\/wp-json\/wp\/v2\/posts\/1254815\/revisions"}],"wp:featuredmedia":[{"embeddable":true,"href":"https:\/\/www.acapulcopress.com\/index.php\/wp-json\/"}],"wp:attachment":[{"href":"https:\/\/www.acapulcopress.com\/index.php\/wp-json\/wp\/v2\/media?parent=1254815"}],"wp:term":[{"taxonomy":"category","embeddable":true,"href":"https:\/\/www.acapulcopress.com\/index.php\/wp-json\/wp\/v2\/categories?post=1254815"},{"taxonomy":"post_tag","embeddable":true,"href":"https:\/\/www.acapulcopress.com\/index.php\/wp-json\/wp\/v2\/tags?post=1254815"}],"curies":[{"name":"wp","href":"https:\/\/api.w.org\/{rel}","templated":true}]}}