{"id":1254819,"date":"2023-06-21T02:24:14","date_gmt":"2023-06-21T08:24:14","guid":{"rendered":"https:\/\/www.acapulcopress.com\/?p=1254819"},"modified":"2023-06-21T02:24:14","modified_gmt":"2023-06-21T08:24:14","slug":"la-carabina-24-30","status":"publish","type":"post","link":"https:\/\/www.acapulcopress.com\/index.php\/2023\/06\/21\/la-carabina-24-30\/","title":{"rendered":"La Carabina 24-30"},"content":{"rendered":"<p style=\"text-align: justify;\">Marem\u00e1gnum<br \/>\n\u00bb <strong>RICARDO<\/strong> |<strong> CASTILLO BARRIENTOS<\/strong><br \/>\n<em>) Facebook: @<a href=\"https:\/\/www.facebook.com\/ricardocastill01\" target=\"_blank\" rel=\"noopener\">Ricardo Castillo Barrientos<\/a><\/em><\/p>\n<p style=\"text-align: justify;\">Arrancamos con esta nueva columna en tono serio y chusco, pues los reflectores y la atenci\u00f3n nacional est\u00e1 puesta en la Sucesi\u00f3n del Poder Presidencial, con los registros y comienzo de campa\u00f1as de las denominadas corcholatas, equivalentes a \u201cLa Carabina de Ambrosio\u201d, o lo que es lo mismo, \u201cLa Carabina 24-30\u201d.<\/p>\n<p style=\"text-align: justify;\">As\u00ed dio principio la madre de todas las batallas en la rancia polaca nacional por un lado los morenacos o chairos y por el otro, los Tutti-Frutis o fachos, que el 26 de junio anunciar\u00e1n que tambi\u00e9n sus chicharrones truenan con un m\u00e9todo novedoso para elegir al candidato de la \u201cAlianza Va por M\u00e9xico\u201d.<\/p>\n<p style=\"text-align: justify;\">En la pista principal est\u00e1n: Claudia Sheinbaum, Marcelo Ebrard, Ad\u00e1n Augusto L\u00f3pez, Ricardo Monreal, Gerardo G. Noro\u00f1a y Manuel Velazco. Iniciaron con tropiezos, quedando m\u00e1s da\u00f1ado Marceliux por andar de queda bien con AMLO, al proponer al junior Andy L\u00f3pez como secretario de la Cuarta Transformaci\u00f3n, como si su creaci\u00f3n fueran enchiladas. La propuesta se esfum\u00f3 ante el descomunal rechazo del propio Andy, que puso en evidencia el oportunismo pol\u00edtico del ex canciller. Quiso madrugar y le sali\u00f3 el tiro por la culata.<\/p>\n<p style=\"text-align: justify;\">El gobernador oaxaque\u00f1o, Salom\u00f3n Jara, hizo su chamba a la vieja escuela y le prepar\u00f3 la escenograf\u00eda a la multi-favorita Claudia Sheinbaum, con el grosero despliegue de camiones y contingentes ataviados con trajes t\u00edpicos que le dieron gran vistosidad evento.<\/p>\n<p style=\"text-align: justify;\">All\u00e1 en Guadalajara, Ad\u00e1n Augusto, se le fue a la yugular a Televisa, acus\u00e1ndola de tener millonarias razones para no difundir sus actividades; mientras acept\u00f3 gustoso el cumulo de elogios que le prodig\u00f3 la mafia de la Universidad de Guadalajara, en voz del rector Ricardo Villanueva Lomel\u00ed, del grupo pol\u00edtico del finado Ra\u00fal Padilla, quien ven\u00eda manteniendo un cacicazgo desde hace varias d\u00e9cadas.<\/p>\n<p style=\"text-align: justify;\">Ricardo Monreal hizo lo propio y recorri\u00f3 las cuatro iglesias de su devoci\u00f3n, desde la Virgen de Guadalupe hasta el Santo Ni\u00f1o de Atocha, en quienes conf\u00eda le hagan el milagrito de sacar reintegro con el gobierno de la CDMX, donde podr\u00eda tener como adversaria a la aguerrida y locuaz, X\u00f3chitl G\u00e1lvez.<\/p>\n<p style=\"text-align: justify;\">El \u201cNoro\u00f1as\u201d, no pierde el tiempo y tambi\u00e9n hace lo suyo por los rumbos de Oaxaca, coincidiendo con la Sheinbaum sin llegar al encontronazo por lo distante de sus eventos.<br \/>\nFrente sus correligionarios del Partido del Trabajo (PT), reg\u00f3 feamente el tepache al confundir al anfitri\u00f3n estado de Oaxaca con el estado de Puebla De la emoci\u00f3n no sabe ni donde tiene puestos los pies.<\/p>\n<p style=\"text-align: justify;\">La corcholata verde Manuel Velazco, ni suda ni se acongoja, porque ya amarr\u00f3 la SEMARNAT, en el pr\u00f3ximo gobierno federal morenista, sino sucede algo extraordinario o fuera de serie en el destino pol\u00edtico nacional.<\/p>\n<p style=\"text-align: justify;\"><strong>LA ENCUESTITIS.-<\/strong> Ya est\u00e1n comenzando a circular profusamente, innumerables encuestas muy contradictorias entre de si, unas dan la ventaja a Claudia y otras a Ebrard y posesionan a Gonz\u00e1lez Noro\u00f1a en tercer lugar, Ad\u00e1n Augusto en cuarto sitio y con Monreal, no hay quinto malo.<\/p>\n<p style=\"text-align: justify;\">Aqu\u00ed van tres de ellas: La empresa Demoscopia Digital, levantada el 15 de junio para la elecci\u00f3n presidencial en Guerrero, ofrece los siguientes resultados:<\/p>\n<p style=\"text-align: justify;\">Claudia Sheinbaum, 50.7%; Marcelo Ebrard, 24.2%; Ad\u00e1n Augusto L\u00f3pez, 11.2%; Gerardo F. Noro\u00f1a, 7.1%; Ricardo Monreal, 5.9; Manuel Velazco, 0.9%.<\/p>\n<p style=\"text-align: justify;\">La empresa Massive Caller, dio a conocer la encuesta levantada el 18 de junio: Marcelo Ebrard, 35.2%; Claudia Sheinbaum, 31.5%, Ad\u00e1n Augusto L\u00f3pez, 20.3%; Manuel Velazco, 6.1; Gerardo G. Noro\u00f1a, 3.6%; Ricardo Monreal, 3.3%.<\/p>\n<p style=\"text-align: justify;\">La empresa FactoM\u00e9trica public\u00f3 su encuesta el 20 de junio, con los siguientes resultados: Claudia Sheinbaum, 80.3%; Marcelo Ebrard, 63.2%; Gerardo F. Noro\u00f1a 43.7%; Ad\u00e1n Augusto L\u00f3pez, 39.3%; Ricardo Monreal, 23.9%.<\/p>\n<p style=\"text-align: justify;\">) S\u00edguenos en nuestra p\u00e1gina Facebook.com\/acapulcopress.news<br \/>\nhttps:\/\/www.facebook.com\/acapulcopress.news<\/p>\n","protected":false},"excerpt":{"rendered":"<p>Marem\u00e1gnum \u00bb RICARDO | CASTILLO BARRIENTOS ) Facebook: @Ricardo Castillo Barrientos Arrancamos con esta nueva columna en tono serio y chusco, pues los reflectores y la atenci\u00f3n nacional est\u00e1 puesta en la Sucesi\u00f3n del Poder Presidencial, con los registros y comienzo de campa\u00f1as de las denominadas corcholatas, equivalentes a \u201cLa Carabina de Ambrosio\u201d, o lo&#8230;<\/p>\n","protected":false},"author":2,"featured_media":1254820,"comment_status":"closed","ping_status":"closed","sticky":false,"template":"","format":"standard","meta":{"footnotes":""},"categories":[2071,1991],"tags":[12503,15575],"class_list":["post-1254819","post","type-post","status-publish","format-standard","has-post-thumbnail","hentry","category-opinion-analisis-columnas","category-libertad-de-expresion","tag-maremagnum","tag-ricardo-castillo-barrientos"],"_links":{"self":[{"href":"https:\/\/www.acapulcopress.com\/index.php\/wp-json\/wp\/v2\/posts\/1254819","targetHints":{"allow":["GET"]}}],"collection":[{"href":"https:\/\/www.acapulcopress.com\/index.php\/wp-json\/wp\/v2\/posts"}],"about":[{"href":"https:\/\/www.acapulcopress.com\/index.php\/wp-json\/wp\/v2\/types\/post"}],"author":[{"embeddable":true,"href":"https:\/\/www.acapulcopress.com\/index.php\/wp-json\/wp\/v2\/users\/2"}],"replies":[{"embeddable":true,"href":"https:\/\/www.acapulcopress.com\/index.php\/wp-json\/wp\/v2\/comments?post=1254819"}],"version-history":[{"count":0,"href":"https:\/\/www.acapulcopress.com\/index.php\/wp-json\/wp\/v2\/posts\/1254819\/revisions"}],"wp:featuredmedia":[{"embeddable":true,"href":"https:\/\/www.acapulcopress.com\/index.php\/wp-json\/"}],"wp:attachment":[{"href":"https:\/\/www.acapulcopress.com\/index.php\/wp-json\/wp\/v2\/media?parent=1254819"}],"wp:term":[{"taxonomy":"category","embeddable":true,"href":"https:\/\/www.acapulcopress.com\/index.php\/wp-json\/wp\/v2\/categories?post=1254819"},{"taxonomy":"post_tag","embeddable":true,"href":"https:\/\/www.acapulcopress.com\/index.php\/wp-json\/wp\/v2\/tags?post=1254819"}],"curies":[{"name":"wp","href":"https:\/\/api.w.org\/{rel}","templated":true}]}}