{"id":1254823,"date":"2023-06-22T20:27:09","date_gmt":"2023-06-23T02:27:09","guid":{"rendered":"https:\/\/www.acapulcopress.com\/?p=1254823"},"modified":"2023-06-22T20:27:09","modified_gmt":"2023-06-23T02:27:09","slug":"la-brecha-digital-sigue-profunda-en-guerrero","status":"publish","type":"post","link":"https:\/\/www.acapulcopress.com\/index.php\/2023\/06\/22\/la-brecha-digital-sigue-profunda-en-guerrero\/","title":{"rendered":"La Brecha Digital sigue profunda en Guerrero"},"content":{"rendered":"<p style=\"text-align: justify;\">Marem\u00e1gnum<br \/>\n\u00bb <strong>RICARDO<\/strong> | <strong>CASTILLO BARRIENTOS<\/strong><br \/>\n<em>) Facebook: @<a href=\"https:\/\/www.facebook.com\/ricardocastill01\" target=\"_blank\" rel=\"noopener\">Ricardo Castillo Barrientos<\/a><\/em><\/p>\n<p style=\"text-align: justify;\">Como siempre, no es ninguna novedad que Guerrero permanezca entre los \u00faltimos lugares del desarrollo nacional, espec\u00edficamente, a lo que a conectividad se refiere, de acuerdo a los resultados de la Encuesta Nacional sobre Disponibilidad y Uso de Tecnolog\u00edas de la Informaci\u00f3n en los Hogares (ENDUTIH) de 2022.<\/p>\n<p style=\"text-align: justify;\">La Brecha Digital se manifiesta en toda su dimensi\u00f3n porque solo el 67.5 por ciento de los guerrerenses tienen acceso a Internet, cuando el promedio nacional es del 78.6 por ciento, 11 puntos porcentuales por encima de lo registrado en Guerrero. Estamos hermanados con Oaxaca y Chiapas, como en todas las estad\u00edsticas vulnerables.<\/p>\n<p style=\"text-align: justify;\">Los datos del INEGI indican que el 53.6 por ciento de los hogares guerrerenses cuentan con servicio de Internet, superando a Oaxaca que tiene 47.4 por ciento y Chiapas, que arroj\u00f3 38.4 por cierto de los hogares con la conexi\u00f3n. A nivel nacional, el promedio de hogares con Internet es 68.5 por ciento.<\/p>\n<p style=\"text-align: justify;\">Respecto a los usuarios de telefon\u00eda celular, Guerrero tambi\u00e9n se ubica en tercer lugar con menos porcentaje, superando a Oaxaca y a Chiapas, con 64.2 por ciento y 61.2 por ciento. Mientras el promedio nacional es de79.2 por ciento.<\/p>\n<p style=\"text-align: justify;\">Sin embargo, no todo est\u00e1 perdido en el desierto. A contra corriente caminamos por mejorar los elevados \u00edndices de rezago en conectividad a Internet y telefon\u00eda celular, en las diversas regiones de la geograf\u00eda estatal.<\/p>\n<p style=\"text-align: justify;\">A menos de dos meses del inici\u00f3 de su gobierno, Evelyn Salgado Pineda, suscribi\u00f3 el convenio \u201cInternet Para Todos CFE\u201d, que conectar\u00eda a 60 municipios en el estado, La Monta\u00f1a, principalmente, brindando servicio gratuito, a trav\u00e9s de la red de telefon\u00eda celular con mil 425 puntos. En una segunda fase se complementar\u00e1 este servicio por medio de antenas satelitales, en las comunidades m\u00e1s alejadas.<\/p>\n<p style=\"text-align: justify;\">Recientemente, en febrero de este a\u00f1o, se ratific\u00f3 el convenio de Internet y telefon\u00eda celular para ampliar la cobertura de Internet gratuito en diversas comunidades de la entidad. Ser\u00e1 interesante conocer los resultados de la primera etapa del convenio con la Comisi\u00f3n Federal de Electricidad.<\/p>\n<p style=\"text-align: justify;\">Estas acciones de coordinaci\u00f3n interinstitucional, son acordes al compromiso del presidente L\u00f3pez Obrador, de dar conectividad a todos los municipios del pa\u00eds, en estos tiempos de las nuevas Tecnolog\u00edas de la Informaci\u00f3n y Comunicaciones (TIC\u00b4s), inmersos en la Sociedad de la Informaci\u00f3n y del Conocimiento.<\/p>\n<p style=\"text-align: justify;\">Muy pronto veremos hasta qu\u00e9 punto habremos de avanzar en este servicio p\u00fablico, o si seguiremos figurando en los \u00faltimos lugares del concierto nacional.<br \/>\n<strong>Marea Baja.-<\/strong> Se reconoce el comentario del ingeniero Agust\u00edn Ort\u00edz Organiz, sobre mi anterior entrega \u201cDesaparece edici\u00f3n impresa de Proceso y Diario 21\u201d y afirma que la modernidad y las nuevas tecnolog\u00edas, obligan a las empresas a buscar otros caminos de comunicaci\u00f3n. La tecnolog\u00eda crece cada minuto y lo que sali\u00f3 ayer, es superado hoy. Tenemos la Inteligencia Artificial (IA), que en poco tiempo se est\u00e1 introduciendo, con tendencia de superar a los humanos.<\/p>\n<p style=\"text-align: justify;\">El ameritado maestro Sab\u00e1s Molina, alude que el mundo entero se ha globalizado y que estamos en una nueva era. La tecnolog\u00eda y la Inteligencia Artificial est\u00e1n evolucionando vertiginosamente.<\/p>\n<p style=\"text-align: justify;\">Contin\u00faa en su an\u00e1lisis y dice que el ser humano se ha adaptado a la tecnolog\u00eda digital, que tiene sus riesgos sino se regula la I.A., que tendr\u00e1 repercusiones en el \u00e1mbito social y familiar y podr\u00eda transformarse en una amenaza.<\/p>\n<p style=\"text-align: justify;\">Marea Alta.- Envidia de la buena produce el \u201cCorredor Interoce\u00e1nico del Istmo de Tehuantepec\u201d, que con una longitud de 309 kil\u00f3metros conectar\u00e1 por v\u00eda f\u00e9rrea al puerto de Salina Cruz, Oaxaca, con Coatzacoalcos, Veracruz, que al igual que el Canal de Panam\u00e1, tendr\u00e1 conexi\u00f3n del Atl\u00e1ntico al Pac\u00edfico.<\/p>\n<p style=\"text-align: justify;\">Se tiene proyectado en ese extenso tramo del Tren Trans\u00edstmico, la instalaci\u00f3n de 10 parques industriales para producir tecnolog\u00eda electr\u00f3nica y de otro tipo. En Guerrero, nos caer\u00edan bien dos Parques Industriales, uno en El Ocotito y otro en Iguala. La gobernadora Salgado Pineda debe de aprovechar el apoyo del presidente L\u00f3pez Obrador, para instalar los primeros Parques Industriales, antes de que concluya su periodo presidencial en 2024.<\/p>\n<p style=\"text-align: justify;\">Maremoto.- Despu\u00e9s de la desbandada de priistas del estado de Hidalgo, con Omar Fayad a la cabeza, este instituto pol\u00edtico sufre la peor crisis de su historia y todo por el aferramiento del famoso \u201cAlito\u201d, Alejandro Moreno, de permanecer como m\u00e1ximo dirigente del partido tricolor.<\/p>\n<p style=\"text-align: justify;\">En Hidalgo tambi\u00e9n renunci\u00f3 el Comit\u00e9 Directivo Estatal en pleno y la fracci\u00f3n parlamentaria en el Congreso del Estado. As\u00ed como se ven las cosas, no descarte que en breve, el senador Miguel Osorio Chong y sus huestes, sigan el mismo camino, ante la cerraz\u00f3n del travieso y ambicioso \u201cAlito\u201d que siempre impone sus decisiones.<\/p>\n<p style=\"text-align: justify;\">La secretaria general del CEN del PRI, Carolina Viggiano, ex candidata perdedora al gobierno de esa entidad, ser\u00e1 heredera de los pocos restos mortales que queden. Tampoco descarte que aqu\u00ed en Guerrero, el aliado principal de \u201cAlito\u201d, el senador Manuel A\u00f1orve Ba\u00f1os, se haga del control total de este partido, antes o despu\u00e9s del periodo electoral.<br \/>\nMovimiento Ciudadano (MC) est\u00e1 al acecho para sumarlos a sus filas.<\/p>\n<p style=\"text-align: justify;\"><em>) S\u00edguenos en nuestra p\u00e1gina Facebook.com\/<a href=\"https:\/\/www.facebook.com\/acapulcopress.news\" target=\"_blank\" rel=\"noopener\">acapulcopress.news<\/a><\/em><\/p>\n","protected":false},"excerpt":{"rendered":"<p>Marem\u00e1gnum \u00bb RICARDO | CASTILLO BARRIENTOS ) Facebook: @Ricardo Castillo Barrientos Como siempre, no es ninguna novedad que Guerrero permanezca entre los \u00faltimos lugares del desarrollo nacional, espec\u00edficamente, a lo que a conectividad se refiere, de acuerdo a los resultados de la Encuesta Nacional sobre Disponibilidad y Uso de Tecnolog\u00edas de la Informaci\u00f3n en los&#8230;<\/p>\n","protected":false},"author":2,"featured_media":1254824,"comment_status":"closed","ping_status":"closed","sticky":false,"template":"","format":"standard","meta":{"footnotes":""},"categories":[2071,1991],"tags":[7951,12503,15575],"class_list":["post-1254823","post","type-post","status-publish","format-standard","has-post-thumbnail","hentry","category-opinion-analisis-columnas","category-libertad-de-expresion","tag-encuesta-nacional-sobre-disponibilidad-y-uso-de-tecnologias-de-la-informacion-en-los-hogares-endutih","tag-maremagnum","tag-ricardo-castillo-barrientos"],"_links":{"self":[{"href":"https:\/\/www.acapulcopress.com\/index.php\/wp-json\/wp\/v2\/posts\/1254823","targetHints":{"allow":["GET"]}}],"collection":[{"href":"https:\/\/www.acapulcopress.com\/index.php\/wp-json\/wp\/v2\/posts"}],"about":[{"href":"https:\/\/www.acapulcopress.com\/index.php\/wp-json\/wp\/v2\/types\/post"}],"author":[{"embeddable":true,"href":"https:\/\/www.acapulcopress.com\/index.php\/wp-json\/wp\/v2\/users\/2"}],"replies":[{"embeddable":true,"href":"https:\/\/www.acapulcopress.com\/index.php\/wp-json\/wp\/v2\/comments?post=1254823"}],"version-history":[{"count":0,"href":"https:\/\/www.acapulcopress.com\/index.php\/wp-json\/wp\/v2\/posts\/1254823\/revisions"}],"wp:featuredmedia":[{"embeddable":true,"href":"https:\/\/www.acapulcopress.com\/index.php\/wp-json\/"}],"wp:attachment":[{"href":"https:\/\/www.acapulcopress.com\/index.php\/wp-json\/wp\/v2\/media?parent=1254823"}],"wp:term":[{"taxonomy":"category","embeddable":true,"href":"https:\/\/www.acapulcopress.com\/index.php\/wp-json\/wp\/v2\/categories?post=1254823"},{"taxonomy":"post_tag","embeddable":true,"href":"https:\/\/www.acapulcopress.com\/index.php\/wp-json\/wp\/v2\/tags?post=1254823"}],"curies":[{"name":"wp","href":"https:\/\/api.w.org\/{rel}","templated":true}]}}