{"id":1254827,"date":"2023-06-22T20:45:46","date_gmt":"2023-06-23T02:45:46","guid":{"rendered":"https:\/\/www.acapulcopress.com\/?p=1254827"},"modified":"2023-06-22T20:45:46","modified_gmt":"2023-06-23T02:45:46","slug":"alerta-proteccion-civil-del-primer-ciclon-de-temporada","status":"publish","type":"post","link":"https:\/\/www.acapulcopress.com\/index.php\/2023\/06\/22\/alerta-proteccion-civil-del-primer-ciclon-de-temporada\/","title":{"rendered":"Alerta Protecci\u00f3n Civil del primer cicl\u00f3n de temporada"},"content":{"rendered":"<p style=\"text-align: justify;\">\u00a0CHILPANCINGO * 22 de junio de 2023.<br \/>\n<em>) Gobierno de Guerrero<\/em><br \/>\nLa tarde de este jueves, la Secretar\u00eda de Gesti\u00f3n Integral de Riesgos y Protecci\u00f3n Civil emiti\u00f3 un aviso preventivo urgente, dirigido a las autoridades de todos los municipios del estado y a los inmigrantes del Consejo Estatal de Protecci\u00f3n Civil, ante el pron\u00f3stico de formaci\u00f3n del primer cicl\u00f3n tropical de la temporada en el Oc\u00e9ano Pac\u00edfico.<\/p>\n<p style=\"text-align: justify;\">Durante el fin de semana, se prev\u00e9 la formaci\u00f3n de una zona de baja presi\u00f3n con alta probabilidad para desarrollo cicl\u00f3nico en el Pac\u00edfico Sur Mexicano, mismo sistema que podr\u00eda dar origen al primer cicl\u00f3n de la temporada a partir del d\u00eda lunes 26 de junio, favoreciendo la probabilidad de lluvias de fuertes a puntuales intensas en gran parte de la entidad guerrerense.<\/p>\n<p style=\"text-align: justify;\">De acuerdo con el pron\u00f3stico del Servicio Meteorol\u00f3gico Nacional, la Zona de Baja Presi\u00f3n con alto potencial cicl\u00f3nico, para el d\u00eda lunes se desplazar\u00e1 lentamente hacia el oeste \u2013noroeste, bordeando las costas de Guerrero y Oaxaca, ocasionando lluvias de variada intensidad en las regiones Costa Chica, Monta\u00f1a, Acapulco, Centro, Costa Grande y Sierra, no descartando precipitaciones en las regiones Norte y Tierra Caliente.<\/p>\n<p style=\"text-align: justify;\">Por lo anterior, el Gobierno del Estado a trav\u00e9s de la Secretar\u00eda de Gesti\u00f3n Integral de Riesgos y Protecci\u00f3n Civil, recomienda extremar las medidas de precauci\u00f3n necesarias ante la posible manifestaci\u00f3n de tormentas locales, las cuales se podr\u00edan registran con precipitaciones intensas, viento fuerte, actividad el\u00e9ctrica y probabilidad de granizo en las partes altas.<\/p>\n<p style=\"text-align: justify;\">De igual modo se pide tener medidas de cuidado en zonas costeras, ante el pron\u00f3stico de oleaje elevado de dos a cuatro metros de altura, as\u00ed como por la manifestaci\u00f3n de rachas de viento fuerte.<\/p>\n<p style=\"text-align: justify;\">La dependencia estatal pide a la poblaci\u00f3n, mantenerse atentos de la informaci\u00f3n meteorol\u00f3gica a trav\u00e9s de las redes sociales de las autoridades correspondientes y medios de comunicaci\u00f3n, no propagar rumores y ubicar refugios temporales, rutas de evacuaci\u00f3n y zonas seguras.<\/p>\n<p style=\"text-align: justify;\"><em>) S\u00edguenos en nuestra p\u00e1gina <span class=\"xv78j7m\" spellcheck=\"false\">Facebook.com\/<a href=\"https:\/\/www.facebook.com\/acapulcopress.news\" target=\"_blank\" rel=\"noopener\">acapulcopress.news<\/a><\/span><\/em><\/p>\n","protected":false},"excerpt":{"rendered":"<p>\u00a0CHILPANCINGO * 22 de junio de 2023. ) Gobierno de Guerrero La tarde de este jueves, la Secretar\u00eda de Gesti\u00f3n Integral de Riesgos y Protecci\u00f3n Civil emiti\u00f3 un aviso preventivo urgente, dirigido a las autoridades de todos los municipios del estado y a los inmigrantes del Consejo Estatal de Protecci\u00f3n Civil, ante el pron\u00f3stico de&#8230;<\/p>\n","protected":false},"author":2,"featured_media":1254829,"comment_status":"closed","ping_status":"closed","sticky":false,"template":"","format":"standard","meta":{"footnotes":""},"categories":[2036,1969,1972],"tags":[],"class_list":["post-1254827","post","type-post","status-publish","format-standard","has-post-thumbnail","hentry","category-el-clima","category-trending","category-special"],"_links":{"self":[{"href":"https:\/\/www.acapulcopress.com\/index.php\/wp-json\/wp\/v2\/posts\/1254827","targetHints":{"allow":["GET"]}}],"collection":[{"href":"https:\/\/www.acapulcopress.com\/index.php\/wp-json\/wp\/v2\/posts"}],"about":[{"href":"https:\/\/www.acapulcopress.com\/index.php\/wp-json\/wp\/v2\/types\/post"}],"author":[{"embeddable":true,"href":"https:\/\/www.acapulcopress.com\/index.php\/wp-json\/wp\/v2\/users\/2"}],"replies":[{"embeddable":true,"href":"https:\/\/www.acapulcopress.com\/index.php\/wp-json\/wp\/v2\/comments?post=1254827"}],"version-history":[{"count":0,"href":"https:\/\/www.acapulcopress.com\/index.php\/wp-json\/wp\/v2\/posts\/1254827\/revisions"}],"wp:featuredmedia":[{"embeddable":true,"href":"https:\/\/www.acapulcopress.com\/index.php\/wp-json\/"}],"wp:attachment":[{"href":"https:\/\/www.acapulcopress.com\/index.php\/wp-json\/wp\/v2\/media?parent=1254827"}],"wp:term":[{"taxonomy":"category","embeddable":true,"href":"https:\/\/www.acapulcopress.com\/index.php\/wp-json\/wp\/v2\/categories?post=1254827"},{"taxonomy":"post_tag","embeddable":true,"href":"https:\/\/www.acapulcopress.com\/index.php\/wp-json\/wp\/v2\/tags?post=1254827"}],"curies":[{"name":"wp","href":"https:\/\/api.w.org\/{rel}","templated":true}]}}