{"id":1254833,"date":"2023-06-22T21:02:14","date_gmt":"2023-06-23T03:02:14","guid":{"rendered":"https:\/\/www.acapulcopress.com\/?p=1254833"},"modified":"2023-06-22T21:02:14","modified_gmt":"2023-06-23T03:02:14","slug":"como-nunca-en-guerrero-la-salud-es-prioridad-evelyn-salgado","status":"publish","type":"post","link":"https:\/\/www.acapulcopress.com\/index.php\/2023\/06\/22\/como-nunca-en-guerrero-la-salud-es-prioridad-evelyn-salgado\/","title":{"rendered":"\u201cComo nunca, en Guerrero la salud es prioridad\u201d | Evelyn Salgado"},"content":{"rendered":"<p style=\"text-align: justify;\">ACAPULCO * 22 de junio de 2023.<br \/>\n<em>) Gobierno de Guerrero<br \/>\n<\/em> \u201cComo nunca en Guerrero la salud es nuestra prioridad\u201d, reafirm\u00f3 la gobernadora <a href=\"https:\/\/www.facebook.com\/EvelynSalgadoP\" target=\"_blank\" rel=\"noopener\">Evelyn <img loading=\"lazy\" decoding=\"async\" class=\"alignleft size-medium wp-image-1254837\" src=\"https:\/\/www.acapulcopress.com\/wp-content\/uploads\/2023\/06\/evelyn.salud4_-375x250.jpg\" alt=\"\" width=\"375\" height=\"250\" \/>Salgado Pineda<\/a> durante la reuni\u00f3n de evaluaci\u00f3n del Plan 180 Guerrero que encabez\u00f3 junto al subsecretario de Integraci\u00f3n y Desarrollo de la Secretar\u00eda de Salud federal, Juan Antonio Ferrer Aguilar e integrantes del Consejo de Salubridad General.<\/p>\n<p style=\"text-align: justify;\">Durante este encuentro se dio a conocer el proyecto para la construcci\u00f3n de la Unidad de Hemodinamia, la primera en su tipo en el estado y que brindar\u00e1 servicio gratuito a la poblaci\u00f3n en temas relacionados con procedimientos de cateterismo card\u00edaco, as\u00ed como diagn\u00f3stico y tratamiento de enfermedades cardiovasculares.<\/p>\n<p style=\"text-align: justify;\">Durante su visita al Hospital IMSS-Bienestar de Renacimiento, la gobernadora constat\u00f3 la atenci\u00f3n a las necesidades de los derechohabientes y encabez\u00f3 una reuni\u00f3n de evaluaci\u00f3n <img loading=\"lazy\" decoding=\"async\" class=\"alignleft size-medium wp-image-1254835\" src=\"https:\/\/www.acapulcopress.com\/wp-content\/uploads\/2023\/06\/evelyn.salud2_-375x250.jpg\" alt=\"\" width=\"375\" height=\"250\" \/>en seguimiento al proceso de federalizaci\u00f3n de los servicios de salud en Guerrero.<\/p>\n<p style=\"text-align: justify;\">Al respecto el subsecretario de Integraci\u00f3n y Desarrollo de la Secretar\u00eda de Salud federal, Juan Antonio Ferrer explic\u00f3 que como parte de esta conjunci\u00f3n de esfuerzos entre el estado y la Federaci\u00f3n, se llev\u00f3 a cabo la presentaci\u00f3n de este proyecto para la Unidad de Hemodinamia, la cual se tiene proyectada para finales de a\u00f1o y se analiza cu\u00e1l ser\u00eda el lugar m\u00e1s adecuado para ello, considerando como una propuesta un espacio en el terreno del Hospital IMSS-Bienestar de Renacimiento.<\/p>\n<p style=\"text-align: justify;\">El funcionario detall\u00f3 que durante este encuentro se realiz\u00f3 una supervisi\u00f3n del funcionamiento del hospital, el cual actualmente se encuentra operando de manera <img loading=\"lazy\" decoding=\"async\" class=\"alignleft size-medium wp-image-1254836\" src=\"https:\/\/www.acapulcopress.com\/wp-content\/uploads\/2023\/06\/evelyn.salud3_-375x250.jpg\" alt=\"\" width=\"375\" height=\"250\" \/>adecuada en cuanto a personal, medicamentos y equipos. Adem\u00e1s de que se llev\u00f3 a cabo una evaluaci\u00f3n de las unidades hospitalarias que est\u00e1n por abrirse, como las de Olinal\u00e1, San Luis Acatl\u00e1n, Marquelia, el Banco de Sangre Universal de Tlapa y las unidades de Hemodi\u00e1lisis de Chilpancingo y Ometepec.<\/p>\n<p style=\"text-align: justify;\">En el recorrido y la reuni\u00f3n interinstitucional participaron, el secretario del Consejo de Salubridad General, Marcos Cantero Cort\u00e9s; la secretaria de Salud Guerrero, Aid\u00e9 Ibarez Castro; el subsecretario de Planeaci\u00f3n de la Secretar\u00eda de Salud Guerrero, Roberto N\u00fa\u00f1ez; el subsecretario de Administraci\u00f3n, Ricardo Salinas M\u00e9ndez,\u00a0entre\u00a0otros.<\/p>\n<p style=\"text-align: justify;\"><em>) S\u00edguenos en nuestra p\u00e1gina Facebook.com\/<a href=\"https:\/\/www.facebook.com\/acapulcopress.news\" target=\"_blank\" rel=\"noopener\">acapulcopress.news<\/a><\/em><\/p>\n","protected":false},"excerpt":{"rendered":"<p>ACAPULCO * 22 de junio de 2023. ) Gobierno de Guerrero \u201cComo nunca en Guerrero la salud es nuestra prioridad\u201d, reafirm\u00f3 la gobernadora Evelyn Salgado Pineda durante la reuni\u00f3n de evaluaci\u00f3n del Plan 180 Guerrero que encabez\u00f3 junto al subsecretario de Integraci\u00f3n y Desarrollo de la Secretar\u00eda de Salud federal, Juan Antonio Ferrer Aguilar e&#8230;<\/p>\n","protected":false},"author":2,"featured_media":1254834,"comment_status":"closed","ping_status":"closed","sticky":false,"template":"","format":"standard","meta":{"footnotes":""},"categories":[2019],"tags":[],"class_list":["post-1254833","post","type-post","status-publish","format-standard","has-post-thumbnail","hentry","category-popular-news"],"_links":{"self":[{"href":"https:\/\/www.acapulcopress.com\/index.php\/wp-json\/wp\/v2\/posts\/1254833","targetHints":{"allow":["GET"]}}],"collection":[{"href":"https:\/\/www.acapulcopress.com\/index.php\/wp-json\/wp\/v2\/posts"}],"about":[{"href":"https:\/\/www.acapulcopress.com\/index.php\/wp-json\/wp\/v2\/types\/post"}],"author":[{"embeddable":true,"href":"https:\/\/www.acapulcopress.com\/index.php\/wp-json\/wp\/v2\/users\/2"}],"replies":[{"embeddable":true,"href":"https:\/\/www.acapulcopress.com\/index.php\/wp-json\/wp\/v2\/comments?post=1254833"}],"version-history":[{"count":0,"href":"https:\/\/www.acapulcopress.com\/index.php\/wp-json\/wp\/v2\/posts\/1254833\/revisions"}],"wp:featuredmedia":[{"embeddable":true,"href":"https:\/\/www.acapulcopress.com\/index.php\/wp-json\/"}],"wp:attachment":[{"href":"https:\/\/www.acapulcopress.com\/index.php\/wp-json\/wp\/v2\/media?parent=1254833"}],"wp:term":[{"taxonomy":"category","embeddable":true,"href":"https:\/\/www.acapulcopress.com\/index.php\/wp-json\/wp\/v2\/categories?post=1254833"},{"taxonomy":"post_tag","embeddable":true,"href":"https:\/\/www.acapulcopress.com\/index.php\/wp-json\/wp\/v2\/tags?post=1254833"}],"curies":[{"name":"wp","href":"https:\/\/api.w.org\/{rel}","templated":true}]}}