{"id":1254841,"date":"2023-06-22T21:23:17","date_gmt":"2023-06-23T03:23:17","guid":{"rendered":"https:\/\/www.acapulcopress.com\/?p=1254841"},"modified":"2023-06-22T21:23:17","modified_gmt":"2023-06-23T03:23:17","slug":"scjn-invalida-en-su-totalidad-plan-b-de-amlo","status":"publish","type":"post","link":"https:\/\/www.acapulcopress.com\/index.php\/2023\/06\/22\/scjn-invalida-en-su-totalidad-plan-b-de-amlo\/","title":{"rendered":"SCJN invalida en su totalidad &#8216;Plan B&#8217; de AMLO"},"content":{"rendered":"<p style=\"text-align: justify;\"><strong><em>Con nueve votos a favor y dos en contra, la Suprema Corte de Justicia de la Naci\u00f3n (SCJN) invalid\u00f3 este jueves el segundo decreto del \u00abplan B\u00bb electoral del presidente Andr\u00e9s Manuel L\u00f3pez Obrador por violaciones al proceso legislativo en el pa\u00eds.<\/em><\/strong><\/p>\n<p>\u00bb <strong>Rolando<\/strong> | <strong>Ramos<\/strong><br \/>\nCIUDAD DE M\u00c9XICO * 22 de junio de 2023.<br \/>\n<em>) <a href=\"https:\/\/www.eleconomista.com.mx\/politica\/La-Suprema-Corte-declara-la-invalidez-del-plan-B-electoral-de-AMLO-20230622-0047.html\" target=\"_blank\" rel=\"noopener\">El Economista<\/a><\/em><\/p>\n<p style=\"text-align: justify;\">Con nueve votos a favor y dos en contra, la Suprema Corte de Justicia de la Naci\u00f3n (SCJN) invalid\u00f3 este jueves el segundo decreto del \u00abplan B\u00bb electoral del presidente <a href=\"https:\/\/www.facebook.com\/lopezobrador.org.mx\" target=\"_blank\" rel=\"noopener\">Andr\u00e9s Manuel L\u00f3pez Obrador<\/a> por violaciones al proceso legislativo en el pa\u00eds.<\/p>\n<p style=\"text-align: justify;\">Con nueve votos a favor y dos en contra, el pleno de la Suprema Corte de Justicia de la Naci\u00f3n (SCJN) se declar\u00f3 la invalidez del decreto por el que se reforman la Ley General de Instituciones y Procedimientos Electorales, Ley General de Partidos Pol\u00edticos, Ley Org\u00e1nica del Poder Judicial de la Federaci\u00f3n y expide la Ley General de los Medios de Impugnaci\u00f3n en Materia Electoral, cambios que constituyen el centro del llamado \u201cplan B\u2019\u2019 de la reforma electoral promovida por el presidente Andr\u00e9s Manuel L\u00f3pez Obrador, por violaciones al proceso legislativo en el pa\u00eds.<\/p>\n<p style=\"text-align: justify;\">A propuesta del ministro Javier Laynez Potisek, el proyecto fue aprobado por Margarita R\u00edos Farjat, Juan Luis Gonz\u00e1lez Alc\u00e1ntara, Luis Mar\u00eda Aguilar, Arturo Zald\u00edvar, Alfredo Guti\u00e9rrez, Jorge Pardo y Norma Pi\u00f1a, presidenta del m\u00e1ximo tribunal constitucional del pa\u00eds, porque el Congreso de la Uni\u00f3n incurri\u00f3 en violaciones graves al procedimiento legislativo que, en su conjunto, tienen potencial invalidante.<\/p>\n<p style=\"text-align: justify;\">De ah\u00ed que la declaratoria implica la invalidez del decreto impugnado en su totalidad y, por tanto, que las disposiciones legales que reg\u00edan antes de la entrada en vigor del mismo \u201crecuperan vigencia\u2019\u2019.<\/p>\n<p style=\"text-align: justify;\">Las ministras Loretta Ortiz y Yasm\u00edn Esquivel votaron en contra de la propuesta por considerar que no se viol\u00f3 el proceso legislativo; Esquivel reproch\u00f3 no haber entrado al fondo del asunto a fin de determinar si son o no constitucionales los cambios aprobados por el Poder Legislativo y que fueron impugnados por la oposici\u00f3n.<\/p>\n<p style=\"text-align: justify;\">Las reformas invalidadas a la legislaci\u00f3n en materia electoral se relacionan principalmente con la estructura, organizaci\u00f3n y los procedimientos del Instituto Nacional Electoral (<a href=\"https:\/\/www.facebook.com\/INEMexico\" target=\"_blank\" rel=\"noopener\">INE<\/a>), as\u00ed como con las atribuciones del Tribunal Electoral del Poder Judicial de la Federaci\u00f3n (TEPJF).<\/p>\n<p style=\"text-align: justify;\">Los cambios fueron combatidos v\u00eda acciones de inconstitucionalidad presentados ante la Corte por los partidos pol\u00edticos Acci\u00f3n Nacional (PAN), Revolucionario Institucional, Movimiento Ciudadano, de la Revoluci\u00f3n Democr\u00e1tica (PRD), diputados federales y senadores de la minor\u00eda parlamentaria y el Instituto Nacional de Transparencia, Acceso a la Informaci\u00f3n y Protecci\u00f3n de Datos Personales (Inai).<\/p>\n<p><iframe loading=\"lazy\" title=\"Sesi\u00f3n del Pleno de la #SCJN 22 junio  2023\" width=\"1160\" height=\"653\" src=\"https:\/\/www.youtube.com\/embed\/XNipg7mADVQ?feature=oembed\" frameborder=\"0\" allow=\"accelerometer; autoplay; clipboard-write; encrypted-media; gyroscope; picture-in-picture; web-share\" referrerpolicy=\"strict-origin-when-cross-origin\" allowfullscreen><\/iframe><\/p>\n<p style=\"text-align: justify;\"><em>) S\u00edguenos en nuestra p\u00e1gina Facebook.com\/<a href=\"https:\/\/www.facebook.com\/acapulcopress.news\" target=\"_blank\" rel=\"noopener\">acapulcopress.news<\/a><\/em><\/p>\n","protected":false},"excerpt":{"rendered":"<p>Con nueve votos a favor y dos en contra, la Suprema Corte de Justicia de la Naci\u00f3n (SCJN) invalid\u00f3 este jueves el segundo decreto del \u00abplan B\u00bb electoral del presidente Andr\u00e9s Manuel L\u00f3pez Obrador por violaciones al proceso legislativo en el pa\u00eds. \u00bb Rolando | Ramos CIUDAD DE M\u00c9XICO * 22 de junio de 2023&#8230;.<\/p>\n","protected":false},"author":2,"featured_media":1254842,"comment_status":"closed","ping_status":"closed","sticky":false,"template":"","format":"standard","meta":{"footnotes":""},"categories":[1997],"tags":[3645,3896,4226,10337,10625,10917,11200,11883,11886,11887,11903,12197,12513,13745,16935],"class_list":["post-1254841","post","type-post","status-publish","format-standard","has-post-thumbnail","hentry","category-noticias-destacadas","tag-alfredo-gutierrez","tag-andres-manuel-lopez-obrador","tag-arturo-zaldivar","tag-instituto-nacional-electoral-ine","tag-javier-laynez-potisek","tag-jorge-pardo","tag-juan-luis-gonzalez-alcantara","tag-ley-general-de-instituciones-y-procedimientos-electorales","tag-ley-general-de-los-medios-de-impugnacion-en-materia-electoral","tag-ley-general-de-partidos-politicos","tag-ley-organica-del-poder-judicial-de-la-federacion","tag-luis-maria-aguilar","tag-margarita-rios-farjat","tag-norma-pina","tag-suprema-corte-de-justicia-de-la-nacion-scjn"],"_links":{"self":[{"href":"https:\/\/www.acapulcopress.com\/index.php\/wp-json\/wp\/v2\/posts\/1254841","targetHints":{"allow":["GET"]}}],"collection":[{"href":"https:\/\/www.acapulcopress.com\/index.php\/wp-json\/wp\/v2\/posts"}],"about":[{"href":"https:\/\/www.acapulcopress.com\/index.php\/wp-json\/wp\/v2\/types\/post"}],"author":[{"embeddable":true,"href":"https:\/\/www.acapulcopress.com\/index.php\/wp-json\/wp\/v2\/users\/2"}],"replies":[{"embeddable":true,"href":"https:\/\/www.acapulcopress.com\/index.php\/wp-json\/wp\/v2\/comments?post=1254841"}],"version-history":[{"count":0,"href":"https:\/\/www.acapulcopress.com\/index.php\/wp-json\/wp\/v2\/posts\/1254841\/revisions"}],"wp:featuredmedia":[{"embeddable":true,"href":"https:\/\/www.acapulcopress.com\/index.php\/wp-json\/"}],"wp:attachment":[{"href":"https:\/\/www.acapulcopress.com\/index.php\/wp-json\/wp\/v2\/media?parent=1254841"}],"wp:term":[{"taxonomy":"category","embeddable":true,"href":"https:\/\/www.acapulcopress.com\/index.php\/wp-json\/wp\/v2\/categories?post=1254841"},{"taxonomy":"post_tag","embeddable":true,"href":"https:\/\/www.acapulcopress.com\/index.php\/wp-json\/wp\/v2\/tags?post=1254841"}],"curies":[{"name":"wp","href":"https:\/\/api.w.org\/{rel}","templated":true}]}}