{"id":1254853,"date":"2023-06-22T23:21:10","date_gmt":"2023-06-23T05:21:10","guid":{"rendered":"https:\/\/www.acapulcopress.com\/?p=1254853"},"modified":"2023-06-22T23:21:10","modified_gmt":"2023-06-23T05:21:10","slug":"congreso-e-ibd-firman-convenio-para-erradicacion-de-violencia-politica-de-genero","status":"publish","type":"post","link":"https:\/\/www.acapulcopress.com\/index.php\/2023\/06\/22\/congreso-e-ibd-firman-convenio-para-erradicacion-de-violencia-politica-de-genero\/","title":{"rendered":"Congreso e IBD firman convenio para erradicaci\u00f3n de violencia pol\u00edtica de g\u00e9nero"},"content":{"rendered":"<p style=\"text-align: justify;\">CHILPANCINGO * 22 de junio de 2023.<br \/>\n<em>) Congreso de Guerrero<\/em><br \/>\nLas presidentas de la Mesa Directiva y de la Comisi\u00f3n para la Igualdad de G\u00e9nero, diputadas Yanelly Hern\u00e1ndez Mart\u00ednez y Gabriela Bernal Res\u00e9ndiz, firmaron un convenio de colaboraci\u00f3n con el Instituto Belisario Dom\u00ednguez del Senado de la Rep\u00fablica, representado por el senador Manuel A\u00f1orve Ba\u00f1os, con el objetivo de propiciar el an\u00e1lisis de las causas y efectos de la violencia pol\u00edtica contra las mujeres, y ampliar y potencializar las habilidades para la prevenci\u00f3n, identificaci\u00f3n, investigaci\u00f3n y atenci\u00f3n de la violencia pol\u00edtica contra el sector, que garantice el ejercicio libre y pleno de sus derechos pol\u00edtico-electorales.<\/p>\n<p style=\"text-align: justify;\">Al dar un mensaje, la diputada Yanelly Hern\u00e1ndez Mart\u00ednez exclam\u00f3 que la firma de este convenio de colaboraci\u00f3n se logra a la concertaci\u00f3n de compromisos para establecer las bases generales de coordinaci\u00f3n que contribuyan en la deliberaci\u00f3n y la toma de decisiones legislativas, que deriven en una agenda parlamentaria que fortalezca a las instituciones participantes, y trabajar a partir de eso en erradicaci\u00f3n de la violencia pol\u00edtica en raz\u00f3n de g\u00e9nero.<\/p>\n<p style=\"text-align: justify;\">Recalc\u00f3 que es importante no cerrar los ojos ante esta triste realidad, sino por el contrario, intensificar acciones y redoblar esfuerzos encaminados a la erradicaci\u00f3n o control de la violencia pol\u00edtica en raz\u00f3n de g\u00e9nero.<\/p>\n<p style=\"text-align: justify;\">\u201cHoy asumimos con responsabilidad y total disposici\u00f3n, sabedores de lo que significa, pero conscientes de que con la participaci\u00f3n activa de todos los actores involucrados, lograremos el objetivo final\u201d.<\/p>\n<p style=\"text-align: justify;\">En su oportunidad, el diputado H\u00e9ctor Apreza Patr\u00f3n, a nombre de la Junta de Coordinaci\u00f3n Pol\u00edtica del Congreso, confi\u00f3 en que la firma de este convenio contribuya para hacer conciencia sobre este mal que lacera a las mujeres, e impacte en la sociedad para el sano desarrollo humano.<\/p>\n<p style=\"text-align: justify;\">Hizo, asimismo, extensivo el reconocimiento al trabajo que ha estado realizando el Instituto Belisario Dom\u00ednguez del Senado de la Rep\u00fablica, invit\u00e1ndolos a seguir firmando convenios para el desarrollo de diplomados que coadyuven al fortalecimiento de las capacidades t\u00e9cnicas pol\u00edticas locales de Guerrero, a trav\u00e9s de seminarios, talleres y conferencias sobre diversos temas de la actualidad.<\/p>\n<p style=\"text-align: justify;\">En su momento, la diputada promovente del diplomado, Gabriela Bernal Res\u00e9ndiz, extern\u00f3 la importancia de esta actividad porque es una realidad que en el quehacer pol\u00edtico se registran acciones de violencia que en muchas ocasiones no son denunciadas, pero que requieren de justicia.<\/p>\n<p style=\"text-align: justify;\">Por \u00faltimo, reconoci\u00f3 a las presidentas de la Jucopo y de la Mesa Directiva del Congreso del Estado, Yoloczin Dom\u00ednguez Serna y Yanelly Hern\u00e1ndez Mart\u00ednez, as\u00ed como al Instituto Belisario Dom\u00ednguez, por hacer posible este diplomado formativo que nutrir\u00e1 de conocimientos para el dominio de los conceptos en raz\u00f3n de g\u00e9nero, que d\u00e9 garant\u00edas legales al sector de las mujeres.<\/p>\n<p style=\"text-align: justify;\">Atestiguaron el acto protocolario el diputado Osbaldo R\u00edos Manrique, vocal del IEPEN; las diputadas Julieta Fern\u00e1ndez M\u00e1rquez y Alicia Zamora Villalva, as\u00ed como los diputados Raymundo Garc\u00eda Guti\u00e9rrez, Andr\u00e9s Guevara C\u00e1rdenas y Rafael Navarrete Quezada, adem\u00e1s de Evelyn Rodr\u00edguez Xinol,<\/p>\n<p style=\"text-align: justify;\">presidenta del Tribunal Electoral del Estado; la titular de la Secretar\u00eda de la Mujer, Violeta Pino Gir\u00f3n, en representaci\u00f3n de la gobernadora Evelyn Cecia Salgado Pineda; Raymundo Casarrubias V\u00e1zquez, presidente del Tribunal Superior de Justicia del Estado; el senador Miguel \u00c1ngel Mancera Espinoza y la presidenta del Instituto por los Derechos Humanos y la Igualdad Sustantiva, S.C., Diva Hadamira Gast\u00e9lum Bajo, entre otros.<\/p>\n<p style=\"text-align: justify;\">) S\u00edguenos en nuestra p\u00e1gina <a class=\"x1fey0fg xmper1u x1edh9d7\" href=\"Facebook.com\/acapulcopress.news\" target=\"_blank\" rel=\"noopener\">Facebook.com\/acapulcopress.news<\/a><\/p>\n","protected":false},"excerpt":{"rendered":"<p>CHILPANCINGO * 22 de junio de 2023. ) Congreso de Guerrero Las presidentas de la Mesa Directiva y de la Comisi\u00f3n para la Igualdad de G\u00e9nero, diputadas Yanelly Hern\u00e1ndez Mart\u00ednez y Gabriela Bernal Res\u00e9ndiz, firmaron un convenio de colaboraci\u00f3n con el Instituto Belisario Dom\u00ednguez del Senado de la Rep\u00fablica, representado por el senador Manuel A\u00f1orve&#8230;<\/p>\n","protected":false},"author":2,"featured_media":1254847,"comment_status":"closed","ping_status":"closed","sticky":false,"template":"","format":"standard","meta":{"footnotes":""},"categories":[61,18561],"tags":[],"class_list":["post-1254853","post","type-post","status-publish","format-standard","has-post-thumbnail","hentry","category-legislacion","category-society-politics"],"_links":{"self":[{"href":"https:\/\/www.acapulcopress.com\/index.php\/wp-json\/wp\/v2\/posts\/1254853","targetHints":{"allow":["GET"]}}],"collection":[{"href":"https:\/\/www.acapulcopress.com\/index.php\/wp-json\/wp\/v2\/posts"}],"about":[{"href":"https:\/\/www.acapulcopress.com\/index.php\/wp-json\/wp\/v2\/types\/post"}],"author":[{"embeddable":true,"href":"https:\/\/www.acapulcopress.com\/index.php\/wp-json\/wp\/v2\/users\/2"}],"replies":[{"embeddable":true,"href":"https:\/\/www.acapulcopress.com\/index.php\/wp-json\/wp\/v2\/comments?post=1254853"}],"version-history":[{"count":0,"href":"https:\/\/www.acapulcopress.com\/index.php\/wp-json\/wp\/v2\/posts\/1254853\/revisions"}],"wp:featuredmedia":[{"embeddable":true,"href":"https:\/\/www.acapulcopress.com\/index.php\/wp-json\/"}],"wp:attachment":[{"href":"https:\/\/www.acapulcopress.com\/index.php\/wp-json\/wp\/v2\/media?parent=1254853"}],"wp:term":[{"taxonomy":"category","embeddable":true,"href":"https:\/\/www.acapulcopress.com\/index.php\/wp-json\/wp\/v2\/categories?post=1254853"},{"taxonomy":"post_tag","embeddable":true,"href":"https:\/\/www.acapulcopress.com\/index.php\/wp-json\/wp\/v2\/tags?post=1254853"}],"curies":[{"name":"wp","href":"https:\/\/api.w.org\/{rel}","templated":true}]}}