{"id":1254903,"date":"2023-06-23T17:20:44","date_gmt":"2023-06-23T23:20:44","guid":{"rendered":"https:\/\/www.acapulcopress.com\/?p=1254903"},"modified":"2023-06-23T17:20:44","modified_gmt":"2023-06-23T23:20:44","slug":"gobernadora-evelyn-salgado-inauguro-obras-por-9-millones-de-pesos-en-chichihualco","status":"publish","type":"post","link":"https:\/\/www.acapulcopress.com\/index.php\/2023\/06\/23\/gobernadora-evelyn-salgado-inauguro-obras-por-9-millones-de-pesos-en-chichihualco\/","title":{"rendered":"Gobernadora Evelyn Salgado inaugur\u00f3 obras por 9 millones de pesos en Chichihualco"},"content":{"rendered":"<p style=\"text-align: justify;\">CHILPANCINGO * 23 e junio de 2023.<br \/>\n<em>) Congreso de Guerrero<\/em><br \/>\nEn su visita a este municipio hist\u00f3rico y puerta de la sierra de Guerrero, la gobernadora <a href=\"https:\/\/www.facebook.com\/EvelynSalgadoP\" target=\"_blank\" rel=\"noopener\">Evelyn Salgado Pineda<\/a> inaugur\u00f3 en Chichihualco obras de infraestructura urbana con una <img loading=\"lazy\" decoding=\"async\" class=\"alignleft size-medium wp-image-1254918\" src=\"https:\/\/www.acapulcopress.com\/wp-content\/uploads\/2023\/06\/ESP.CHILPO15-375x215.jpg\" alt=\"\" width=\"375\" height=\"215\" \/>inversi\u00f3n superior a los 9 millones de pesos beneficiando a m\u00e1s de 13 mil habitantes, cumpliendo con un compromiso m\u00e1s a esta localidad para seguir transformando al estado con justicia y bienestar.<\/p>\n<p style=\"text-align: justify;\">La mandataria estatal inici\u00f3 su gira de trabajo en Chichihualco, al inaugurar la reconstrucci\u00f3n y pavimentaci\u00f3n con concreto hidr\u00e1ulico de la calle del Tlacolol de la colonia Amacoxtli donde vecinos del lugar la recibieron con la tradicional danza del tlacololero, porras y vivas con pancartas de bienvenida.<\/p>\n<p style=\"text-align: justify;\">Acompa\u00f1ada por el senador F\u00e9lix Salgado Macedonio, la gobernadora se traslad\u00f3 a la calle 10 de septiembre donde recibi\u00f3 el cari\u00f1o de la gente al inaugurar la rehabilitaci\u00f3n del <img loading=\"lazy\" decoding=\"async\" class=\"alignleft size-medium wp-image-1254914\" src=\"https:\/\/www.acapulcopress.com\/wp-content\/uploads\/2023\/06\/ESP.CHILPO11-375x250.jpg\" alt=\"\" width=\"375\" height=\"250\" \/>Parque del Tanque, obra que represent\u00f3 una inversi\u00f3n de 2 millones de pesos, logrando recuperar este espacio p\u00fablico para la reconstrucci\u00f3n del tejido social.<\/p>\n<p style=\"text-align: justify;\">En la tierra del \u00abH\u00e9roe del perd\u00f3n\u00bb Nicol\u00e1s Bravo, la gobernadora Evelyn Salgado, tambi\u00e9n inaugur\u00f3 la rehabilitaci\u00f3n de la calle principal de Chichihualco como parte de las obras de infraestructura urbana para este municipio con una inversi\u00f3n de 2.5 millones de pesos, as\u00ed como la remodelaci\u00f3n del Parque El Kiosco, sumando una inversi\u00f3n total de 9 millones de pesos logrando beneficiar a m\u00e1s de 13 mil habitantes.<\/p>\n<p style=\"text-align: justify;\">Con estas obras, dijo Evelyn Salgado, se est\u00e1 cumpliendo con el compromiso hecho con esta tierra llena de historia de este municipio balonero y tierra del Tlacololero.<\/p>\n<p style=\"text-align: justify;\"><img loading=\"lazy\" decoding=\"async\" class=\"alignleft size-medium wp-image-1254904\" src=\"https:\/\/www.acapulcopress.com\/wp-content\/uploads\/2023\/06\/ESP.CHILPO-375x250.jpg\" alt=\"\" width=\"375\" height=\"250\" \/>Con la reconstrucci\u00f3n de la calle El Tlacolol, la remodelaci\u00f3n del Parque del Tanque, la rehabilitaci\u00f3n de la calle Nicol\u00e1s Bravo y la recuperaci\u00f3n del Parque El Kiosco, la gobernadora Evelyn Salgado refrend\u00f3 su compromiso y voluntad pol\u00edtica con este municipio perteneciente a la zona Centro y la regi\u00f3n de La Sierra.<\/p>\n<p style=\"text-align: justify;\">\u00abVamos a redoblar esfuerzos para que este reconocimiento a Chichihualco se traduzca en m\u00e1s obras. La gobernadora tiene mucha voluntad, mucho coraz\u00f3n y mucho cari\u00f1o por Chichihualco y su gente, no tenga no duda, vamos a anunciar m\u00e1s acciones y m\u00e1s obras, vamos a regresar a inaugurar m\u00e1s obras muy cerca de las autoridades municipales\u00bb, afirm\u00f3 la gobernadora Evelyn Salgado.<\/p>\n<p style=\"text-align: justify;\">Por su parte, el alcalde de Leonardo Bravo, Jorge Saul Villa Adame, agradeci\u00f3 el apoyo de <img loading=\"lazy\" decoding=\"async\" class=\"alignleft size-medium wp-image-1254908\" src=\"https:\/\/www.acapulcopress.com\/wp-content\/uploads\/2023\/06\/ESP.CHILPO5-375x240.jpg\" alt=\"\" width=\"375\" height=\"240\" \/>la gobernadora al cumplir sus compromisos con los habitantes de Chichihualco con espacios dignos para reestructurar el tejido social y la uni\u00f3n vecinal, al igual que la secretaria de Desarrollo Urbano, Obras P\u00fablicas y Ordenamiento Territorial, Irene Jim\u00e9nez Montiel, quien se\u00f1al\u00f3 que estas obras transforman el entorno y mejoran la imagen urbana de este municipio emblem\u00e1tico para la historia\u00a0de\u00a0Guerrero.<\/p>\n<p style=\"text-align: justify;\"><em>) S\u00edguenos en nuestra p\u00e1gina Facebook.com\/<a href=\"https:\/\/www.facebook.com\/acapulcopress.news\" target=\"_blank\" rel=\"noopener\">acapulcopress.news<\/a><\/em><\/p>\n","protected":false},"excerpt":{"rendered":"<p>CHILPANCINGO * 23 e junio de 2023. ) Congreso de Guerrero En su visita a este municipio hist\u00f3rico y puerta de la sierra de Guerrero, la gobernadora Evelyn Salgado Pineda inaugur\u00f3 en Chichihualco obras de infraestructura urbana con una inversi\u00f3n superior a los 9 millones de pesos beneficiando a m\u00e1s de 13 mil habitantes, cumpliendo&#8230;<\/p>\n","protected":false},"author":2,"featured_media":1254912,"comment_status":"closed","ping_status":"closed","sticky":false,"template":"","format":"standard","meta":{"footnotes":""},"categories":[1972,1983,18561],"tags":[6370,8251],"class_list":["post-1254903","post","type-post","status-publish","format-standard","has-post-thumbnail","hentry","category-special","category-guerrerogob","category-society-politics","tag-congreso-de-guerrero","tag-evelyn-salgado-pineda"],"_links":{"self":[{"href":"https:\/\/www.acapulcopress.com\/index.php\/wp-json\/wp\/v2\/posts\/1254903","targetHints":{"allow":["GET"]}}],"collection":[{"href":"https:\/\/www.acapulcopress.com\/index.php\/wp-json\/wp\/v2\/posts"}],"about":[{"href":"https:\/\/www.acapulcopress.com\/index.php\/wp-json\/wp\/v2\/types\/post"}],"author":[{"embeddable":true,"href":"https:\/\/www.acapulcopress.com\/index.php\/wp-json\/wp\/v2\/users\/2"}],"replies":[{"embeddable":true,"href":"https:\/\/www.acapulcopress.com\/index.php\/wp-json\/wp\/v2\/comments?post=1254903"}],"version-history":[{"count":0,"href":"https:\/\/www.acapulcopress.com\/index.php\/wp-json\/wp\/v2\/posts\/1254903\/revisions"}],"wp:featuredmedia":[{"embeddable":true,"href":"https:\/\/www.acapulcopress.com\/index.php\/wp-json\/"}],"wp:attachment":[{"href":"https:\/\/www.acapulcopress.com\/index.php\/wp-json\/wp\/v2\/media?parent=1254903"}],"wp:term":[{"taxonomy":"category","embeddable":true,"href":"https:\/\/www.acapulcopress.com\/index.php\/wp-json\/wp\/v2\/categories?post=1254903"},{"taxonomy":"post_tag","embeddable":true,"href":"https:\/\/www.acapulcopress.com\/index.php\/wp-json\/wp\/v2\/tags?post=1254903"}],"curies":[{"name":"wp","href":"https:\/\/api.w.org\/{rel}","templated":true}]}}