{"id":1254921,"date":"2023-06-23T17:49:04","date_gmt":"2023-06-23T23:49:04","guid":{"rendered":"https:\/\/www.acapulcopress.com\/?p=1254921"},"modified":"2023-06-23T17:49:04","modified_gmt":"2023-06-23T23:49:04","slug":"urgen-nacionalizar-ley-3-de-3-para-que-agresores-no-ocupen-cargos-publicos-en-2024","status":"publish","type":"post","link":"https:\/\/www.acapulcopress.com\/index.php\/2023\/06\/23\/urgen-nacionalizar-ley-3-de-3-para-que-agresores-no-ocupen-cargos-publicos-en-2024\/","title":{"rendered":"Urgen nacionalizar Ley 3 de 3 para que agresores no ocupen cargos p\u00fablicos en 2024"},"content":{"rendered":"<p style=\"text-align: justify;\">CCIUDAD DE M\u00c9XICO * 23 e junio de 2023.<br \/>\n<em>) Senado de la Rep\u00fablica<\/em><br \/>\nLa senadora <a href=\"https:\/\/www.facebook.com\/monicaferbal\" target=\"_blank\" rel=\"noopener\">M\u00f3nica Fern\u00e1ndez Balboa<\/a> asegur\u00f3 que es necesario que las reformas a los art\u00edculos 38 y 102 de la Constituci\u00f3n Pol\u00edtica, sobre suspensi\u00f3n de derechos para ocupar cargo, empleo o comisi\u00f3n del servicio p\u00fablico, se homologuen con las leyes de todas las entidades federativas del pa\u00eds, a fin de evitar cualquier tipo de impunidad.<\/p>\n<p style=\"text-align: justify;\">\u201cNo basta con que se hayan aprobado en los congresos estatales, necesitamos su homologaci\u00f3n en todas las leyes\u201d, expres\u00f3 la legisladora durante el foro \u201c3 de 3 contra la violencia, en el marco de la reforma constitucional\u201d, que se llev\u00f3 a cabo en las instalaciones del<a href=\"https:\/\/www.facebook.com\/INEMexico\" target=\"_blank\" rel=\"noopener\"> Instituto Nacional Electoral<\/a> (INE).<\/p>\n<p style=\"text-align: justify;\">La presidenta de la Comisi\u00f3n de Gobernaci\u00f3n dijo que el INE tiene el gran reto de adecuar sus lineamientos a dicha legislaci\u00f3n, para armonizar y conciliar todas las lagunas que pueden darse sobre las reformas.<\/p>\n<p style=\"text-align: justify;\">Se\u00f1al\u00f3 que las modificaciones constitucionales tambi\u00e9n deben incorporarse en los c\u00f3digos de \u00e9tica de la Administraci\u00f3n P\u00fablica Federal, de las administraciones estatales y municipales, y de todas las instancias correspondientes, as\u00ed como de los estatutos de los partidos pol\u00edticos.<\/p>\n<p style=\"text-align: justify;\">Las reformas constitucionales tienen el objetivo de lanzar un mensaje muy claro: \u201ccero tolerancia a la violencia contra las mujeres, las ni\u00f1as y los ni\u00f1os; cero impunidad para aquellas personas que agredan y que dejen de cumplir con sus obligaciones y que pretendan ocupar un cargo, empleo o puesto en el servicio p\u00fablico\u201d, apunt\u00f3.<\/p>\n<p style=\"text-align: justify;\">Se busca, dijo, la protecci\u00f3n de los derechos humanos de las mujeres, de las ni\u00f1as y de los ni\u00f1os, y que las instituciones del Estado mexicano sean las observadoras del cumplimiento de esa protecci\u00f3n, a trav\u00e9s de la suspensi\u00f3n de los derechos de las personas que incumplan su responsabilidad.<\/p>\n<p style=\"text-align: justify;\">\u201cQueremos mejores gobernantes, mujeres y hombres capaces y preparados al frente de los poderes ejecutivos de todos los niveles, as\u00ed como mejores legisladoras y legisladores, funcionarios p\u00fablicos congruentes y con \u00e9tica\u201d, indic\u00f3.<\/p>\n<p style=\"text-align: justify;\">Agreg\u00f3 que, para evitar la impunidad, tambi\u00e9n es fundamental crear el Registro Nacional de Obligaciones Alimentarias; as\u00ed como insistir que los tribunales locales y las entidades procuradoras de justicia apliquen las sentencias.<\/p>\n<p style=\"text-align: justify;\">\u201cNecesitamos que estos tribunales alimenten a este padr\u00f3n que va a construir el Sistema Nacional para el Desarrollo Integral de la Familia (DIF), y tener la informaci\u00f3n de qui\u00e9nes son los que est\u00e1n inscritos o los que no cumplir\u00edan con este requisito para poder ser elegibles\u201d, puntualiz\u00f3.<\/p>\n<p style=\"text-align: justify;\">En su oportunidad, la senadora de Morena, Blanca Estela Pi\u00f1a Gudi\u00f1o, asegur\u00f3 que la reforma \u201c3 de 3\u201d tiene el claro objetivo de romper el pacto patriarcal, pues con su aprobaci\u00f3n se dio un gran paso hacia la construcci\u00f3n de un entramado jur\u00eddico que permite erigir una sociedad m\u00e1s justa, igualitaria y libre de violencia para todas y todos.<\/p>\n<p style=\"text-align: justify;\">\u201cConsideramos que estamos estableciendo l\u00edmites legales para que nunca m\u00e1s un agresor llegue al poder p\u00fablico, anteponiendo la dignidad de la vida, libertad e integridad f\u00edsica, mental, emocional de las personas v\u00edctimas de violencia sobre cualquier otro inter\u00e9s\u201d, manifest\u00f3.<\/p>\n<p style=\"text-align: justify;\">El poder p\u00fablico, consider\u00f3, debe ser un espacio seguro y accesible para las mujeres, por lo que no se debe perder de vista que las decisiones que se toman tienen un impacto directo en la vida de todas las mexicanas, de tal forma que cada persona integrante del servicio p\u00fablico debe de actuar en todos los espacios de su vida de forma \u00edntegra.<\/p>\n<p style=\"text-align: justify;\">Destac\u00f3 que la entrada en vigor de dicho ordenamiento, coincidir\u00e1 con el pr\u00f3ximo proceso electoral de 2024, por lo que es necesario revisar en qu\u00e9 forma se realizar\u00e1n las contrataciones, a qui\u00e9nes se les otorgan las candidaturas y a partir de ello, ver las determinaciones y posturas que toman las personas juzgadoras.<\/p>\n<p style=\"text-align: justify;\"><em>) S\u00edguenos en nuestra p\u00e1gina Facebook.com\/<a href=\"https:\/\/www.facebook.com\/acapulcopress.news\" target=\"_blank\" rel=\"noopener\">acapulcopress.news<\/a><\/em><\/p>\n","protected":false},"excerpt":{"rendered":"<p>CCIUDAD DE M\u00c9XICO * 23 e junio de 2023. ) Senado de la Rep\u00fablica La senadora M\u00f3nica Fern\u00e1ndez Balboa asegur\u00f3 que es necesario que las reformas a los art\u00edculos 38 y 102 de la Constituci\u00f3n Pol\u00edtica, sobre suspensi\u00f3n de derechos para ocupar cargo, empleo o comisi\u00f3n del servicio p\u00fablico, se homologuen con las leyes de&#8230;<\/p>\n","protected":false},"author":2,"featured_media":1254922,"comment_status":"closed","ping_status":"closed","sticky":false,"template":"","format":"standard","meta":{"footnotes":""},"categories":[1972,61,18561],"tags":[10337,11806,13267],"class_list":["post-1254921","post","type-post","status-publish","format-standard","has-post-thumbnail","hentry","category-special","category-legislacion","category-society-politics","tag-instituto-nacional-electoral-ine","tag-ley-3-de-3","tag-monica-fernandez-balboa"],"_links":{"self":[{"href":"https:\/\/www.acapulcopress.com\/index.php\/wp-json\/wp\/v2\/posts\/1254921","targetHints":{"allow":["GET"]}}],"collection":[{"href":"https:\/\/www.acapulcopress.com\/index.php\/wp-json\/wp\/v2\/posts"}],"about":[{"href":"https:\/\/www.acapulcopress.com\/index.php\/wp-json\/wp\/v2\/types\/post"}],"author":[{"embeddable":true,"href":"https:\/\/www.acapulcopress.com\/index.php\/wp-json\/wp\/v2\/users\/2"}],"replies":[{"embeddable":true,"href":"https:\/\/www.acapulcopress.com\/index.php\/wp-json\/wp\/v2\/comments?post=1254921"}],"version-history":[{"count":0,"href":"https:\/\/www.acapulcopress.com\/index.php\/wp-json\/wp\/v2\/posts\/1254921\/revisions"}],"wp:featuredmedia":[{"embeddable":true,"href":"https:\/\/www.acapulcopress.com\/index.php\/wp-json\/"}],"wp:attachment":[{"href":"https:\/\/www.acapulcopress.com\/index.php\/wp-json\/wp\/v2\/media?parent=1254921"}],"wp:term":[{"taxonomy":"category","embeddable":true,"href":"https:\/\/www.acapulcopress.com\/index.php\/wp-json\/wp\/v2\/categories?post=1254921"},{"taxonomy":"post_tag","embeddable":true,"href":"https:\/\/www.acapulcopress.com\/index.php\/wp-json\/wp\/v2\/tags?post=1254921"}],"curies":[{"name":"wp","href":"https:\/\/api.w.org\/{rel}","templated":true}]}}