{"id":1254967,"date":"2023-06-26T18:08:56","date_gmt":"2023-06-27T00:08:56","guid":{"rendered":"https:\/\/www.acapulcopress.com\/?p=1254967"},"modified":"2023-06-26T18:08:56","modified_gmt":"2023-06-27T00:08:56","slug":"convoca-evelyn-salgado-a-seguir-consolidando-transformacion-por-los-derechos-la-justicia-y-la-paz","status":"publish","type":"post","link":"https:\/\/www.acapulcopress.com\/index.php\/2023\/06\/26\/convoca-evelyn-salgado-a-seguir-consolidando-transformacion-por-los-derechos-la-justicia-y-la-paz\/","title":{"rendered":"Convoca Evelyn Salgado a seguir consolidando transformaci\u00f3n por los derechos, la justicia y la paz"},"content":{"rendered":"<p style=\"text-align: justify;\">CHILPANCINGO * 26 de junio de 2023.<br \/>\n<em>) Gobierno de Guerrero<\/em><br \/>\nAl asistir a la ceremonia conmemorativa por el 172 Aniversario del Nacimiento <img loading=\"lazy\" decoding=\"async\" class=\"alignleft size-medium wp-image-1254976\" src=\"https:\/\/www.acapulcopress.com\/wp-content\/uploads\/2023\/06\/esp.Poder-Judicial9-375x250.jpg\" alt=\"\" width=\"375\" height=\"250\" \/>Constitucional del Poder Judicial, la gobernadora <a href=\"https:\/\/www.facebook.com\/EvelynSalgadoP\" target=\"_blank\" rel=\"noopener\">Evelyn Salgado Pineda<\/a> convoc\u00f3 a seguir consolidando la transformaci\u00f3n para que los derechos sean universales sin distinci\u00f3n ni diferencia entre mujeres y hombres, seguir construyendo la paz con seguridad para todos y consolidar el Estado de Derecho para fortalecer el bienestar y desarrollo en todas las regiones.<\/p>\n<p style=\"text-align: justify;\">La titular del Poder Ejecutivo, destac\u00f3 el esfuerzo en el combate frontal contra la impunidad y la corrupci\u00f3n que se realiza entre los tres poderes del estado bajo una ruta de trabajo de coordinaci\u00f3n respetando la autonom\u00eda institucional de los poderes Judicial y Legislativo en la construcci\u00f3n de un estado m\u00e1s pr\u00f3spero.<\/p>\n<p style=\"text-align: justify;\">Desde tribuna ante magistrados y jueces, la gobernadora refrend\u00f3 su compromiso, su <img loading=\"lazy\" decoding=\"async\" class=\"alignleft size-medium wp-image-1254972\" src=\"https:\/\/www.acapulcopress.com\/wp-content\/uploads\/2023\/06\/esp.Poder-Judicial5-375x259.jpg\" alt=\"\" width=\"375\" height=\"259\" \/>respaldo y apoyo absoluto al Poder Judicial en la tarea fundamental de garantizar la justicia velando por el inter\u00e9s del pueblo, por la legalidad y legitimidad de las instituciones, para hacer pr\u00e1ctica la M\u00e1xima de que en Guerrero por encima de la Ley nadie, al margen de la Ley nada.<\/p>\n<p style=\"text-align: justify;\">En sesi\u00f3n p\u00fablica y solemne del Tribunal Superior de Justicia, la gobernadora Evelyn Salgado recibi\u00f3 del titular del Tribunal Superior de Justicia, Raymundo Casarrubias V\u00e1zquez, un reconocimiento por su compromiso, solidaridad y respaldo institucional al Poder Judicial en el fortalecimiento de la impartici\u00f3n de justicia en Guerrero.<\/p>\n<p style=\"text-align: justify;\">En el evento, la gobernadora; el presidente del Tribunal Superior de Justicia y del Consejo de la Judicatura del Poder Judicial, Raymundo Casarrubias V\u00e1zquez, entregaron <img loading=\"lazy\" decoding=\"async\" class=\"alignleft size-medium wp-image-1254975\" src=\"https:\/\/www.acapulcopress.com\/wp-content\/uploads\/2023\/06\/esp.Poder-Judicial8-375x250.jpg\" alt=\"\" width=\"375\" height=\"250\" \/>reconocimientos y condecoraciones al M\u00e9rito Judicial a magistrados y jueces en funciones, en retiro, post mortem y personal jurisdiccional de este \u00f3rgano aut\u00f3nomo.<\/p>\n<p style=\"text-align: justify;\">En su mensaje, el magistrado presidente Raymundo Casarrubias, destac\u00f3 los avances que se han obtenido en el Poder Judicial de la mano de la gobernadora Evelyn Salgado, en diversos rubros e infraestructura para la modernizaci\u00f3n a fin de mejorar la calidad de la justicia en Guerrero.<\/p>\n<p style=\"text-align: justify;\">\u00abHay que se\u00f1alar que nada de lo rese\u00f1ado se hubiera logrado sin el valioso apoyo de la titular del Ejecutivo. Por ello, aprovecho para agradecer a la maestra Evelyn Salgado Pineda su invaluable e incondicional apoyo; gracias a su respaldo se ha podido avanzar en la <img loading=\"lazy\" decoding=\"async\" class=\"alignleft size-medium wp-image-1254968\" src=\"https:\/\/www.acapulcopress.com\/wp-content\/uploads\/2023\/06\/esp.Poder-Judicial-375x250.jpg\" alt=\"\" width=\"375\" height=\"250\" \/>modernizaci\u00f3n del Poder Judicial. Muchas gracias estimada gobernadora\u00bb, expres\u00f3 Casarrubias V\u00e1zquez.<\/p>\n<p style=\"text-align: justify;\">En este acto solemne se present\u00f3 una semblanza hist\u00f3rica del Poder Judicial en su conformaci\u00f3n y nacimiento constitucional como uno de los tres poderes del estado y su modernizaci\u00f3n a los tiempos actuales en la impartici\u00f3n de Justicia. Asistieron las diputadas representantes del Poder Legislativo, Yanelly Hern\u00e1ndez Mart\u00ednez y Yoloczin Dom\u00ednguez Serna; as\u00ed como el secretario general de Gobierno, Ludwig Marcial Reynoso N\u00fa\u00f1ez,\u00a0entre\u00a0otros.<\/p>\n<p><img loading=\"lazy\" decoding=\"async\" class=\"alignnone wp-image-1254974 size-large\" src=\"https:\/\/www.acapulcopress.com\/wp-content\/uploads\/2023\/06\/esp.Poder-Judicial7-840x560.jpg\" alt=\"\" width=\"696\" height=\"464\" \/><\/p>\n<p style=\"text-align: justify;\"><em>) S\u00edguenos en nuestra p\u00e1gina Facebook.com\/<a href=\"https:\/\/www.facebook.com\/acapulcopress.news\" target=\"_blank\" rel=\"noopener\">acapulcopress.news<\/a><\/em><\/p>\n","protected":false},"excerpt":{"rendered":"<p>CHILPANCINGO * 26 de junio de 2023. ) Gobierno de Guerrero Al asistir a la ceremonia conmemorativa por el 172 Aniversario del Nacimiento Constitucional del Poder Judicial, la gobernadora Evelyn Salgado Pineda convoc\u00f3 a seguir consolidando la transformaci\u00f3n para que los derechos sean universales sin distinci\u00f3n ni diferencia entre mujeres y hombres, seguir construyendo la&#8230;<\/p>\n","protected":false},"author":2,"featured_media":1254970,"comment_status":"closed","ping_status":"closed","sticky":false,"template":"","format":"standard","meta":{"footnotes":""},"categories":[1983,18561],"tags":[2956,8251],"class_list":["post-1254967","post","type-post","status-publish","format-standard","has-post-thumbnail","hentry","category-guerrerogob","category-society-politics","tag-172-aniversario-del-nacimiento-constitucional-del-poder-judicial","tag-evelyn-salgado-pineda"],"_links":{"self":[{"href":"https:\/\/www.acapulcopress.com\/index.php\/wp-json\/wp\/v2\/posts\/1254967","targetHints":{"allow":["GET"]}}],"collection":[{"href":"https:\/\/www.acapulcopress.com\/index.php\/wp-json\/wp\/v2\/posts"}],"about":[{"href":"https:\/\/www.acapulcopress.com\/index.php\/wp-json\/wp\/v2\/types\/post"}],"author":[{"embeddable":true,"href":"https:\/\/www.acapulcopress.com\/index.php\/wp-json\/wp\/v2\/users\/2"}],"replies":[{"embeddable":true,"href":"https:\/\/www.acapulcopress.com\/index.php\/wp-json\/wp\/v2\/comments?post=1254967"}],"version-history":[{"count":0,"href":"https:\/\/www.acapulcopress.com\/index.php\/wp-json\/wp\/v2\/posts\/1254967\/revisions"}],"wp:featuredmedia":[{"embeddable":true,"href":"https:\/\/www.acapulcopress.com\/index.php\/wp-json\/"}],"wp:attachment":[{"href":"https:\/\/www.acapulcopress.com\/index.php\/wp-json\/wp\/v2\/media?parent=1254967"}],"wp:term":[{"taxonomy":"category","embeddable":true,"href":"https:\/\/www.acapulcopress.com\/index.php\/wp-json\/wp\/v2\/categories?post=1254967"},{"taxonomy":"post_tag","embeddable":true,"href":"https:\/\/www.acapulcopress.com\/index.php\/wp-json\/wp\/v2\/tags?post=1254967"}],"curies":[{"name":"wp","href":"https:\/\/api.w.org\/{rel}","templated":true}]}}