{"id":1254988,"date":"2023-06-26T19:03:27","date_gmt":"2023-06-27T01:03:27","guid":{"rendered":"https:\/\/www.acapulcopress.com\/?p=1254988"},"modified":"2023-06-26T19:03:27","modified_gmt":"2023-06-27T01:03:27","slug":"vinculan-a-proceso-a-militares-por-ayotzinapa","status":"publish","type":"post","link":"https:\/\/www.acapulcopress.com\/index.php\/2023\/06\/26\/vinculan-a-proceso-a-militares-por-ayotzinapa\/","title":{"rendered":"Vinculan a proceso a militares por #Ayotzinapa"},"content":{"rendered":"<p style=\"text-align: justify;\">CHILPANCINGO * 26 de junio de 2023.<br \/>\n) AP<\/p>\n<p style=\"text-align: justify;\">El subsecretario de Derechos Humanos y Migraci\u00f3n de la Secretar\u00eda de Gobernaci\u00f3n (Segob), Alejandro Encinas, inform\u00f3 este lunes que se vincul\u00f3 de proceso a los ocho militares detenidos por la desaparici\u00f3n de los 43 estudiantes de la normal rural de Ayotzinapa.<\/p>\n<p style=\"text-align: justify;\">En sus redes sociales, el funcionario explic\u00f3 que fue el Juzgado Segundo de Procesos Penales Federales en Toluca el que decret\u00f3 el auto de formal prisi\u00f3n, sin embargo, esta figura cambi\u00f3 y ahora se llama auto de vinculaci\u00f3n a proceso.<\/p>\n<p style=\"text-align: justify;\">Un mando del Ej\u00e9rcito inform\u00f3 el pasado jueves a The Associated Press sobre la detenci\u00f3n de ocho militares vinculados a la desaparici\u00f3n de los 43 estudiantes de Ayotzinapa, ocurrida en 2014.<\/p>\n<p style=\"text-align: justify;\">Los ocho elementos se encontraban en una prisi\u00f3n militar en donde esperaban a que una jueza determinara si se abr\u00eda un proceso penal.<\/p>\n<p style=\"text-align: justify;\">Seg\u00fan indic\u00f3 el militar, que pidi\u00f3 el anonimato por no estar autorizado a hacer declaraciones p\u00fablicas, los ocho uniformados presuntamente involucrados en el caso Ayotzinapa siguen en activo y fueron detenidos este mi\u00e9rcoles a solicitud de la Fiscal\u00eda General de la Rep\u00fablica (FGR).<\/p>\n<p style=\"text-align: justify;\">En septiembre del a\u00f1o pasado, la FGR emiti\u00f3 \u00f3rdenes de captura contra 16 militares y poco despu\u00e9s las retir\u00f3 sin dar ninguna explicaci\u00f3n.<\/p>\n<p style=\"text-align: justify;\">Tras las \u00f3rdenes de prisi\u00f3n, se report\u00f3 la renuncia del fiscal que llevaba el caso y fuertes condenas, tanto de los expertos internacionales que acompa\u00f1an las investigaciones como del Centro Prodh \u2014abogados de las v\u00edctimas\u2014, que consider\u00f3 que era una decisi\u00f3n arbitraria debida a una intromisi\u00f3n ilegal en las investigaciones.<\/p>\n<p style=\"text-align: justify;\">Ahora, esas \u00f3rdenes de captura fueron reactivadas, pero s\u00f3lo se ha detenido a ocho miembros del Ej\u00e9rcito, acusados por la fiscal\u00eda de desaparici\u00f3n forzada, indic\u00f3 el director del Centro Prodh, Santiago Aguirre.<\/p>\n<p style=\"text-align: justify;\"><em>) S\u00edguenos en nuestra p\u00e1gina Facebook.com\/<a href=\"https:\/\/www.facebook.com\/acapulcopress.news\" target=\"_blank\" rel=\"noopener\">acapulcopress.news<\/a><\/em><\/p>\n","protected":false},"excerpt":{"rendered":"<p>CHILPANCINGO * 26 de junio de 2023. ) AP El subsecretario de Derechos Humanos y Migraci\u00f3n de la Secretar\u00eda de Gobernaci\u00f3n (Segob), Alejandro Encinas, inform\u00f3 este lunes que se vincul\u00f3 de proceso a los ocho militares detenidos por la desaparici\u00f3n de los 43 estudiantes de la normal rural de Ayotzinapa. En sus redes sociales, el&#8230;<\/p>\n","protected":false},"author":2,"featured_media":1254989,"comment_status":"closed","ping_status":"closed","sticky":false,"template":"","format":"standard","meta":{"footnotes":""},"categories":[1997],"tags":[5368,16351],"class_list":["post-1254988","post","type-post","status-publish","format-standard","has-post-thumbnail","hentry","category-noticias-destacadas","tag-caso-ayotzinapa","tag-sedena"],"_links":{"self":[{"href":"https:\/\/www.acapulcopress.com\/index.php\/wp-json\/wp\/v2\/posts\/1254988","targetHints":{"allow":["GET"]}}],"collection":[{"href":"https:\/\/www.acapulcopress.com\/index.php\/wp-json\/wp\/v2\/posts"}],"about":[{"href":"https:\/\/www.acapulcopress.com\/index.php\/wp-json\/wp\/v2\/types\/post"}],"author":[{"embeddable":true,"href":"https:\/\/www.acapulcopress.com\/index.php\/wp-json\/wp\/v2\/users\/2"}],"replies":[{"embeddable":true,"href":"https:\/\/www.acapulcopress.com\/index.php\/wp-json\/wp\/v2\/comments?post=1254988"}],"version-history":[{"count":0,"href":"https:\/\/www.acapulcopress.com\/index.php\/wp-json\/wp\/v2\/posts\/1254988\/revisions"}],"wp:featuredmedia":[{"embeddable":true,"href":"https:\/\/www.acapulcopress.com\/index.php\/wp-json\/"}],"wp:attachment":[{"href":"https:\/\/www.acapulcopress.com\/index.php\/wp-json\/wp\/v2\/media?parent=1254988"}],"wp:term":[{"taxonomy":"category","embeddable":true,"href":"https:\/\/www.acapulcopress.com\/index.php\/wp-json\/wp\/v2\/categories?post=1254988"},{"taxonomy":"post_tag","embeddable":true,"href":"https:\/\/www.acapulcopress.com\/index.php\/wp-json\/wp\/v2\/tags?post=1254988"}],"curies":[{"name":"wp","href":"https:\/\/api.w.org\/{rel}","templated":true}]}}