{"id":1254992,"date":"2023-06-27T17:52:10","date_gmt":"2023-06-27T23:52:10","guid":{"rendered":"https:\/\/www.acapulcopress.com\/?p=1254992"},"modified":"2023-06-27T17:52:10","modified_gmt":"2023-06-27T23:52:10","slug":"la-crisis-del-agua-asfixia-a-guerrero","status":"publish","type":"post","link":"https:\/\/www.acapulcopress.com\/index.php\/2023\/06\/27\/la-crisis-del-agua-asfixia-a-guerrero\/","title":{"rendered":"La crisis del agua asfixia a Guerrero"},"content":{"rendered":"<p style=\"text-align: justify;\">Marem\u00e1gnum<br \/>\n\u00bb <strong>RICARDO<\/strong> | <strong>CASTILLO BARRIENTOS<\/strong><br \/>\n<em>) Facebook: @<a href=\"https:\/\/www.facebook.com\/ricardocastill01\" target=\"_blank\" rel=\"noopener\">Ricardo Castillo Barrientos<\/a><\/em><\/p>\n<p style=\"text-align: justify;\">El periodo de estiaje y la deficiente operaci\u00f3n de los sistemas de agua potable han generado un malestar generalizado en las principales ciudades de la entidad, por la alarmante escasez del vital l\u00edquido en la gran mayor\u00eda de los hogares guerrerenses establecidos en zonas urbanas.<\/p>\n<p style=\"text-align: justify;\">Infinidad de protestas se registran todos los d\u00edas en los cuatro puntos cardinales, sin respuestas favorables a la demanda de abastecimiento de agua potable, para satisfacer las necesidades primarias que requieren todos los hogares; en ocasiones, les suministran pipas con agua como paliativo al grave problema.<\/p>\n<p style=\"text-align: justify;\">La crisis del agua, se viene a sumar a las crisis de inseguridad y a la inestabilidad educativa, que trastocan la vida comunitaria, haciendo imposible se pueda convivir en una sociedad arm\u00f3nica, a la que aspiran todos sus habitantes.<\/p>\n<p style=\"text-align: justify;\">Avenidas, calles, carreteras federales y hasta la Autopista del Sol, con demasiada frecuencia son bloqueadas por los afectados, siendo intransitables esas v\u00edas porque impiden el libre tr\u00e1nsito que consagra la Constituci\u00f3n del pa\u00eds; como consecuencia a la falta de soluciones o respuestas de las autoridades supuestamente competentes.<\/p>\n<p style=\"text-align: justify;\">En las zonas suburbanas y rurales tambi\u00e9n se sufre por la carencia del vital l\u00edquido y de las lluvias, en los sectores de la agricultura y la ganader\u00eda, en esta \u00faltima actividad econ\u00f3mica, est\u00e1 causando considerables estragos con la perdida de innumerables cabezas de ganado, por no tener la pastura adecuada y ni agua para beber.<\/p>\n<p style=\"text-align: justify;\">Las autoridades involucradas en dar atenci\u00f3n y soluci\u00f3n al grave problema, como Conagua, Capaseg, Capama, Capach y otras, han sido rebasadas y se muestran inermes o incapaces de afrontar esta an\u00f3mala situaci\u00f3n.<\/p>\n<p style=\"text-align: justify;\">Se deben encontrar alternativas viables que vengan a remediar la falta del suministro de agua potable a la poblaci\u00f3n, informando e involucrando a la ciudadan\u00eda sobre las medidas que se deben de asumir, a fin de encontrar soluciones definitivas que resuelvan o disminuyan considerablemente esta crisis, cada vez en ascenso con el paso de los a\u00f1os.<\/p>\n<p style=\"text-align: justify;\">En las actuales condiciones, el futuro que nos depara es altamente incierto y riesgoso que podr\u00eda colapsar las relaciones sociedad-gobierno. En efecto, se trata de un grave problema para la humanidad y no debemos soslayarlo y quedarnos a la expectativa, sino asumir la responsabilidad que nos corresponde como sociedad y gobierno, con una gran visi\u00f3n, a corto, mediano y largo plazos.<\/p>\n<p style=\"text-align: justify;\"><strong>Marea Baja.-<\/strong> El dirigente social <a href=\"https:\/\/www.facebook.com\/cortazarserna\" target=\"_blank\" rel=\"noopener\"><strong>Rafael Cortazar Serna<\/strong><\/a>, en tono de preocupaci\u00f3n considera que para el saneamiento del rio de La Sabana y la laguna de 3 Palos, se necesita una <img loading=\"lazy\" decoding=\"async\" class=\"alignleft size-medium wp-image-1254994\" src=\"https:\/\/www.acapulcopress.com\/wp-content\/uploads\/2023\/06\/Rafael-Cortazar-Serna-375x500.jpg\" alt=\"\" width=\"375\" height=\"500\" \/>cirug\u00eda mayor. Explica que existen dos plantas tratadoras de aguas negras en Ciudad Renacimiento y en el Km. 30, que funcionan al 10% y que en caso que funcionar\u00e1n al 100%, se requerir\u00edan dos o tres plantas en diferentes puntos de la cuenca del r\u00edo hasta su desembocadura.<\/p>\n<p style=\"text-align: justify;\">El ambientalista Cortazar agrega que el sistema sanitario de La Cima hacia abajo, est\u00e1 dise\u00f1ado para ser descargado en el r\u00edo de La Sabana, el cual en un tiempo alimentaba de agua limpia a la laguna de 3 Palos y que ahora sucede todo lo contrario porque le descarga aguas negras, contaminando las especies marinas que consumimos con graves riesgos a la salud.<br \/>\n<strong>Marea Alta.-<\/strong> El caso de la construcci\u00f3n del nuevo Hospital de Especialidades del ISSSTE, ha despertado el inter\u00e9s y preocupaci\u00f3n de diferentes sectores del puerto, en particular del sector tur\u00edstico, que han manifestado su abierta oposici\u00f3n a la concreci\u00f3n del proyecto, pues consideran que representar\u00eda un da\u00f1o irreversible al sector de servicios m\u00e1s productivo de la econom\u00eda local.<\/p>\n<p style=\"text-align: justify;\">Tambi\u00e9n se han escuchado voces discordantes de reconocidos especialistas de la arquitectura del pa\u00eds, contra el proyecto autorizado por el presidente L\u00f3pez Obrador, que consideran que se deben mantener y preservar las instalaciones del conjunto arquitect\u00f3nico porque ya forman parte del patrimonio est\u00e9tico, tur\u00edstico y cultural de la ciudad.<\/p>\n<p style=\"text-align: justify;\">As\u00ed mismo, se ha lanzado una petici\u00f3n a trav\u00e9s de la plataforma \u201c<a href=\"https:\/\/www.change.org\/\" target=\"_blank\" rel=\"noopener\">Change.org<\/a>\u201d, a fin de recabar 5 mil firmas, en contra de la construcci\u00f3n del hospital del ISSSTE, en los terrenos del Centro de Convenciones de Acapulco, considerando que vendr\u00e1 afectar a\u00fan m\u00e1s la imagen de nuestro puerto que tiene una orientaci\u00f3n tur\u00edstica.<\/p>\n<p style=\"text-align: justify;\"><strong>Maremoto.-<\/strong> Por fin los partidos opositores y organizaciones de la Sociedad Civil se pusieron de acuerdo y dieron luz verde a la selecci\u00f3n del candidato presidencial que habr\u00e1 de representar al \u201cFrente Amplio por M\u00e9xico\u201d.<\/p>\n<p style=\"text-align: justify;\">Hasta el momento est\u00e1n interesados en participar 15 aspirantes, 6 del PAN, 6 del PRI, 2 del PRD y 1 Independiente (Gustavo de Hoyos), que se medir\u00e1n en elecciones, encuestas y debates, a partir del 4 de julio que comenzar\u00e1n los registros para \u201cResponsable del Frente Amplio por M\u00e9xico\u201d, que igual que Morena, camuflajean sobre quienes ser\u00e1n los candidatos presidenciales.<\/p>\n<p style=\"text-align: justify;\">El m\u00e9todo aprobado por los partidos opositores tienen similitud con el de Morena, en lo que respecta a las encuestas, m\u00e1s no en la elecci\u00f3n interna que se llevar\u00e1 a cabo con el padr\u00f3n de los 150 mil personas registradas por cada uno de los aspirantes, un poco m\u00e1s de un mill\u00f3n y medio de votantes, quedando 3 finalistas.<\/p>\n<p style=\"text-align: justify;\">El 3 de septiembre se conocer\u00e1 el triunfador en la contienda interna del \u201cFrente Amplio por M\u00e9xico\u201d y el d\u00eda 6, quien resulte candidato de Morena, cuyos resultados ser\u00e1n inapelables.<\/p>\n<p style=\"text-align: justify;\"><em>) S\u00edguenos en nuestra p\u00e1gina Facebook.com\/<a href=\"https:\/\/www.facebook.com\/acapulcopress.news\" target=\"_blank\" rel=\"noopener\">acapulcopress.news<\/a><\/em><\/p>\n","protected":false},"excerpt":{"rendered":"<p>Marem\u00e1gnum \u00bb RICARDO | CASTILLO BARRIENTOS ) Facebook: @Ricardo Castillo Barrientos El periodo de estiaje y la deficiente operaci\u00f3n de los sistemas de agua potable han generado un malestar generalizado en las principales ciudades de la entidad, por la alarmante escasez del vital l\u00edquido en la gran mayor\u00eda de los hogares guerrerenses establecidos en zonas&#8230;<\/p>\n","protected":false},"author":2,"featured_media":1254993,"comment_status":"closed","ping_status":"closed","sticky":false,"template":"","format":"standard","meta":{"footnotes":""},"categories":[1972,2071,1991],"tags":[12503,15217,15575],"class_list":["post-1254992","post","type-post","status-publish","format-standard","has-post-thumbnail","hentry","category-special","category-opinion-analisis-columnas","category-libertad-de-expresion","tag-maremagnum","tag-rafael-cortazar-serna","tag-ricardo-castillo-barrientos"],"_links":{"self":[{"href":"https:\/\/www.acapulcopress.com\/index.php\/wp-json\/wp\/v2\/posts\/1254992","targetHints":{"allow":["GET"]}}],"collection":[{"href":"https:\/\/www.acapulcopress.com\/index.php\/wp-json\/wp\/v2\/posts"}],"about":[{"href":"https:\/\/www.acapulcopress.com\/index.php\/wp-json\/wp\/v2\/types\/post"}],"author":[{"embeddable":true,"href":"https:\/\/www.acapulcopress.com\/index.php\/wp-json\/wp\/v2\/users\/2"}],"replies":[{"embeddable":true,"href":"https:\/\/www.acapulcopress.com\/index.php\/wp-json\/wp\/v2\/comments?post=1254992"}],"version-history":[{"count":0,"href":"https:\/\/www.acapulcopress.com\/index.php\/wp-json\/wp\/v2\/posts\/1254992\/revisions"}],"wp:featuredmedia":[{"embeddable":true,"href":"https:\/\/www.acapulcopress.com\/index.php\/wp-json\/"}],"wp:attachment":[{"href":"https:\/\/www.acapulcopress.com\/index.php\/wp-json\/wp\/v2\/media?parent=1254992"}],"wp:term":[{"taxonomy":"category","embeddable":true,"href":"https:\/\/www.acapulcopress.com\/index.php\/wp-json\/wp\/v2\/categories?post=1254992"},{"taxonomy":"post_tag","embeddable":true,"href":"https:\/\/www.acapulcopress.com\/index.php\/wp-json\/wp\/v2\/tags?post=1254992"}],"curies":[{"name":"wp","href":"https:\/\/api.w.org\/{rel}","templated":true}]}}